{"id":51841,"date":"2021-07-07T12:53:47","date_gmt":"2021-07-07T17:53:47","guid":{"rendered":"http:\/\/www.turistamagazine.com\/v2\/?p=51841"},"modified":"2021-07-09T07:33:10","modified_gmt":"2021-07-09T12:33:10","slug":"carolina-vigil-es-la-nueva-gerente-comercial-en-peru-viva","status":"publish","type":"post","link":"https:\/\/www.turistamagazine.com\/v2\/?p=51841","title":{"rendered":"CAROLINA VIGIL ES LA NUEVA GERENTE COMERCIAL EN PER\u00da VIVA"},"content":{"rendered":"<p style=\"text-align: center;\"><strong><em><span style=\"color: #800080;\">Viva, la aerol\u00ednea de Bajo Costo l\u00edder en la regi\u00f3n da la bienvenida a su nueva Gerente Comercial en Per\u00fa como parte de su estrategia para continuar con los planes de expansi\u00f3n en Latinoam\u00e9rica.<\/span><\/em><\/strong><\/p>\n<p style=\"text-align: center;\"><strong><em><span style=\"color: #800080;\">La compa\u00f1\u00eda extiende un afectuoso agradecimiento a Stephen Rapp, CEO de Viva en Per\u00fa, y a Francesca Luna, anterior Gerente Comercial, quienes a partir de la fecha dejan de formar parte de este equipo para tomar otros rumbos.<\/span><\/em><\/strong><\/p>\n<p style=\"text-align: justify;\"><span style=\"color: #333399;\"><em><strong>07\/07\/2021\/ Lima.- Viva, la aerol\u00ednea de Bajo Costo l\u00edder en la regi\u00f3n da la bienvenida a su nueva Gerente Comercial en Per\u00fa como parte de su estrategia para continuar con los planes de expansi\u00f3n en Latinoam\u00e9rica.<\/strong><\/em><\/span><\/p>\n<p style=\"text-align: justify;\"><span style=\"color: #800080;\"><em><strong>En respuesta a su estrategia de expansi\u00f3n y crecimiento internacional, y adapt\u00e1ndose a los cambios a los que ha enfrentado el sector aerocomercial, Viva, el Grupo l\u00edder de aerol\u00edneas de Bajo Costo de la regi\u00f3n, anuncia a Carolina Vigil como su nueva Gerente Comercial para el mercado peruano, quien ocupa dicho cargo a partir de la fecha. Carolina se incorpora a Viva en un momento clave para la aerol\u00ednea, pues \u00e9sta se encuentra en pleno proceso de despliegue a nivel regional, con una nueva imagen, nuevos aviones y m\u00e1s rutas internacionales, que le brinda mayor conectividad a miles de peruanos.<\/strong><\/em><\/span><\/p>\n<p><a href=\"https:\/\/www.turistamagazine.com\/v2\/wp-content\/uploads\/2021\/05\/3.jpg\"><img decoding=\"async\" class=\"wp-image-51065 aligncenter\" src=\"https:\/\/www.turistamagazine.com\/v2\/wp-content\/uploads\/2021\/05\/3.jpg\" alt=\"\" width=\"630\" height=\"370\" srcset=\"https:\/\/www.turistamagazine.com\/v2\/wp-content\/uploads\/2021\/05\/3.jpg 800w, https:\/\/www.turistamagazine.com\/v2\/wp-content\/uploads\/2021\/05\/3-300x176.jpg 300w, https:\/\/www.turistamagazine.com\/v2\/wp-content\/uploads\/2021\/05\/3-768x451.jpg 768w, https:\/\/www.turistamagazine.com\/v2\/wp-content\/uploads\/2021\/05\/3-715x420.jpg 715w, https:\/\/www.turistamagazine.com\/v2\/wp-content\/uploads\/2021\/05\/3-610x358.jpg 610w\" sizes=\"(max-width: 630px) 100vw, 630px\" \/><\/a><\/p>\n<p style=\"text-align: justify;\"><span style=\"color: #333399;\"><em><strong>Carolina es administradora, graduada de la Universidad del Pac\u00edfico y cuenta con amplia experiencia en el rubro aerocomercial. Anteriormente se desempe\u00f1\u00f3 en varios cargos como Analista de Negocios, Coordinadora Regional de Mercadeo y Jefe de Marketing para diferentes mercados de Per\u00fa, Ecuador, Panam\u00e1 y Brasil, en otras aerol\u00edneas del sector.<\/strong><\/em><\/span><\/p>\n<p style=\"text-align: justify;\"><span style=\"color: #800080;\"><em><strong>Es as\u00ed como, la familia de Viva le da la bienvenida a su nueva integrante que sumar\u00e1 con creces al crecimiento del Grupo en el Per\u00fa. y, por otro lado, le extiende un fuerte abrazo de agradecimiento<\/strong><\/em><\/span><\/p>\n<p style=\"text-align: justify;\"><span style=\"color: #333399;\"><em><strong>Asimismo, \u00a0tanto a Stephen Rapp como a Francesca Luna, quienes a partir de la fecha dejan de ocupar los cargos de CEO de Viva Per\u00fa y Gerente Comercial del mismo mercado. Viva les agradece por su gran profesionalismo, capacidad de relacionamiento y calidad humana durante el valioso tiempo que fueron parte de este equipo y les desea un mayor crecimiento laboral y personal en los nuevos retos que asuman.<\/strong><\/em><\/span><\/p>\n","protected":false},"excerpt":{"rendered":"<p>Viva, la aerol\u00ednea de Bajo Costo l\u00edder en la regi\u00f3n da la bienvenida a su nueva Gerente Comercial en Per\u00fa como parte de su estrategia para continuar con los planes de expansi\u00f3n en Latinoam\u00e9rica. La compa\u00f1\u00eda extiende un afectuoso agradecimiento a Stephen Rapp, CEO de Viva en Per\u00fa, y a Francesca Luna, anterior Gerente Comercial, quienes a partir de la fecha dejan de formar parte de este equipo para tomar otros rumbos. 07\/07\/2021\/ Lima.- Viva, la aerol\u00ednea de Bajo Costo l\u00edder en la regi\u00f3n da la bienvenida a su nueva Gerente Comercial en Per\u00fa como parte de su estrategia para&#8230;<\/p>\n","protected":false},"author":1,"featured_media":51842,"comment_status":"open","ping_status":"open","sticky":false,"template":"","format":"standard","meta":{"footnotes":""},"categories":[4,82],"tags":[11183,10635,10219,11064],"class_list":["post-51841","post","type-post","status-publish","format-standard","has-post-thumbnail","hentry","category-breaking-news","category-nacionales","tag-carolinavigil","tag-elenahonoresdirectora","tag-semanarioturistamagazine","tag-viva"],"_links":{"self":[{"href":"https:\/\/www.turistamagazine.com\/v2\/index.php?rest_route=\/wp\/v2\/posts\/51841","targetHints":{"allow":["GET"]}}],"collection":[{"href":"https:\/\/www.turistamagazine.com\/v2\/index.php?rest_route=\/wp\/v2\/posts"}],"about":[{"href":"https:\/\/www.turistamagazine.com\/v2\/index.php?rest_route=\/wp\/v2\/types\/post"}],"author":[{"embeddable":true,"href":"https:\/\/www.turistamagazine.com\/v2\/index.php?rest_route=\/wp\/v2\/users\/1"}],"replies":[{"embeddable":true,"href":"https:\/\/www.turistamagazine.com\/v2\/index.php?rest_route=%2Fwp%2Fv2%2Fcomments&post=51841"}],"version-history":[{"count":2,"href":"https:\/\/www.turistamagazine.com\/v2\/index.php?rest_route=\/wp\/v2\/posts\/51841\/revisions"}],"predecessor-version":[{"id":51897,"href":"https:\/\/www.turistamagazine.com\/v2\/index.php?rest_route=\/wp\/v2\/posts\/51841\/revisions\/51897"}],"wp:featuredmedia":[{"embeddable":true,"href":"https:\/\/www.turistamagazine.com\/v2\/index.php?rest_route=\/wp\/v2\/media\/51842"}],"wp:attachment":[{"href":"https:\/\/www.turistamagazine.com\/v2\/index.php?rest_route=%2Fwp%2Fv2%2Fmedia&parent=51841"}],"wp:term":[{"taxonomy":"category","embeddable":true,"href":"https:\/\/www.turistamagazine.com\/v2\/index.php?rest_route=%2Fwp%2Fv2%2Fcategories&post=51841"},{"taxonomy":"post_tag","embeddable":true,"href":"https:\/\/www.turistamagazine.com\/v2\/index.php?rest_route=%2Fwp%2Fv2%2Ftags&post=51841"}],"curies":[{"name":"wp","href":"https:\/\/api.w.org\/{rel}","templated":true}]}}