{"id":51834,"date":"2021-07-08T18:03:42","date_gmt":"2021-07-08T23:03:42","guid":{"rendered":"http:\/\/www.turistamagazine.com\/v2\/?p=51834"},"modified":"2021-07-09T07:35:39","modified_gmt":"2021-07-09T12:35:39","slug":"canarias-celebra-su-primer-territorio-libre-de-covid-19-y-otros-paises-buscan-agilizar-la-vacunacion","status":"publish","type":"post","link":"https:\/\/www.turistamagazine.com\/v2\/?p=51834","title":{"rendered":"CANARIAS (ESPA\u00d1A) CELEBRA SU PRIMER TERRITORIO \u00abLIBRE DE COVID-19\u00bb Y OTROS PA\u00cdSES BUSCAN AGILIZAR LA VACUNACI\u00d3N"},"content":{"rendered":"<p style=\"text-align: center;\"><span style=\"color: #333399;\"><em><strong>La\u00a0 \u00a0Graciosa es reconocida \u00a0como la octava isla habitada del archipi\u00e9lago canario. La Graciosa es probablemente uno de los pocos lugares de Europa donde todav\u00eda no hay carreteras asfaltadas. Es la m\u00e1s desconocida y la que derrocha m\u00e1s serenidad de las Islas Canarias.<\/strong><\/em><\/span><\/p>\n<p style=\"text-align: justify;\"><span style=\"color: #333399;\"><em><strong>08\/07\/2021\/Isla Canarias.- Los \u00faltimos adolescentes de la isla La Graciosa se vacunan contra la COVID-19. <span style=\"color: #800080;\">La isla canaria se ha convertido en el primer territorio espa\u00f1ol con el total de su poblaci\u00f3n vacunada.<\/span> Aunque apenas tiene unos 700 habitantes, este lugar se ha convertido en un faro de esperanza para todo el pa\u00eds.<\/strong><\/em><\/span><\/p>\n<p style=\"text-align: justify;\"><span style=\"color: #333399;\"><em><strong><span style=\"color: #800080;\">\u00abNadie ha rechazado la vacuna, todos la han recibido de buen grado. Todo ha funcionado bien\u00bb,<\/span> resalta Guillermo F\u00e9lez, enfermero de la isla.<\/strong><\/em><\/span><\/p>\n<p style=\"text-align: justify;\"><span style=\"color: #333399;\"><em><strong>Mientras tanto en Austria, las autoridades hacen un cambio de estrategia para acelerar la inmunizaci\u00f3n. Ahora los centros de vacunaci\u00f3n estar\u00e1n abiertos los domingos hasta el mediod\u00eda y recibir\u00e1n a personas sin previa cita.<\/strong><\/em><\/span><\/p>\n<p style=\"text-align: justify;\"><span style=\"color: #333399;\"><em><strong>Pero para la Organizaci\u00f3n Mundial de la Salud (OMS), Austria no es la primera preocupaci\u00f3n. insiste que el env\u00edo de vacunas covid a los pa\u00edses en desarrollo sigue siendo bastante lento.<\/strong><\/em><\/span><\/p>\n<p style=\"text-align: justify;\"><span style=\"color: #333399;\"><em><strong><span style=\"color: #800080;\">\u00abAhora se est\u00e1 produciendo un cierto reparto de vacunas, pero sigue siendo s\u00f3lo un goteo, que se ve superado por las variantes\u00bb,<\/span> declar\u00f3 el director degenral de la OMS, Tedros Adhanom Ghebreyesus, durante una rueda de prensa.<\/strong><\/em><\/span><\/p>\n<p style=\"text-align: justify;\"><span style=\"color: #333399;\"><em><strong>En Reino Unido, los casos de la variante delta se est\u00e1n disparando -m\u00e1s de 24.000 en las \u00faltimas 24 horas-, pero es posible que Inglaterra abandone pronto el uso obligatorio de mascarillas.<\/strong><\/em><\/span><\/p>\n<p style=\"text-align: justify;\"><span style=\"color: #333399;\"><em><strong>Aunque aumentan los casos, la tasa de hospitalizaci\u00f3n se mantiene estable.<\/strong><\/em><\/span><\/p>\n<p><span style=\"color: #333399;\"><em><strong><span style=\"color: #800080;\">\u00abEl Estado no le dir\u00e1 lo que tiene que hacer, pero querr\u00e1 que usted ejerza un cierto grado de responsabilidad y criterio personal\u00bb,<\/span> dijo Robert Jenrick, ministro de Vivienda<\/strong><\/em><\/span><\/p>\n<p><span style=\"color: #333399;\"><em><strong>Mientras el sol brilla, tomarse unas vacaciones para alejarse de las preocupaciones de la pandemia es lo m\u00e1s importante para muchos. Las autoridades piden no bajar la guardia.<\/strong><\/em><\/span><\/p>\n","protected":false},"excerpt":{"rendered":"<p>La\u00a0 \u00a0Graciosa es reconocida \u00a0como la octava isla habitada del archipi\u00e9lago canario. La Graciosa es probablemente uno de los pocos lugares de Europa donde todav\u00eda no hay carreteras asfaltadas. Es la m\u00e1s desconocida y la que derrocha m\u00e1s serenidad de las Islas Canarias. 08\/07\/2021\/Isla Canarias.- Los \u00faltimos adolescentes de la isla La Graciosa se vacunan contra la COVID-19. La isla canaria se ha convertido en el primer territorio espa\u00f1ol con el total de su poblaci\u00f3n vacunada. Aunque apenas tiene unos 700 habitantes, este lugar se ha convertido en un faro de esperanza para todo el pa\u00eds. \u00abNadie ha rechazado la&#8230;<\/p>\n","protected":false},"author":1,"featured_media":51835,"comment_status":"open","ping_status":"open","sticky":false,"template":"","format":"standard","meta":{"footnotes":""},"categories":[4,84],"tags":[10635,10175,11181,10219],"class_list":["post-51834","post","type-post","status-publish","format-standard","has-post-thumbnail","hentry","category-breaking-news","category-internacionales","tag-elenahonoresdirectora","tag-islascanarias","tag-lagraciosa","tag-semanarioturistamagazine"],"_links":{"self":[{"href":"https:\/\/www.turistamagazine.com\/v2\/index.php?rest_route=\/wp\/v2\/posts\/51834","targetHints":{"allow":["GET"]}}],"collection":[{"href":"https:\/\/www.turistamagazine.com\/v2\/index.php?rest_route=\/wp\/v2\/posts"}],"about":[{"href":"https:\/\/www.turistamagazine.com\/v2\/index.php?rest_route=\/wp\/v2\/types\/post"}],"author":[{"embeddable":true,"href":"https:\/\/www.turistamagazine.com\/v2\/index.php?rest_route=\/wp\/v2\/users\/1"}],"replies":[{"embeddable":true,"href":"https:\/\/www.turistamagazine.com\/v2\/index.php?rest_route=%2Fwp%2Fv2%2Fcomments&post=51834"}],"version-history":[{"count":3,"href":"https:\/\/www.turistamagazine.com\/v2\/index.php?rest_route=\/wp\/v2\/posts\/51834\/revisions"}],"predecessor-version":[{"id":51898,"href":"https:\/\/www.turistamagazine.com\/v2\/index.php?rest_route=\/wp\/v2\/posts\/51834\/revisions\/51898"}],"wp:featuredmedia":[{"embeddable":true,"href":"https:\/\/www.turistamagazine.com\/v2\/index.php?rest_route=\/wp\/v2\/media\/51835"}],"wp:attachment":[{"href":"https:\/\/www.turistamagazine.com\/v2\/index.php?rest_route=%2Fwp%2Fv2%2Fmedia&parent=51834"}],"wp:term":[{"taxonomy":"category","embeddable":true,"href":"https:\/\/www.turistamagazine.com\/v2\/index.php?rest_route=%2Fwp%2Fv2%2Fcategories&post=51834"},{"taxonomy":"post_tag","embeddable":true,"href":"https:\/\/www.turistamagazine.com\/v2\/index.php?rest_route=%2Fwp%2Fv2%2Ftags&post=51834"}],"curies":[{"name":"wp","href":"https:\/\/api.w.org\/{rel}","templated":true}]}}