{"id":51831,"date":"2021-07-05T11:38:56","date_gmt":"2021-07-05T16:38:56","guid":{"rendered":"http:\/\/www.turistamagazine.com\/v2\/?p=51831"},"modified":"2021-07-05T17:42:42","modified_gmt":"2021-07-05T22:42:42","slug":"vaticano-anuncia-resultado-de-operacion-del-papa-francisco","status":"publish","type":"post","link":"https:\/\/www.turistamagazine.com\/v2\/?p=51831","title":{"rendered":"VATICANO ANUNCIA RESULTADO DE OPERACI\u00d3N DEL PAPA FRANCISCO"},"content":{"rendered":"<p style=\"text-align: center;\"><span style=\"color: #333399;\"><em><strong>La Oficina de Prensa de la Santa Sede inform\u00f3 cerca de la medianoche de Roma (Italia) el resultado de la operaci\u00f3n a la que fue sometido el Papa Francisco, de 84 a\u00f1os, este 4 de julio.<\/strong><\/em><\/span><\/p>\n<p style=\"text-align: center;\"><span style=\"color: #800080;\"><em><strong>Todo el staff de TuristamagazineDestinos le desea pronta mejor\u00eda a nuestro Papa Francisco , y estaremos orando por su pronta recuperaci\u00f3n<\/strong><\/em><\/span><\/p>\n<p style=\"text-align: justify;\"><span style=\"color: #333399;\"><em><strong>05\/07\/2021\/Vaticano.-En un comunicado, el director de la Oficina de Prensa de la Santa Sede, Matteo Bruni, indic\u00f3 que \u201cel Santo Padre, internado por la tarde en el Policl\u00ednico A. Gemelli, fue sometido en la noche a la operaci\u00f3n quir\u00fargica programada para la estenosis diverticular del sigma\u201d, la parte final del colon en el intestino grueso.<\/strong><\/em><\/span><\/p>\n<p style=\"text-align: justify;\"><span style=\"color: #333399;\"><em><strong>Bruni asegur\u00f3 que <span style=\"color: #800080;\">\u201cel Santo Padre reaccion\u00f3 bien a la intervenci\u00f3n realizada bajo anestesia general\u201d.<\/span><\/strong><\/em><\/span><\/p>\n<p style=\"text-align: justify;\"><span style=\"color: #800080;\"><em><strong>\u00bfQu\u00e9 es la estenosis y qu\u00e9 son los divert\u00edculos?<\/strong><\/em><\/span><\/p>\n<p style=\"text-align: justify;\"><span style=\"color: #333399;\"><em><strong>Si bien se desconocen los detalles precisos del caso m\u00e9dico del Papa Francisco, una estenosis es un estrechamiento en un conducto del cuerpo, en este caso el colon.<\/strong><\/em><\/span><\/p>\n<p style=\"text-align: justify;\"><span style=\"color: #333399;\"><em><strong>De acuerdo a <span style=\"color: #800080;\">MedlinePlus<\/span>, servicio informativo de la Biblioteca Nacional de Medicina de los Estados Unidos, \u201clos divert\u00edculos son peque\u00f1as bolsas que se abultan en el colon o en el intestino grueso\u201d.<\/strong><\/em><\/span><\/p>\n<p style=\"text-align: justify;\"><span style=\"color: #333399;\"><em><strong>\u201c<span style=\"color: #800080;\">Si tiene estas bolsas, usted tiene una afecci\u00f3n llamada diverticulosis. Es m\u00e1s com\u00fan con la edad\u201d, a\u00f1ade, precisando que \u201ccerca de la mitad de las personas de m\u00e1s de 60 a\u00f1os la tienen\u201d.<\/span><\/strong><\/em><\/span><\/p>\n<p style=\"text-align: justify;\"><span style=\"color: #333399;\"><em><strong>MedlinePlus indica que <span style=\"color: #800080;\">\u201cla mayor\u00eda de las personas con diverticulosis no tiene s\u00edntomas. Algunas veces, provoca c\u00f3licos leves, hinchaz\u00f3n abdominal o estre\u00f1imiento\u201d.<\/span><\/strong><\/em><\/span><\/p>\n<p style=\"text-align: justify;\"><span style=\"color: #333399;\"><em><strong>\u201cSi las bolsas se inflaman o se infectan, se llama diverticulitis. El s\u00edntoma m\u00e1s com\u00fan es el dolor abdominal, generalmente en el lado izquierdo. Tambi\u00e9n puede sentir fiebre, n\u00e1usea, v\u00f3mitos, escalofr\u00edos, c\u00f3licos y estre\u00f1imiento\u201d.<\/strong><\/em><\/span><\/p>\n<p style=\"text-align: justify;\"><span style=\"color: #800080;\"><em><strong>MedlinePlus se\u00f1ala luego que \u201cen los casos m\u00e1s graves, la diverticulitis puede causar sangrado, desgarres u obstrucciones\u201d.<\/strong><\/em><\/span><\/p>\n<p style=\"text-align: justify;\"><span style=\"color: #333399;\"><em><strong><span style=\"color: #800080;\">\u201cLos casos m\u00e1s serios pueden requerir hospitalizaci\u00f3n o cirug\u00eda\u201d,<\/span> concluye.<\/strong><\/em><\/span><\/p>\n<p style=\"text-align: justify;\"><span style=\"color: #333399;\"><em><strong>Redacci\u00f3n ACI Prensa<\/strong><\/em><\/span><\/p>\n","protected":false},"excerpt":{"rendered":"<p>La Oficina de Prensa de la Santa Sede inform\u00f3 cerca de la medianoche de Roma (Italia) el resultado de la operaci\u00f3n a la que fue sometido el Papa Francisco, de 84 a\u00f1os, este 4 de julio. Todo el staff de TuristamagazineDestinos le desea pronta mejor\u00eda a nuestro Papa Francisco , y estaremos orando por su pronta recuperaci\u00f3n 05\/07\/2021\/Vaticano.-En un comunicado, el director de la Oficina de Prensa de la Santa Sede, Matteo Bruni, indic\u00f3 que \u201cel Santo Padre, internado por la tarde en el Policl\u00ednico A. Gemelli, fue sometido en la noche a la operaci\u00f3n quir\u00fargica programada para la estenosis&#8230;<\/p>\n","protected":false},"author":1,"featured_media":0,"comment_status":"open","ping_status":"open","sticky":false,"template":"","format":"standard","meta":{"footnotes":""},"categories":[4,84],"tags":[10635,10515,10219],"class_list":["post-51831","post","type-post","status-publish","format-standard","hentry","category-breaking-news","category-internacionales","tag-elenahonoresdirectora","tag-papafrancisco","tag-semanarioturistamagazine"],"_links":{"self":[{"href":"https:\/\/www.turistamagazine.com\/v2\/index.php?rest_route=\/wp\/v2\/posts\/51831","targetHints":{"allow":["GET"]}}],"collection":[{"href":"https:\/\/www.turistamagazine.com\/v2\/index.php?rest_route=\/wp\/v2\/posts"}],"about":[{"href":"https:\/\/www.turistamagazine.com\/v2\/index.php?rest_route=\/wp\/v2\/types\/post"}],"author":[{"embeddable":true,"href":"https:\/\/www.turistamagazine.com\/v2\/index.php?rest_route=\/wp\/v2\/users\/1"}],"replies":[{"embeddable":true,"href":"https:\/\/www.turistamagazine.com\/v2\/index.php?rest_route=%2Fwp%2Fv2%2Fcomments&post=51831"}],"version-history":[{"count":1,"href":"https:\/\/www.turistamagazine.com\/v2\/index.php?rest_route=\/wp\/v2\/posts\/51831\/revisions"}],"predecessor-version":[{"id":51832,"href":"https:\/\/www.turistamagazine.com\/v2\/index.php?rest_route=\/wp\/v2\/posts\/51831\/revisions\/51832"}],"wp:attachment":[{"href":"https:\/\/www.turistamagazine.com\/v2\/index.php?rest_route=%2Fwp%2Fv2%2Fmedia&parent=51831"}],"wp:term":[{"taxonomy":"category","embeddable":true,"href":"https:\/\/www.turistamagazine.com\/v2\/index.php?rest_route=%2Fwp%2Fv2%2Fcategories&post=51831"},{"taxonomy":"post_tag","embeddable":true,"href":"https:\/\/www.turistamagazine.com\/v2\/index.php?rest_route=%2Fwp%2Fv2%2Ftags&post=51831"}],"curies":[{"name":"wp","href":"https:\/\/api.w.org\/{rel}","templated":true}]}}