{"id":51626,"date":"2021-06-24T12:33:48","date_gmt":"2021-06-24T17:33:48","guid":{"rendered":"http:\/\/www.turistamagazine.com\/v2\/?p=51626"},"modified":"2021-06-24T12:33:48","modified_gmt":"2021-06-24T17:33:48","slug":"luz-verde-para-protocolo-sanitario-de-eventos-empresariales-y-profesionales-en-el-marco-del-turismo-de-reuniones","status":"publish","type":"post","link":"https:\/\/www.turistamagazine.com\/v2\/?p=51626","title":{"rendered":"LUZ VERDE PARA\u00a0 PROTOCOLO SANITARIO DE EVENTOS EMPRESARIALES Y PROFESIONALES EN EL MARCO DEL TURISMO DE REUNIONES"},"content":{"rendered":"<p style=\"text-align: justify;\">2<span style=\"color: #333399;\"><em><strong>4\/06\/2021\/Lima.-.- El Ministerio de Comercio Exterior y Turismo (Mincetur) aprob\u00f3 el \u201cProtocolo Sanitario Sectorial ante el COVID-19 para eventos empresariales y profesionales en el marco del turismo de reuniones\u201d. As\u00ed lo estableci\u00f3 a trav\u00e9s de la Resoluci\u00f3n Ministerial N\u00b0 079-2021-MINCETUR, la cual lleva la r\u00fabrica de la ministra Claudia Cornejo.<\/strong><\/em><\/span><\/p>\n<p style=\"text-align: justify;\"><span style=\"color: #333399;\"><em><strong>La norma emitida en el diario oficial El Peruano, detalla una serie de medidas preventivas operativas para prevenir el riesgo de contagio del COVID-19, en estas importantes actividades.<\/strong><\/em><\/span><\/p>\n<p style=\"text-align: center;\"><span style=\"color: #800080;\"><em><strong>SOBRE LA ACTUALIZACI\u00d3N<\/strong><\/em><\/span><\/p>\n<p style=\"text-align: justify;\"><span style=\"color: #333399;\"><em><strong>Como se recuerda, en octubre \u00faltimo, el Ministerio de Comercio Exterior y Turismo aprob\u00f3 el Protocolo Sanitario Sectorial ante el COVID-19 para la realizaci\u00f3n de eventos en el marco del turismo de reuniones, mediante la R.M. N\u00b0 214-2020-MINCETUR.<\/strong><\/em><\/span><\/p>\n<p style=\"text-align: justify;\"><span style=\"color: #333399;\"><em><strong>Sin embargo, teniendo en consideraci\u00f3n la situaci\u00f3n epidemiol\u00f3gica, el desarrollo de los eventos empresariales y profesionales requer\u00eda de ajustes en las medidas preventivas sanitarias, esto como resultado de las recomendaciones t\u00e9cnicas solicitadas al sector salud.<\/strong><\/em><\/span><\/p>\n<p style=\"text-align: justify;\"><span style=\"color: #800080;\"><em><strong>Debido a ello, a trav\u00e9s del Centro de Formaci\u00f3n en Turismo (CENFOTUR), se vio por conveniente actualizar el mencionado protocolo, public\u00e1ndose finalmente la R.M. N\u00b0 079-2021-MINCETUR.<\/strong><\/em><\/span><\/p>\n<p style=\"text-align: justify;\"><span style=\"color: #333399;\"><em><strong>Es importante mencionar que las recomendaciones remitidas por el sector salud, en torno al nuevo protocolo, est\u00e1n vinculadas, principalmente, a la disposici\u00f3n de las salas, el sistema de ventilaci\u00f3n a emplear, los equipos de protecci\u00f3n personal a utilizar, el distanciamiento f\u00edsico de al menos dos metros y las acciones para la identificaci\u00f3n de sintomatolog\u00eda, entre otros.<\/strong><\/em><\/span><\/p>\n<p style=\"text-align: justify;\"><span style=\"color: #800080;\"><em><b>Se debe <\/b><span style=\"color: #333399;\"><b>recordar que\u00a0<\/b><\/span><b>, para comenzar a operar, los organizadores de estas actividades econ\u00f3micas deber\u00e1n tener en consideraci\u00f3n los Lineamientos para la vigilancia, prevenci\u00f3n y control de la salud por exposici\u00f3n al SARS-CoV-2, aprobados por la Resoluci\u00f3n Ministerial N\u00ba 972-2020-MINSA; as\u00ed como las disposiciones del gobierno respecto a los niveles de alerta por provincia y departamento, y sus aforos permitidos.<\/b><\/em><\/span><\/p>\n<p style=\"text-align: center;\"><span style=\"color: #800080;\"><em><strong>IMPORTANTE<\/strong><\/em><\/span><\/p>\n<ul>\n<li style=\"text-align: justify;\"><span style=\"color: #333399;\"><em><strong>El \u201cProtocolo Sanitario Sectorial ante el COVID-19 para eventos empresariales y profesionales en el marco del turismo de reuniones\u201d, puede descargarse a trav\u00e9s del siguiente enlace: <a href=\"https:\/\/www.gob.pe\/institucion\/mincetur\/normas-legales\/1984824-079-2021-mincetur\">https:\/\/www.gob.pe\/institucion\/mincetur\/normas-legales\/1984824-079-2021-mincetur<\/a><\/strong><\/em><\/span><\/li>\n<\/ul>\n","protected":false},"excerpt":{"rendered":"<p>24\/06\/2021\/Lima.-.- El Ministerio de Comercio Exterior y Turismo (Mincetur) aprob\u00f3 el \u201cProtocolo Sanitario Sectorial ante el COVID-19 para eventos empresariales y profesionales en el marco del turismo de reuniones\u201d. As\u00ed lo estableci\u00f3 a trav\u00e9s de la Resoluci\u00f3n Ministerial N\u00b0 079-2021-MINCETUR, la cual lleva la r\u00fabrica de la ministra Claudia Cornejo. La norma emitida en el diario oficial El Peruano, detalla una serie de medidas preventivas operativas para prevenir el riesgo de contagio del COVID-19, en estas importantes actividades. SOBRE LA ACTUALIZACI\u00d3N Como se recuerda, en octubre \u00faltimo, el Ministerio de Comercio Exterior y Turismo aprob\u00f3 el Protocolo Sanitario Sectorial ante&#8230;<\/p>\n","protected":false},"author":1,"featured_media":51627,"comment_status":"open","ping_status":"open","sticky":false,"template":"","format":"standard","meta":{"footnotes":""},"categories":[4,82],"tags":[10635,11147,10219,10556],"class_list":["post-51626","post","type-post","status-publish","format-standard","has-post-thumbnail","hentry","category-breaking-news","category-nacionales","tag-elenahonoresdirectora","tag-protocolosaprobadosparaeventos","tag-semanarioturistamagazine","tag-turismagazine"],"_links":{"self":[{"href":"https:\/\/www.turistamagazine.com\/v2\/index.php?rest_route=\/wp\/v2\/posts\/51626","targetHints":{"allow":["GET"]}}],"collection":[{"href":"https:\/\/www.turistamagazine.com\/v2\/index.php?rest_route=\/wp\/v2\/posts"}],"about":[{"href":"https:\/\/www.turistamagazine.com\/v2\/index.php?rest_route=\/wp\/v2\/types\/post"}],"author":[{"embeddable":true,"href":"https:\/\/www.turistamagazine.com\/v2\/index.php?rest_route=\/wp\/v2\/users\/1"}],"replies":[{"embeddable":true,"href":"https:\/\/www.turistamagazine.com\/v2\/index.php?rest_route=%2Fwp%2Fv2%2Fcomments&post=51626"}],"version-history":[{"count":1,"href":"https:\/\/www.turistamagazine.com\/v2\/index.php?rest_route=\/wp\/v2\/posts\/51626\/revisions"}],"predecessor-version":[{"id":51628,"href":"https:\/\/www.turistamagazine.com\/v2\/index.php?rest_route=\/wp\/v2\/posts\/51626\/revisions\/51628"}],"wp:featuredmedia":[{"embeddable":true,"href":"https:\/\/www.turistamagazine.com\/v2\/index.php?rest_route=\/wp\/v2\/media\/51627"}],"wp:attachment":[{"href":"https:\/\/www.turistamagazine.com\/v2\/index.php?rest_route=%2Fwp%2Fv2%2Fmedia&parent=51626"}],"wp:term":[{"taxonomy":"category","embeddable":true,"href":"https:\/\/www.turistamagazine.com\/v2\/index.php?rest_route=%2Fwp%2Fv2%2Fcategories&post=51626"},{"taxonomy":"post_tag","embeddable":true,"href":"https:\/\/www.turistamagazine.com\/v2\/index.php?rest_route=%2Fwp%2Fv2%2Ftags&post=51626"}],"curies":[{"name":"wp","href":"https:\/\/api.w.org\/{rel}","templated":true}]}}