{"id":51600,"date":"2021-06-23T17:56:24","date_gmt":"2021-06-23T22:56:24","guid":{"rendered":"http:\/\/www.turistamagazine.com\/v2\/?p=51600"},"modified":"2021-06-25T19:30:59","modified_gmt":"2021-06-26T00:30:59","slug":"con-aforo-del-50-todas-las-rutas-del-camino-de-inca-a-machu-picchu-abririan-a-partir-del-15-de-julio","status":"publish","type":"post","link":"https:\/\/www.turistamagazine.com\/v2\/?p=51600","title":{"rendered":"CON AFORO DEL 50% TODAS\u00a0 LAS RUTAS DEL CAMINO DE INCA A MACHU PICCHU ABRIR\u00cdAN A PARTIR DEL 15 DE JULIO"},"content":{"rendered":"<p style=\"text-align: justify;\">\u00a0<span style=\"color: #333399;\"><em><strong>23\/06\/2021\/Cusco.- \u00a0A partir del 15 de julio se reanudar\u00e1n las visitas a las rutas tur\u00edsticas del Camino Inca del Santuario Hist\u00f3rico de Machu Picchu (Cusco), inform\u00f3 el Servicio Nacional de \u00c1reas Naturales Protegidas por el Estado (Sernanp).<\/strong><\/em><\/span><\/p>\n<p style=\"text-align: justify;\"><span style=\"color: #800080;\"><em><strong>La entidad inform\u00f3 de esta autorizaci\u00f3n en un comunicado, a trav\u00e9s de la jefatura del Santuario Hist\u00f3rico de Machupicchu y la Direcci\u00f3n Desconcentrada de Cultura Cusco del Ministerio de Cultura.<\/strong><\/em><\/span><\/p>\n<p style=\"text-align: justify;\"><span style=\"color: #333399;\"><em><strong>Estableci\u00f3 que desde el 25 de junio, las agencias de viaje autorizadas podr\u00e1n acceder al sistema de reservas del boleto electr\u00f3nico a fin de reservar el ingreso a las rutas 1, 2 y 3 de la Red de Caminos Inca del Santuario Hist\u00f3rico de Machu Picchu y el Parque Arqueol\u00f3gico Nacional de Machu Picchu.<\/strong><\/em><\/span><\/p>\n<p style=\"text-align: justify;\"><span style=\"color: #800080;\"><em><strong>Sernanp apunt\u00f3 que la reactivaci\u00f3n de turismo en estas rutas es resultado del trabajo articulado en las mesas t\u00e9cnicas y viajes de inspecci\u00f3n realizados por la Gerencia Regional de Comercio Exterior y Turismo del Cusco, la Gerencia Regional de Salud Cusco, la Secretar\u00eda T\u00e9cnica de la Unidad de Gesti\u00f3n de Machu Picchu, la Polic\u00eda de Turismo, la Direcci\u00f3n Desconcentrada de Cultura Cusco, la jefatura del Santuario Hist\u00f3rico de Machu Picchu del Sernanp, as\u00ed como los gremios del sector privado<\/strong><\/em> (APTAE, AATC, AOTEC y ASOORCIC).<\/span><\/p>\n","protected":false},"excerpt":{"rendered":"<p>\u00a023\/06\/2021\/Cusco.- \u00a0A partir del 15 de julio se reanudar\u00e1n las visitas a las rutas tur\u00edsticas del Camino Inca del Santuario Hist\u00f3rico de Machu Picchu (Cusco), inform\u00f3 el Servicio Nacional de \u00c1reas Naturales Protegidas por el Estado (Sernanp). La entidad inform\u00f3 de esta autorizaci\u00f3n en un comunicado, a trav\u00e9s de la jefatura del Santuario Hist\u00f3rico de Machupicchu y la Direcci\u00f3n Desconcentrada de Cultura Cusco del Ministerio de Cultura. Estableci\u00f3 que desde el 25 de junio, las agencias de viaje autorizadas podr\u00e1n acceder al sistema de reservas del boleto electr\u00f3nico a fin de reservar el ingreso a las rutas 1, 2 y&#8230;<\/p>\n","protected":false},"author":1,"featured_media":0,"comment_status":"open","ping_status":"open","sticky":false,"template":"","format":"standard","meta":{"footnotes":""},"categories":[4,82],"tags":[11142,10635,10219,10556],"class_list":["post-51600","post","type-post","status-publish","format-standard","hentry","category-breaking-news","category-nacionales","tag-caminosdelinca","tag-elenahonoresdirectora","tag-semanarioturistamagazine","tag-turismagazine"],"_links":{"self":[{"href":"https:\/\/www.turistamagazine.com\/v2\/index.php?rest_route=\/wp\/v2\/posts\/51600","targetHints":{"allow":["GET"]}}],"collection":[{"href":"https:\/\/www.turistamagazine.com\/v2\/index.php?rest_route=\/wp\/v2\/posts"}],"about":[{"href":"https:\/\/www.turistamagazine.com\/v2\/index.php?rest_route=\/wp\/v2\/types\/post"}],"author":[{"embeddable":true,"href":"https:\/\/www.turistamagazine.com\/v2\/index.php?rest_route=\/wp\/v2\/users\/1"}],"replies":[{"embeddable":true,"href":"https:\/\/www.turistamagazine.com\/v2\/index.php?rest_route=%2Fwp%2Fv2%2Fcomments&post=51600"}],"version-history":[{"count":2,"href":"https:\/\/www.turistamagazine.com\/v2\/index.php?rest_route=\/wp\/v2\/posts\/51600\/revisions"}],"predecessor-version":[{"id":51671,"href":"https:\/\/www.turistamagazine.com\/v2\/index.php?rest_route=\/wp\/v2\/posts\/51600\/revisions\/51671"}],"wp:attachment":[{"href":"https:\/\/www.turistamagazine.com\/v2\/index.php?rest_route=%2Fwp%2Fv2%2Fmedia&parent=51600"}],"wp:term":[{"taxonomy":"category","embeddable":true,"href":"https:\/\/www.turistamagazine.com\/v2\/index.php?rest_route=%2Fwp%2Fv2%2Fcategories&post=51600"},{"taxonomy":"post_tag","embeddable":true,"href":"https:\/\/www.turistamagazine.com\/v2\/index.php?rest_route=%2Fwp%2Fv2%2Ftags&post=51600"}],"curies":[{"name":"wp","href":"https:\/\/api.w.org\/{rel}","templated":true}]}}