{"id":5149,"date":"2014-06-09T13:20:36","date_gmt":"2014-06-09T18:20:36","guid":{"rendered":"http:\/\/www.turistamagazine.com\/v2\/?p=5149"},"modified":"2014-06-09T13:20:36","modified_gmt":"2014-06-09T18:20:36","slug":"peru-fiesta-de-la-musica-2014","status":"publish","type":"post","link":"https:\/\/www.turistamagazine.com\/v2\/?p=5149","title":{"rendered":"PERU: FIESTA DE LA M\u00daSICA 2014"},"content":{"rendered":"<p style=\"text-align: justify;\">Martes 10 de junio, a las 10:30 a.m.<\/p>\n<p style=\"text-align: justify;\">Teatro de la Alianza Francesa de Lima<\/p>\n<p style=\"text-align: justify;\">(Av. Arequipa 4595, Miraflores)<\/p>\n<p style=\"text-align: justify;\">Maestra de ceremonia: Denisse Dib\u00f3s.<\/p>\n<p style=\"text-align: justify;\">11:00 a.m. Palabras de bienvenida a cargo de Denisse Dib\u00f3s<\/p>\n<p style=\"text-align: justify;\">11:05 a.m. Presentaci\u00f3n musical a cargo de Magaly Solier y Lucho Quequezana.<\/p>\n<p style=\"text-align: justify;\">11:15 a.m. Intervenciones del comit\u00e9 organizador:<\/p>\n<p style=\"text-align: justify;\">Paul Elie L\u00e9vy, Director de la Alianza Francesa de Lima.<\/p>\n<p style=\"text-align: justify;\">Lydia Hung, Directora del Patronato Peruano de la M\u00fasica.<\/p>\n<p style=\"text-align: justify;\">Santiago Alfaro, Sub Director de Artes Esc\u00e9nicas y de Industrias Culturales de la Municipalidad Metropolitana de Lima<\/p>\n<p style=\"text-align: justify;\">Jean Jacques Beaussou, Embajador de Francia en el Per\u00fa.<\/p>\n<p style=\"text-align: justify;\">Diana Alvarez-Calder\u00f3n Gallo,\u00a0 Ministra de Cultura.<\/p>\n<p style=\"text-align: justify;\">11:45 a.m. Palabras de los artistas: Magaly Solier \u2013 Lucho Quequezana e invitaci\u00f3n a toma de fotos con los m\u00fasicos presentes y la mesa de honor.<\/p>\n<p>11:55 a.m.\u00a0 Brunch.<\/p>\n<p>&nbsp;<\/p>\n","protected":false},"excerpt":{"rendered":"<p>Martes 10 de junio, a las 10:30 a.m. Teatro de la Alianza Francesa de Lima (Av. Arequipa 4595, Miraflores) Maestra de ceremonia: Denisse Dib\u00f3s. 11:00 a.m. Palabras de bienvenida a cargo de Denisse Dib\u00f3s 11:05 a.m. Presentaci\u00f3n musical a cargo de Magaly Solier y Lucho Quequezana. 11:15 a.m. Intervenciones del comit\u00e9 organizador: Paul Elie L\u00e9vy, Director de la Alianza Francesa de Lima. Lydia Hung, Directora del Patronato Peruano de la M\u00fasica. Santiago Alfaro, Sub Director de Artes Esc\u00e9nicas y de Industrias Culturales de la Municipalidad Metropolitana de Lima Jean Jacques Beaussou, Embajador de Francia en el Per\u00fa. Diana Alvarez-Calder\u00f3n Gallo,\u00a0&#8230;<\/p>\n","protected":false},"author":1,"featured_media":0,"comment_status":"open","ping_status":"open","sticky":false,"template":"","format":"standard","meta":{"footnotes":""},"categories":[4,82],"tags":[1896,1895,1897],"class_list":["post-5149","post","type-post","status-publish","format-standard","hentry","category-breaking-news","category-nacionales","tag-alianza-francesa-de-lima","tag-fiesta-de-la-musica-2014","tag-magaly-solier-y-lucho-quequezana"],"_links":{"self":[{"href":"https:\/\/www.turistamagazine.com\/v2\/index.php?rest_route=\/wp\/v2\/posts\/5149","targetHints":{"allow":["GET"]}}],"collection":[{"href":"https:\/\/www.turistamagazine.com\/v2\/index.php?rest_route=\/wp\/v2\/posts"}],"about":[{"href":"https:\/\/www.turistamagazine.com\/v2\/index.php?rest_route=\/wp\/v2\/types\/post"}],"author":[{"embeddable":true,"href":"https:\/\/www.turistamagazine.com\/v2\/index.php?rest_route=\/wp\/v2\/users\/1"}],"replies":[{"embeddable":true,"href":"https:\/\/www.turistamagazine.com\/v2\/index.php?rest_route=%2Fwp%2Fv2%2Fcomments&post=5149"}],"version-history":[{"count":3,"href":"https:\/\/www.turistamagazine.com\/v2\/index.php?rest_route=\/wp\/v2\/posts\/5149\/revisions"}],"predecessor-version":[{"id":5154,"href":"https:\/\/www.turistamagazine.com\/v2\/index.php?rest_route=\/wp\/v2\/posts\/5149\/revisions\/5154"}],"wp:attachment":[{"href":"https:\/\/www.turistamagazine.com\/v2\/index.php?rest_route=%2Fwp%2Fv2%2Fmedia&parent=5149"}],"wp:term":[{"taxonomy":"category","embeddable":true,"href":"https:\/\/www.turistamagazine.com\/v2\/index.php?rest_route=%2Fwp%2Fv2%2Fcategories&post=5149"},{"taxonomy":"post_tag","embeddable":true,"href":"https:\/\/www.turistamagazine.com\/v2\/index.php?rest_route=%2Fwp%2Fv2%2Ftags&post=5149"}],"curies":[{"name":"wp","href":"https:\/\/api.w.org\/{rel}","templated":true}]}}