{"id":51255,"date":"2021-06-03T13:21:48","date_gmt":"2021-06-03T18:21:48","guid":{"rendered":"http:\/\/www.turistamagazine.com\/v2\/?p=51255"},"modified":"2021-06-03T13:25:22","modified_gmt":"2021-06-03T18:25:22","slug":"la-tercera-edad-y-el-chinchin-de-jimy-santi","status":"publish","type":"post","link":"https:\/\/www.turistamagazine.com\/v2\/?p=51255","title":{"rendered":"LA TERCERA EDAD Y EL \u201cCHINCHIN DE\u00a0 JIMMY SANTI*"},"content":{"rendered":"<p style=\"text-align: justify;\"><span style=\"color: #333399;\"><em><b style=\"color: #333399;\"><a href=\"https:\/\/www.turistamagazine.com\/v2\/wp-content\/uploads\/2020\/09\/P1000736.jpg\"><img decoding=\"async\" class=\"wp-image-46830 alignleft\" src=\"https:\/\/www.turistamagazine.com\/v2\/wp-content\/uploads\/2020\/09\/P1000736.jpg\" alt=\"\" width=\"110\" height=\"140\" \/><\/a>Muy divertido y motivador ha resultado un video\u00a0 que ha circulado y sigue circulando por las redes sociales \u00a0\u00a0\u00a0producido por el artista peruano\u00a0<strong>Jimmy Santi<\/strong>, que fue muy popular en los a\u00f1os del <\/b><span style=\"color: #800080;\">\u201c<strong>catap\u00fam\u201d o de la nueva ola (1960-1970)<\/strong><\/span><b style=\"color: #333399;\"> como se le dio en llamar a aquella \u00e9poca,\u00a0 donde se le ve a este popular\u00a0 cantante, bailando en compa\u00f1\u00eda de una coreograf\u00eda de adultos mayores como \u00e9l, bailando al ritmo del <\/b><strong><span style=\"color: #800080;\">\u201crock and roll\u201d<\/span><\/strong><b style=\"color: #333399;\"> reafirmando\u00a0 con ello lo que venimos demostrando \u00a0desde el a\u00f1o 2000, en nuestra tesis sobre este segmento, de la buena salud ,conocimiento, y experiencia de los adultos llamado <\/b><strong><span style=\"color: #800080;\">\u201cabuelitos\u201d, \u201ctercera edad\u201d \u201c edad dorada\u201d<\/span><\/strong><b style=\"color: #333399;\"> o como quieran denominarla, y <\/b><span style=\"color: #333399;\"><b>expusi\u00e9ramos<\/b><\/span><b style=\"color: #333399;\">\u00a0en nuestra tesis, que este colectivo que en el Per\u00fa son casi 5 millones\u00a0 sin tomar en cuenta la influencia que ejercen en\u00a0 sus hijos, nietos y todo su\u00a0 entorno, son en\u00a0 su mayor\u00eda\u00a0 personas integradas al desarrollo del pa\u00eds cada una en su espacio, lo cual hace que \u00a0por su experiencia de vida este colectivo\u00a0 puede voltear unas elecciones,\u00a0 puesto que\u00a0 este segmento social que ha vivido, y\u00a0 padecido todas las lacras del terrorismo, no va a exponer a su descendencia a perder lo ganado en estos 30 a\u00f1os de paz y democracia\u2026<\/b><\/em><\/span><\/p>\n<p style=\"text-align: justify;\"><span style=\"color: #800080;\"><em><strong>Su obligaci\u00f3n ante esta crisis pol\u00edtica que estamos viviendo es hablar con la gente joven, que es otra gran segmento que votar\u00e1 por primera vez, que es la generaci\u00f3n llamada del \u201cbicentenario\u201d que tuvo la suerte de nacer en un pa\u00eds de paz y prosperidad,\u00a0 pero no saben a qu\u00e9 precio se consigui\u00f3 ese bienestar del cual hoy disfrutan. Esta generaci\u00f3n que ha convertido la tablet en una extensi\u00f3n de sus manos, no se preocupa de nada, pues sus padres le pusieron todo f\u00e1cil y estas elecciones que son vitales para continuar con un pa\u00eds en paz , en democracia, y\u00a0 en el camino de la prosperidad, la est\u00e1n tomando como una pelea entre \u201ct\u00edos\u201d <span style=\"color: #333399;\">(expresi\u00f3n coloquial que utiliza los j\u00f3venes para referirse apersonas mayores despectivamente)<\/span> que no les afecta y utilizan la expresi\u00f3n\u00a0 \u201cpasa nom\u00e1s \u00a0\u00a0t\u00edo\u201d\u2026 Porque ellos con esa inconsciencia propia de la juventud\u00a0 se sienten poderosos y conquistadores del mundo\u2026 A todos nos ha pasado en nuestro tiempo y espacio\u2026<\/strong><\/em><\/span><\/p>\n<p style=\"text-align: justify;\"><span style=\"color: #333399;\"><em><strong>Como \u00a0el c\u00e1ncer\u00a0 de la corrupci\u00f3n\u00a0 e inmoralidad no es pertenencia\u00a0 s\u00f3lo de este lado del continente\u2026<\/strong><\/em><\/span><\/p>\n<p style=\"text-align: justify;\"><span style=\"color: #800080;\"><em><strong>Vamos\u00a0 a insertar unas reflexiones e interrogantes que se pueden aplicar tranquilamente en nuestro pa\u00eds, y nos ha llegado desde la rancia Europa\u2026<\/strong><\/em><\/span><\/p>\n<p style=\"text-align: justify;\"><span style=\"color: #333399;\"><em><strong>Los discursos de ralea seudopol\u00edtica nos pone los pelos de punta. Alguien tendr\u00e1 que explicar alg\u00fan d\u00eda porqu\u00e9 si legalmente \u201clas administraciones p\u00fablicas deben respetar el ejercicio leg\u00edtimo por las otras administraciones de sus competencias\u201d los sediciosos de ciertos partidos\u00a0 hist\u00f3ricos no van a la c\u00e1rcel, est\u00e1n huidos o cumpliendo prisi\u00f3n en sus casas\u2026 pero si a un ciudadano com\u00fan\u00a0 se le ocurre robar una gallina se arriesga a que \u00a0lo metan preso\u00a0 3 a\u00f1os y sin juzgarlo <span style=\"color: #800080;\">(prisi\u00f3n preventiva).<\/span> Aun as\u00ed, no me cabe ninguna duda de que las personas deben ser leales a las organizaciones de las que forman parte, pero tampoco albergo ninguna incertidumbre sobre la necesidad de que las organizaciones lo sean tambi\u00e9n con sus ciudadanos, sus afiliados, sus trabajadores o sus clientes.<\/strong><\/em><\/span><\/p>\n<p style=\"text-align: justify;\"><span style=\"color: #800080;\"><em><strong>1\u00b0 \u00bfDebemos ser leales a la canallada que perpetra el gobierno con la cosa p\u00fablica en el caso de los gastos de compras y contratos con ocasi\u00f3n del estado de alarma?<\/strong><\/em><\/span><\/p>\n<p style=\"text-align: justify;\"><span style=\"color: #333399;\"><em><strong>2\u00b0 \u00bfDebemos lealtad al pol\u00edtico que a\u00fan tiene la desfachatez de predicar lo que se debe hacer cuando \u00e9l pudo y no quiso?<\/strong><\/em><\/span><\/p>\n<p style=\"text-align: justify;\"><span style=\"color: #800080;\"><em><strong>3\u00b0\u00bfDebemos cumplir con el deber de la lealtad ante el que nos ofende o nos perjudica?<\/strong><\/em><\/span><\/p>\n<p style=\"text-align: justify;\"><span style=\"color: #333399;\"><em><strong>4\u00b0 \u00bfEs l\u00f3gico mantenerse leal al que enga\u00f1a y lo mantiene?<\/strong><\/em><\/span><\/p>\n<p style=\"text-align: justify;\"><span style=\"color: #800080;\"><em><strong>\u201crespetemos la lealtad que se debe a qui\u00e9n lo merece, pero jam\u00e1s la lealtad irracional a un tipo tan incompetente, mentiroso, malintencionado, pat\u00e1n, machista\u00a0 y tramposo. Nunca se ha demostrado, pero yo intuyo que nos ir\u00eda mejor con otra la opci\u00f3n\u201d.<\/strong><\/em><\/span><\/p>\n<p style=\"text-align: justify;\"><span style=\"color: #333399;\"><em><b style=\"color: #333399;\">Finalmente y a\u00a0 3 d\u00edas de elegir el destino futuro de nuestro amado pa\u00eds, felicitamos la elecci\u00f3n de nuestra <\/b><span style=\"color: #800080;\"><span style=\"color: #800080;\"><b>Campeona Ol\u00edmpica\u00a0 Gladys Lucy Tejeda que conociendo en carne <\/b><\/span><span style=\"color: #800080;\"><b>propia<\/b><\/span><span style=\"color: #800080;\"><b>\u00a0\u00a0la realidad pol\u00edtica de su Regi\u00f3n Jun\u00edn se ha unido al equipo de Keiko Fujimori porque cree en la democracia.<\/b><\/span><\/span><\/em><\/span><\/p>\n<p style=\"text-align: justify;\"><span style=\"color: #800080;\"><em><strong>Ya para terminar, solo nos queda \u00a0INVOCAR desde lo m\u00e1s profundo de nuestro sentimiento patri\u00f3tico, y por el momento crucial e hist\u00f3rico para PER\u00da, a ese colectivo que tanto hemos investigado de \u201cTERCERA EDAD\u201d VOTEMOS TODOS ESTE 6 DE JUNIO POR LA LIBERTAD Y DEMOCRACIA\u2026<\/strong><\/em><\/span><\/p>\n<p style=\"text-align: right;\"><span style=\"color: #333399;\"><em><strong>Elena Honores<\/strong><\/em><\/span><\/p>\n<p style=\"text-align: right;\"><span style=\"color: #333399;\"><em><strong>Directora<\/strong><\/em><\/span><\/p>\n<p style=\"text-align: right;\"><span style=\"color: #333399;\"><em><strong>Magister en Turismo y Comunicaci\u00f3n<\/strong><\/em><\/span><\/p>\n<p><a href=\"https:\/\/www.turistamagazine.com\/v2\/wp-content\/uploads\/2021\/06\/Jimmy.jpg\"><img decoding=\"async\" class=\"size-full wp-image-51256 aligncenter\" src=\"https:\/\/www.turistamagazine.com\/v2\/wp-content\/uploads\/2021\/06\/Jimmy.jpg\" alt=\"\" width=\"580\" height=\"326\" srcset=\"https:\/\/www.turistamagazine.com\/v2\/wp-content\/uploads\/2021\/06\/Jimmy.jpg 580w, https:\/\/www.turistamagazine.com\/v2\/wp-content\/uploads\/2021\/06\/Jimmy-300x169.jpg 300w, https:\/\/www.turistamagazine.com\/v2\/wp-content\/uploads\/2021\/06\/Jimmy-480x270.jpg 480w\" sizes=\"(max-width: 580px) 100vw, 580px\" \/><\/a><\/p>\n<p style=\"text-align: justify;\"><span style=\"color: #333399;\"><em><strong>* Santiago Rogelio Farf\u00e1n Holgu\u00edn, conocido como Jimmy Santi, es un cantante peruano de la nueva ola, goz\u00f3 de \u00e9xito y popularidad en la d\u00e9cada de los 1960 y 1970 tanto en su pa\u00eds natal, as\u00ed como tambi\u00e9n en M\u00e9xico (74)<\/strong><\/em><\/span><\/p>\n<p style=\"text-align: justify;\">\n","protected":false},"excerpt":{"rendered":"<p>Muy divertido y motivador ha resultado un video\u00a0 que ha circulado y sigue circulando por las redes sociales \u00a0\u00a0\u00a0producido por el artista peruano\u00a0Jimmy Santi, que fue muy popular en los a\u00f1os del \u201ccatap\u00fam\u201d o de la nueva ola (1960-1970) como se le dio en llamar a aquella \u00e9poca,\u00a0 donde se le ve a este popular\u00a0 cantante, bailando en compa\u00f1\u00eda de una coreograf\u00eda de adultos mayores como \u00e9l, bailando al ritmo del \u201crock and roll\u201d reafirmando\u00a0 con ello lo que venimos demostrando \u00a0desde el a\u00f1o 2000, en nuestra tesis sobre este segmento, de la buena salud ,conocimiento, y experiencia de los&#8230;<\/p>\n","protected":false},"author":1,"featured_media":0,"comment_status":"open","ping_status":"open","sticky":false,"template":"","format":"standard","meta":{"footnotes":""},"categories":[345],"tags":[10635,11088,10219,10556],"class_list":["post-51255","post","type-post","status-publish","format-standard","hentry","category-editorial","tag-elenahonoresdirectora","tag-jimmysanti","tag-semanarioturistamagazine","tag-turismagazine"],"_links":{"self":[{"href":"https:\/\/www.turistamagazine.com\/v2\/index.php?rest_route=\/wp\/v2\/posts\/51255","targetHints":{"allow":["GET"]}}],"collection":[{"href":"https:\/\/www.turistamagazine.com\/v2\/index.php?rest_route=\/wp\/v2\/posts"}],"about":[{"href":"https:\/\/www.turistamagazine.com\/v2\/index.php?rest_route=\/wp\/v2\/types\/post"}],"author":[{"embeddable":true,"href":"https:\/\/www.turistamagazine.com\/v2\/index.php?rest_route=\/wp\/v2\/users\/1"}],"replies":[{"embeddable":true,"href":"https:\/\/www.turistamagazine.com\/v2\/index.php?rest_route=%2Fwp%2Fv2%2Fcomments&post=51255"}],"version-history":[{"count":3,"href":"https:\/\/www.turistamagazine.com\/v2\/index.php?rest_route=\/wp\/v2\/posts\/51255\/revisions"}],"predecessor-version":[{"id":51259,"href":"https:\/\/www.turistamagazine.com\/v2\/index.php?rest_route=\/wp\/v2\/posts\/51255\/revisions\/51259"}],"wp:attachment":[{"href":"https:\/\/www.turistamagazine.com\/v2\/index.php?rest_route=%2Fwp%2Fv2%2Fmedia&parent=51255"}],"wp:term":[{"taxonomy":"category","embeddable":true,"href":"https:\/\/www.turistamagazine.com\/v2\/index.php?rest_route=%2Fwp%2Fv2%2Fcategories&post=51255"},{"taxonomy":"post_tag","embeddable":true,"href":"https:\/\/www.turistamagazine.com\/v2\/index.php?rest_route=%2Fwp%2Fv2%2Ftags&post=51255"}],"curies":[{"name":"wp","href":"https:\/\/api.w.org\/{rel}","templated":true}]}}