{"id":51192,"date":"2021-05-31T15:12:57","date_gmt":"2021-05-31T20:12:57","guid":{"rendered":"http:\/\/www.turistamagazine.com\/v2\/?p=51192"},"modified":"2021-05-31T17:29:04","modified_gmt":"2021-05-31T22:29:04","slug":"industria-aerea-resalta-recuperacion-en-las-americas-y-pide-fin-a-cuarentenas","status":"publish","type":"post","link":"https:\/\/www.turistamagazine.com\/v2\/?p=51192","title":{"rendered":"INDUSTRIA A\u00c9REA RESALTA RECUPERACI\u00d3N EN LAS AM\u00c9RICAS Y PIDE FIN A CUARENTENAS"},"content":{"rendered":"<p style=\"text-align: justify;\"><span style=\"color: #333399;\"><em><strong>31\/05\/2021\/<span style=\"color: #800080;\">La Asociaci\u00f3n Internacional de Transporte A\u00e9reo (IATA) destac\u00f3 este jueves la fuerte recuperaci\u00f3n de los vuelos dom\u00e9sticos en las Am\u00e9ricas, frente a d\u00e9biles se\u00f1ales todav\u00eda en el mercado internacional, y pidi\u00f3 a los pa\u00edses del continente el fin de las cuarentenas y la apertura de las fronteras.<\/span><\/strong><\/em><\/span><\/p>\n<p style=\"text-align: justify;\"><span style=\"color: #333399;\"><em><strong>\u201cLa industria a\u00e9rea est\u00e1 haciendo todo de su parte para ser un socio estrat\u00e9gico seguro y eficiente de los gobiernos, pero necesitamos que levanten las cuarentenas y abran las fronteras\u201d, dijo en una intervenci\u00f3n telem\u00e1tica Peter Cerd\u00e1, vicepresidente regional de la IATA para el continente americano.<\/strong><\/em><\/span><\/p>\n<p style=\"text-align: center;\"><span style=\"color: #800080;\"><em><strong>LOS PA\u00cdSES ABIERTOS SE EST\u00c1N RECUPERANDO M\u00c1S R\u00c1PIDO<\/strong><\/em><\/span><\/p>\n<p style=\"text-align: justify;\"><span style=\"color: #333399;\"><em><strong>Precis\u00f3 que aquellos pa\u00edses \u201ctotalmente abiertos ya\u201d, que han levantado la imposici\u00f3n de la cuarentena, est\u00e1n experimentando una \u201cmejor recuperaci\u00f3n\u201d del sector que los que permanecen cerrados.<\/strong><\/em><\/span><\/p>\n<p style=\"text-align: justify;\"><span style=\"color: #333399;\"><em><strong>Cerd\u00e1 se refiri\u00f3 a la importancia de que todas las personas vacunadas \u201ctengan libertad para viajar\u201d, en momentos en que se percibe una \u201crecuperaci\u00f3n lenta pero constante a nivel global\u201d y existe un \u201cclaro deseo de viajar\u201d.<\/strong><\/em><\/span><\/p>\n<p style=\"text-align: justify;\"><span style=\"color: #333399;\"><em><strong>\u201cCuanto antes se abran las fronteras, m\u00e1s r\u00e1pida ser\u00e1 la recuperaci\u00f3n\u201d, asever\u00f3 en una conferencia virtual el vicepresidente de la IATA para las Am\u00e9ricas, entidad que prev\u00e9 una probable recuperaci\u00f3n completa del mercado dom\u00e9stico entre 2022 y 2023 y del internacional para 2024.<\/strong><\/em><\/span><\/p>\n<p style=\"text-align: justify;\"><span style=\"color: #800080;\"><em><strong>Pero advirti\u00f3 de la \u201cpotencial situaci\u00f3n de casos\u201d y horas de espera en los aeropuertos que pueden encontrarse los pasajeros, por ello, subray\u00f3 que la \u201cdigitalizaci\u00f3n\u201d ser\u00eda de gran ayuda para un \u201creinicio suave\u201d en esta recuperaci\u00f3n del mercado.<\/strong><\/em><\/span><\/p>\n<p style=\"text-align: justify;\"><span style=\"color: #333399;\"><em><strong>Mencion\u00f3 Cerd\u00e1 una serie de mejoras en las pr\u00e1cticas globales, como el hecho de que 27 pa\u00edses del mundo aceptan certificados de vacunaci\u00f3n contra la covid-19 como \u201crequisitos de entrada alternativos\u201d y otros 45 el de ant\u00edgenos como alternativa frente a los test PCR.<\/strong><\/em><\/span><\/p>\n<p style=\"text-align: justify;\"><span style=\"color: #333399;\"><em><strong>Pero todo este proceso necesita de una colaboraci\u00f3n estrecha entre los gobiernos y la industria a\u00e9rea y poder considerar \u201calternativas para los pasajeros vacunados\u201d, una rebaja del coste de los PCR y la \u201cintegraci\u00f3n de las credenciales de viaje digitales\u201d.<\/strong><\/em><\/span><\/p>\n<p style=\"text-align: justify;\"><span style=\"color: #333399;\"><em><strong>A la postre, vaticin\u00f3, los pa\u00edses que \u201cvan eliminado las restricciones y aplicando los protocolos\u201d de seguridad, tendr\u00e1n una \u201crecuperaci\u00f3n m\u00e1s r\u00e1pida que aquellos que han cerrado fronteras\u201d.(\u2026)<\/strong><\/em><\/span><\/p>\n<p style=\"text-align: justify;\"><span style=\"color: #333399;\"><em><strong>F\/ ALN NEWS\/<\/strong><\/em><\/span><\/p>\n<p>&nbsp;<\/p>\n<p>&nbsp;<\/p>\n<p>&nbsp;<\/p>\n","protected":false},"excerpt":{"rendered":"<p>31\/05\/2021\/La Asociaci\u00f3n Internacional de Transporte A\u00e9reo (IATA) destac\u00f3 este jueves la fuerte recuperaci\u00f3n de los vuelos dom\u00e9sticos en las Am\u00e9ricas, frente a d\u00e9biles se\u00f1ales todav\u00eda en el mercado internacional, y pidi\u00f3 a los pa\u00edses del continente el fin de las cuarentenas y la apertura de las fronteras. \u201cLa industria a\u00e9rea est\u00e1 haciendo todo de su parte para ser un socio estrat\u00e9gico seguro y eficiente de los gobiernos, pero necesitamos que levanten las cuarentenas y abran las fronteras\u201d, dijo en una intervenci\u00f3n telem\u00e1tica Peter Cerd\u00e1, vicepresidente regional de la IATA para el continente americano. LOS PA\u00cdSES ABIERTOS SE EST\u00c1N RECUPERANDO M\u00c1S&#8230;<\/p>\n","protected":false},"author":1,"featured_media":45511,"comment_status":"open","ping_status":"open","sticky":false,"template":"","format":"standard","meta":{"footnotes":""},"categories":[4,84],"tags":[10635,10791,10556,2447],"class_list":["post-51192","post","type-post","status-publish","format-standard","has-post-thumbnail","hentry","category-breaking-news","category-internacionales","tag-elenahonoresdirectora","tag-petercerda","tag-turismagazine","tag-iata"],"_links":{"self":[{"href":"https:\/\/www.turistamagazine.com\/v2\/index.php?rest_route=\/wp\/v2\/posts\/51192","targetHints":{"allow":["GET"]}}],"collection":[{"href":"https:\/\/www.turistamagazine.com\/v2\/index.php?rest_route=\/wp\/v2\/posts"}],"about":[{"href":"https:\/\/www.turistamagazine.com\/v2\/index.php?rest_route=\/wp\/v2\/types\/post"}],"author":[{"embeddable":true,"href":"https:\/\/www.turistamagazine.com\/v2\/index.php?rest_route=\/wp\/v2\/users\/1"}],"replies":[{"embeddable":true,"href":"https:\/\/www.turistamagazine.com\/v2\/index.php?rest_route=%2Fwp%2Fv2%2Fcomments&post=51192"}],"version-history":[{"count":2,"href":"https:\/\/www.turistamagazine.com\/v2\/index.php?rest_route=\/wp\/v2\/posts\/51192\/revisions"}],"predecessor-version":[{"id":51201,"href":"https:\/\/www.turistamagazine.com\/v2\/index.php?rest_route=\/wp\/v2\/posts\/51192\/revisions\/51201"}],"wp:featuredmedia":[{"embeddable":true,"href":"https:\/\/www.turistamagazine.com\/v2\/index.php?rest_route=\/wp\/v2\/media\/45511"}],"wp:attachment":[{"href":"https:\/\/www.turistamagazine.com\/v2\/index.php?rest_route=%2Fwp%2Fv2%2Fmedia&parent=51192"}],"wp:term":[{"taxonomy":"category","embeddable":true,"href":"https:\/\/www.turistamagazine.com\/v2\/index.php?rest_route=%2Fwp%2Fv2%2Fcategories&post=51192"},{"taxonomy":"post_tag","embeddable":true,"href":"https:\/\/www.turistamagazine.com\/v2\/index.php?rest_route=%2Fwp%2Fv2%2Ftags&post=51192"}],"curies":[{"name":"wp","href":"https:\/\/api.w.org\/{rel}","templated":true}]}}