{"id":51008,"date":"2021-05-20T17:00:03","date_gmt":"2021-05-20T22:00:03","guid":{"rendered":"http:\/\/www.turistamagazine.com\/v2\/?p=51008"},"modified":"2021-05-20T17:00:03","modified_gmt":"2021-05-20T22:00:03","slug":"jorge-montoya-si-alguien-intenta-romper-la-constitucion-sera-vacado-definitivamente","status":"publish","type":"post","link":"https:\/\/www.turistamagazine.com\/v2\/?p=51008","title":{"rendered":"JORGE MONTOYA: SI ALGUIEN INTENTA ROMPER LA CONSTITUCI\u00d3N SER\u00c1 VACADO DEFINITIVAMENTE"},"content":{"rendered":"<p style=\"text-align: center;\"><span style=\"color: #800080;\"><em><strong>El virtual congresista por Renovaci\u00f3n Popular indic\u00f3 que el pr\u00f3ximo Congreso ser\u00e1n fiscalizadores.<\/strong><\/em><\/span><\/p>\n<p style=\"text-align: justify;\"><span style=\"color: #333399;\"><em><strong>20\/05\/2021\/ Lima.- Jorge Montoya, virtual congresista por Renovaci\u00f3n Popular, sostuvo que si un presidente que rompe el orden constitucional dejar de ser jefe de las Fuerzas Armadas.<\/strong><\/em><\/span><\/p>\n<p style=\"text-align: justify;\"><span style=\"color: #333399;\"><em><strong><span style=\"color: #800080;\">\u201cSi ese gobierno que entra al poder cambia las leyes radicalmente deja de ser constitucional. El Congreso lo puedo tener y las Fuerzas Armadas pueden responder a las \u00f3rdenes del Congreso\u201d,<\/span> manifest\u00f3 en el programa \u201cBeto a Saber\u201d.<\/strong><\/em><\/span><\/p>\n<p style=\"text-align: justify;\"><span style=\"color: #333399;\"><em><strong>\u201cSi se sale del marco constitucional se acaba el poder que tiene el Jefe Supremo de las Fuerzas Armadas\u201d, agreg\u00f3.<\/strong><\/em><\/span><\/p>\n<p style=\"text-align: justify;\"><span style=\"color: #333399;\"><em><strong>Asimismo, Montoya indic\u00f3 que en el pr\u00f3ximo Congreso ser\u00e1n fiscalizadores y <span style=\"color: #800080;\">\u201csi alguien intenta romper la constituci\u00f3n ser\u00e1 vacado definitivamente porque esa persona rompi\u00f3 los c\u00e1nones democr\u00e1ticos\u201d.<\/span><\/strong><\/em><\/span><\/p>\n<p style=\"text-align: justify;\"><span style=\"color: #333399;\"><em><strong>En otro momento, el virtual congresista por Renovaci\u00f3n Popular sostuvo que \u201cel Congreso debe ser dialogante y llegar a acuerdos\u201d ante un eventual gobierno de Keiko Fujimori.<\/strong><\/em><\/span><\/p>\n<p style=\"text-align: justify;\"><span style=\"color: #333399;\"><em><strong><span style=\"color: #800080;\">\u00abSe debe reactivar la empresa privada, invertir en grandes obras de infraestructura para generar puestos de trabajos, las deudas de los peque\u00f1os empresarios deben solucionarse de forma inmediata y para hacer se necesita consenso de todas las bancadas\u00bb<\/span>, expres\u00f3.<\/strong><\/em><\/span><\/p>\n<p>F\/Diario Expreso<\/p>\n","protected":false},"excerpt":{"rendered":"<p>El virtual congresista por Renovaci\u00f3n Popular indic\u00f3 que el pr\u00f3ximo Congreso ser\u00e1n fiscalizadores. 20\/05\/2021\/ Lima.- Jorge Montoya, virtual congresista por Renovaci\u00f3n Popular, sostuvo que si un presidente que rompe el orden constitucional dejar de ser jefe de las Fuerzas Armadas. \u201cSi ese gobierno que entra al poder cambia las leyes radicalmente deja de ser constitucional. El Congreso lo puedo tener y las Fuerzas Armadas pueden responder a las \u00f3rdenes del Congreso\u201d, manifest\u00f3 en el programa \u201cBeto a Saber\u201d. \u201cSi se sale del marco constitucional se acaba el poder que tiene el Jefe Supremo de las Fuerzas Armadas\u201d, agreg\u00f3. Asimismo, Montoya&#8230;<\/p>\n","protected":false},"author":1,"featured_media":51009,"comment_status":"open","ping_status":"open","sticky":false,"template":"","format":"standard","meta":{"footnotes":""},"categories":[4,82],"tags":[10635,11051,10219,10556],"class_list":["post-51008","post","type-post","status-publish","format-standard","has-post-thumbnail","hentry","category-breaking-news","category-nacionales","tag-elenahonoresdirectora","tag-jorgemontoya","tag-semanarioturistamagazine","tag-turismagazine"],"_links":{"self":[{"href":"https:\/\/www.turistamagazine.com\/v2\/index.php?rest_route=\/wp\/v2\/posts\/51008","targetHints":{"allow":["GET"]}}],"collection":[{"href":"https:\/\/www.turistamagazine.com\/v2\/index.php?rest_route=\/wp\/v2\/posts"}],"about":[{"href":"https:\/\/www.turistamagazine.com\/v2\/index.php?rest_route=\/wp\/v2\/types\/post"}],"author":[{"embeddable":true,"href":"https:\/\/www.turistamagazine.com\/v2\/index.php?rest_route=\/wp\/v2\/users\/1"}],"replies":[{"embeddable":true,"href":"https:\/\/www.turistamagazine.com\/v2\/index.php?rest_route=%2Fwp%2Fv2%2Fcomments&post=51008"}],"version-history":[{"count":1,"href":"https:\/\/www.turistamagazine.com\/v2\/index.php?rest_route=\/wp\/v2\/posts\/51008\/revisions"}],"predecessor-version":[{"id":51010,"href":"https:\/\/www.turistamagazine.com\/v2\/index.php?rest_route=\/wp\/v2\/posts\/51008\/revisions\/51010"}],"wp:featuredmedia":[{"embeddable":true,"href":"https:\/\/www.turistamagazine.com\/v2\/index.php?rest_route=\/wp\/v2\/media\/51009"}],"wp:attachment":[{"href":"https:\/\/www.turistamagazine.com\/v2\/index.php?rest_route=%2Fwp%2Fv2%2Fmedia&parent=51008"}],"wp:term":[{"taxonomy":"category","embeddable":true,"href":"https:\/\/www.turistamagazine.com\/v2\/index.php?rest_route=%2Fwp%2Fv2%2Fcategories&post=51008"},{"taxonomy":"post_tag","embeddable":true,"href":"https:\/\/www.turistamagazine.com\/v2\/index.php?rest_route=%2Fwp%2Fv2%2Ftags&post=51008"}],"curies":[{"name":"wp","href":"https:\/\/api.w.org\/{rel}","templated":true}]}}