{"id":5068,"date":"2014-06-07T16:29:02","date_gmt":"2014-06-07T21:29:02","guid":{"rendered":"http:\/\/www.turistamagazine.com\/v2\/?p=5068"},"modified":"2014-06-07T16:29:02","modified_gmt":"2014-06-07T21:29:02","slug":"peru-fernan-altuve-lanzara-manana-su-candidatura-a-la-alcaldia","status":"publish","type":"post","link":"https:\/\/www.turistamagazine.com\/v2\/?p=5068","title":{"rendered":"PERU: FERN\u00c1N ALTUVE LANZAR\u00c1 MA\u00d1ANA SU CANDIDATURA A LA ALCALD\u00cdA"},"content":{"rendered":"<p style=\"text-align: justify;\">Lima.- El regidor de Lima Fern\u00e1n Altuve Febres anunciar\u00e1 ma\u00f1ana su intenci\u00f3n de postular a la alcald\u00eda de Lima en las elecciones del 5 de octubre pr\u00f3ximo.<\/p>\n<p style=\"text-align: justify;\">Con este prop\u00f3sito, el abogado convoc\u00f3 a una conferencia de prensa para\u00a0 este domingo 8 de junio a las 10:45 a.m en la esquina de las avenidas Paseo Col\u00f3n y Washington.<\/p>\n<p style=\"text-align: justify;\">Entre sus principales propuestas, Altuve Febres plantea combatir la inseguridad ciudadana, reordenar el problema del caos del transporte lime\u00f1o y potenciar las obras viales que Lima precisa.<\/p>\n<p style=\"text-align: justify;\">En la campa\u00f1a electoral del a\u00f1o 2010, el entonces l\u00edder de Cambio Radical, \u00c1lex Kouri, fue tachado por el Jurado Nacional de Elecciones.<\/p>\n<p style=\"text-align: justify;\">Quien decidi\u00f3 continuar la campa\u00f1a como \u00abprimer regidor\u00bb fue el excongresista Altuve. Empez\u00f3 a realizar recorridos por diversas zonas de la capital y fue llamado popularmente &#8216;Huevoduro&#8217;. Tras ese traj\u00edn lograr\u00eda un puesto en el actual concejo capitalino.<\/p>\n<p style=\"text-align: justify;\">\u00a0SUS CONTRINCANTES<\/p>\n<p style=\"text-align: justify;\">Hasta el momento, son pocos los candidatos confirmados. La alcaldesa de Lima, Susana, confirm\u00f3 ayer que buscar\u00e1 un segundo mandato.<\/p>\n<p style=\"text-align: justify;\">\u00a0El actual alcalde de San Miguel, Salvador Heresi Chicoma, tambi\u00e9n desea ocupar el sill\u00f3n edil capitalino.<\/p>\n<p style=\"text-align: justify;\">\u00a0En la vereda del Partido Popular Cristiano, el candidato saldr\u00e1 de la disputa interna que tendr\u00e1n Jaime Zea y Alberto Valenzuela este 14 de junio.<\/p>\n<p style=\"text-align: justify;\">\u00a0Los a\u00fan no confirmados son Enrique Cornejo (Apra) y Luis Casta\u00f1eda Lossio, l\u00edder de Solidaridad Nacional, que a\u00fan no ha tocado el tema, aunque todo indica que s\u00ed postular\u00eda.<\/p>\n<p style=\"text-align: justify;\"><em><strong><span style=\"color: #000080;\">Nosotros estamos convencidos de que Altuve ser\u00eda un Alcalde de lujo, lamentablemente la masa, el pueblo que ya se conform\u00f3 con el \u00a0\u00abNo importa que robe pero que haga obra\u00bb \u00bfvotar\u00e1 por \u00e9l? tal vez depende de la campa\u00f1a que haga<\/span><\/strong><\/em><\/p>\n<p style=\"text-align: justify;\">F\/ El Comercio<\/p>\n","protected":false},"excerpt":{"rendered":"<p>Lima.- El regidor de Lima Fern\u00e1n Altuve Febres anunciar\u00e1 ma\u00f1ana su intenci\u00f3n de postular a la alcald\u00eda de Lima en las elecciones del 5 de octubre pr\u00f3ximo. Con este prop\u00f3sito, el abogado convoc\u00f3 a una conferencia de prensa para\u00a0 este domingo 8 de junio a las 10:45 a.m en la esquina de las avenidas Paseo Col\u00f3n y Washington. Entre sus principales propuestas, Altuve Febres plantea combatir la inseguridad ciudadana, reordenar el problema del caos del transporte lime\u00f1o y potenciar las obras viales que Lima precisa. En la campa\u00f1a electoral del a\u00f1o 2010, el entonces l\u00edder de Cambio Radical, \u00c1lex Kouri,&#8230;<\/p>\n","protected":false},"author":1,"featured_media":0,"comment_status":"open","ping_status":"open","sticky":false,"template":"","format":"standard","meta":{"footnotes":""},"categories":[4,82],"tags":[1847,1851,1848,1849,1850,140],"class_list":["post-5068","post","type-post","status-publish","format-standard","hentry","category-breaking-news","category-nacionales","tag-elecciones-municipales-2014","tag-enrique-cornejo","tag-fernan-altuve","tag-luis-castaneda-lossio","tag-salvador-heresi","tag-susana-villaran"],"_links":{"self":[{"href":"https:\/\/www.turistamagazine.com\/v2\/index.php?rest_route=\/wp\/v2\/posts\/5068","targetHints":{"allow":["GET"]}}],"collection":[{"href":"https:\/\/www.turistamagazine.com\/v2\/index.php?rest_route=\/wp\/v2\/posts"}],"about":[{"href":"https:\/\/www.turistamagazine.com\/v2\/index.php?rest_route=\/wp\/v2\/types\/post"}],"author":[{"embeddable":true,"href":"https:\/\/www.turistamagazine.com\/v2\/index.php?rest_route=\/wp\/v2\/users\/1"}],"replies":[{"embeddable":true,"href":"https:\/\/www.turistamagazine.com\/v2\/index.php?rest_route=%2Fwp%2Fv2%2Fcomments&post=5068"}],"version-history":[{"count":2,"href":"https:\/\/www.turistamagazine.com\/v2\/index.php?rest_route=\/wp\/v2\/posts\/5068\/revisions"}],"predecessor-version":[{"id":5071,"href":"https:\/\/www.turistamagazine.com\/v2\/index.php?rest_route=\/wp\/v2\/posts\/5068\/revisions\/5071"}],"wp:attachment":[{"href":"https:\/\/www.turistamagazine.com\/v2\/index.php?rest_route=%2Fwp%2Fv2%2Fmedia&parent=5068"}],"wp:term":[{"taxonomy":"category","embeddable":true,"href":"https:\/\/www.turistamagazine.com\/v2\/index.php?rest_route=%2Fwp%2Fv2%2Fcategories&post=5068"},{"taxonomy":"post_tag","embeddable":true,"href":"https:\/\/www.turistamagazine.com\/v2\/index.php?rest_route=%2Fwp%2Fv2%2Ftags&post=5068"}],"curies":[{"name":"wp","href":"https:\/\/api.w.org\/{rel}","templated":true}]}}