{"id":50551,"date":"2021-04-23T11:32:44","date_gmt":"2021-04-23T16:32:44","guid":{"rendered":"http:\/\/www.turistamagazine.com\/v2\/?p=50551"},"modified":"2021-04-23T11:32:45","modified_gmt":"2021-04-23T16:32:45","slug":"el-papa-la-pandemia-nos-enseno-que-tenemos-medios-para-frenar-cambio-climatico","status":"publish","type":"post","link":"https:\/\/www.turistamagazine.com\/v2\/?p=50551","title":{"rendered":"EL PAPA: LA PANDEMIA NOS ENSE\u00d1\u00d3 QUE TENEMOS MEDIOS PARA FRENAR CAMBIO CLIM\u00c1TICO"},"content":{"rendered":"<p>POR\u00a0<a href=\"https:\/\/plus.google.com\/101628352426323764853?rel=author\">MIGUEL P\u00c9REZ PICHEL<\/a>\u00a0| ACI Prensa<\/p>\n<p style=\"text-align: justify;\">2<span style=\"color: #333399;\"><em><strong>4\/04\/2021\/ Vaticano.- <span style=\"color: #800080;\">Con motivo de la Jornada Mundial de la Tierra, que se celebr\u00f3 este jueves 22 de abril, el Papa Francisco afirm\u00f3 en un video mensaje que la pandemia de coronavirus ha demostrado \u201cs\u00ed tenemos los medios para enfrentar el desaf\u00edo\u201d del cambio clim\u00e1tico\u201d.<\/span><\/strong><\/em><\/span><\/p>\n<p style=\"text-align: justify;\"><span style=\"color: #333399;\"><em><strong>En el video, insisti\u00f3 tambi\u00e9n en que \u201clas interacciones humanas con la biodiversidad de Dios (que Dios nos ha dado) deben hacerse con el m\u00e1ximo cuidado y con respeto: cuidar la biodiversidad, cuidar la naturaleza\u201d.<\/strong><\/em><\/span><\/p>\n<p style=\"text-align: justify;\"><span style=\"color: #333399;\"><em><strong>Una lecci\u00f3n que, seg\u00fan subray\u00f3, <span style=\"color: #800080;\">\u201cen esta pandemia lo hemos aprendido mucho m\u00e1s\u201d.<\/span><\/strong><\/em><\/span><\/p>\n<p style=\"text-align: justify;\"><span style=\"color: #333399;\"><em><strong>El Santo Padre explic\u00f3 que la pandemia de coronavirus \u201cnos ha demostrado qu\u00e9 ocurre cuando el mundo se para, hace una pausa, aunque sea de unos pocos meses\u201d, y \u201ctambi\u00e9n nos ense\u00f1a m\u00e1s sobre lo que necesitamos hacer para crear un planeta justo, equitativo, ambientalmente seguro\u201d.<\/strong><\/em><\/span><\/p>\n<p style=\"text-align: justify;\"><span style=\"color: #800080;\"><em><strong>\u201cLa pandemia del Covid nos ha ense\u00f1ado esta interdependencia, este compartir el planeta\u201d, afirm\u00f3. \u201cY ambas cat\u00e1strofes globales, Covid y el clima, demuestran que no tenemos tiempo para esperar\u201d.<\/strong><\/em><\/span><\/p>\n<p style=\"text-align: justify;\"><span style=\"color: #333399;\"><em><strong>Insisti\u00f3 en que \u201cel tiempo nos apremia y que, como lo ha demostrado la Covid-19, s\u00ed tenemos los medios para enfrentar el desaf\u00edo. Tenemos los medios. Es el momento de actuar, estamos en el l\u00edmite\u201d.<\/strong><\/em><\/span><\/p>\n<p style=\"text-align: justify;\"><span style=\"color: #333399;\"><em><strong>El Papa Francisco quiso ilustrar su mensaje con<span style=\"color: #800080;\"> \u201cun dicho viejo, espa\u00f1ol: \u2018Dios perdona siempre, los hombres perdonamos de vez en cuando, la naturaleza no perdona m\u00e1s\u2019\u201d.<\/span><\/strong><\/em><\/span><\/p>\n<p style=\"text-align: justify;\"><span style=\"color: #333399;\"><em><strong>Asegur\u00f3 que \u201ccuando se gatilla esta destrucci\u00f3n de la naturaleza es muy dif\u00edcil frenarla, pero todav\u00eda estamos a tiempo\u201d.<\/strong><\/em><\/span><\/p>\n<p style=\"text-align: justify;\"><span style=\"color: #333399;\"><em><strong>\u201cLa adversidad que estamos viviendo con la pandemia, y que ya en el cambio clim\u00e1tico la sentimos, nos ha de impulsar, nos tiene que impulsar a la innovaci\u00f3n, a la invenci\u00f3n, a buscar caminos nuevos. De una crisis no se sale igual, salimos mejores o peores. Este es el desaf\u00edo, y si no salimos mejores vamos por un camino de autodestrucci\u00f3n\u201d, hizo hincapi\u00e9.<\/strong><\/em><\/span><\/p>\n<p style=\"text-align: justify;\"><span style=\"color: #333399;\"><em><strong><span style=\"color: #800080;\">Al final de su mensaje de video, el Papa llam\u00f3 a los l\u00edderes del mundo a actuar con valent\u00eda, con justicia \u201cy que siempre digan la verdad a la gente, para que la gente sepa c\u00f3mo protegerse de la destrucci\u00f3n del planeta, c\u00f3mo proteger al planeta de la destrucci\u00f3n que muchas veces nosotros gatillamos\u201d<\/span>.<\/strong><\/em><\/span><\/p>\n<p>&nbsp;<\/p>\n","protected":false},"excerpt":{"rendered":"<p>POR\u00a0MIGUEL P\u00c9REZ PICHEL\u00a0| ACI Prensa 24\/04\/2021\/ Vaticano.- Con motivo de la Jornada Mundial de la Tierra, que se celebr\u00f3 este jueves 22 de abril, el Papa Francisco afirm\u00f3 en un video mensaje que la pandemia de coronavirus ha demostrado \u201cs\u00ed tenemos los medios para enfrentar el desaf\u00edo\u201d del cambio clim\u00e1tico\u201d. En el video, insisti\u00f3 tambi\u00e9n en que \u201clas interacciones humanas con la biodiversidad de Dios (que Dios nos ha dado) deben hacerse con el m\u00e1ximo cuidado y con respeto: cuidar la biodiversidad, cuidar la naturaleza\u201d. Una lecci\u00f3n que, seg\u00fan subray\u00f3, \u201cen esta pandemia lo hemos aprendido mucho m\u00e1s\u201d. El Santo&#8230;<\/p>\n","protected":false},"author":1,"featured_media":0,"comment_status":"open","ping_status":"open","sticky":false,"template":"","format":"standard","meta":{"footnotes":""},"categories":[4,84],"tags":[10601,10635,10515,10219,10556],"class_list":["post-50551","post","type-post","status-publish","format-standard","hentry","category-breaking-news","category-internacionales","tag-covid19","tag-elenahonoresdirectora","tag-papafrancisco","tag-semanarioturistamagazine","tag-turismagazine"],"_links":{"self":[{"href":"https:\/\/www.turistamagazine.com\/v2\/index.php?rest_route=\/wp\/v2\/posts\/50551","targetHints":{"allow":["GET"]}}],"collection":[{"href":"https:\/\/www.turistamagazine.com\/v2\/index.php?rest_route=\/wp\/v2\/posts"}],"about":[{"href":"https:\/\/www.turistamagazine.com\/v2\/index.php?rest_route=\/wp\/v2\/types\/post"}],"author":[{"embeddable":true,"href":"https:\/\/www.turistamagazine.com\/v2\/index.php?rest_route=\/wp\/v2\/users\/1"}],"replies":[{"embeddable":true,"href":"https:\/\/www.turistamagazine.com\/v2\/index.php?rest_route=%2Fwp%2Fv2%2Fcomments&post=50551"}],"version-history":[{"count":1,"href":"https:\/\/www.turistamagazine.com\/v2\/index.php?rest_route=\/wp\/v2\/posts\/50551\/revisions"}],"predecessor-version":[{"id":50552,"href":"https:\/\/www.turistamagazine.com\/v2\/index.php?rest_route=\/wp\/v2\/posts\/50551\/revisions\/50552"}],"wp:attachment":[{"href":"https:\/\/www.turistamagazine.com\/v2\/index.php?rest_route=%2Fwp%2Fv2%2Fmedia&parent=50551"}],"wp:term":[{"taxonomy":"category","embeddable":true,"href":"https:\/\/www.turistamagazine.com\/v2\/index.php?rest_route=%2Fwp%2Fv2%2Fcategories&post=50551"},{"taxonomy":"post_tag","embeddable":true,"href":"https:\/\/www.turistamagazine.com\/v2\/index.php?rest_route=%2Fwp%2Fv2%2Ftags&post=50551"}],"curies":[{"name":"wp","href":"https:\/\/api.w.org\/{rel}","templated":true}]}}