{"id":50489,"date":"2021-04-22T01:17:22","date_gmt":"2021-04-22T06:17:22","guid":{"rendered":"http:\/\/www.turistamagazine.com\/v2\/?p=50489"},"modified":"2021-04-23T13:12:44","modified_gmt":"2021-04-23T18:12:44","slug":"peru-tendra-3-8-millones-de-vacunas-contra-el-covid-19-en-mayo","status":"publish","type":"post","link":"https:\/\/www.turistamagazine.com\/v2\/?p=50489","title":{"rendered":"PER\u00da TENDR\u00c1 3.8 MILLONES DE VACUNAS CONTRA EL COVID-19 EN MAYO"},"content":{"rendered":"<p style=\"text-align: justify;\"><span style=\"color: #333399;\"><em><strong>22\/04\/2021\/ Lima.-El Per\u00fa contar\u00e1 en mayo pr\u00f3ximo con un total de 3 millones 800,000 dosis de la vacuna contra el covid-19, lo que permitir\u00e1 cumplir con los objetivos de inmunizar a la poblaci\u00f3n adulta mayor desde los 60 a\u00f1os hacia fines de junio en todo el Per\u00fa, inform\u00f3 el vocero del Ministerio de Salud (Minsa), Arturo Granados.<\/strong><\/em><\/span><\/p>\n<p style=\"text-align: justify;\"><span style=\"color: #333399;\"><em><strong><span style=\"color: #800080;\">\u00abEso nos va a permitir avanzar a los prop\u00f3sitos que tenemos con la meta de llegar a fines de junio con la cobertura de los mayores de 60 a\u00f1os, que es el grupo de la poblaci\u00f3n m\u00e1s vulnerable\u00bb,<\/span> recalco Granados en Andina al D\u00eda.<\/strong><\/em><\/span><\/p>\n<p style=\"text-align: justify;\"><span style=\"color: #333399;\"><em><strong>En esa l\u00ednea, dijo que en Lima se realiza un trabajo muy intenso con los alcaldes distritales a fin de la habilitaci\u00f3n de los centros de vacunaci\u00f3n en sus jurisdicciones.<\/strong><\/em><\/span><\/p>\n<p style=\"text-align: justify;\"><span style=\"color: #333399;\"><em><strong><span style=\"color: #800080;\">\u201cEl Ministerio de Salud o las sanidades ponen las brigadas de vacunaci\u00f3n y progresivamente vamos a ir incrementando la presencia de la vacunaci\u00f3n gracias tambi\u00e9n a que tenemos una disponibilidad de vacunas importante\u201d<\/span>, anot\u00f3.<\/strong><\/em><\/span><\/p>\n<p style=\"text-align: justify;\"><span style=\"color: #333399;\"><em><strong>Granados detall\u00f3 que hasta el lunes 19 de abril se ha vacunado a 70,000 adultos mayores de 80 a\u00f1os, que representa el 60 % de las personas de este grupo etario que deben vacunarse en 22 distritos de Lima y Callao.<\/strong><\/em><\/span><\/p>\n<p style=\"text-align: justify;\"><span style=\"color: #333399;\"><em><strong>Agreg\u00f3 que el pr\u00f3ximo fin de semana, del 23 al 25 de mayo, se seguir\u00e1 vacunando en 27 distritos de Lima y Callao.<\/strong><\/em><\/span><\/p>\n<p style=\"text-align: justify;\"><span style=\"color: #333399;\"><em><strong><span style=\"color: #800080;\">\u201cHay mucho compromiso de las familias y, adem\u00e1s, mucha alegr\u00eda y esperanza en los mayores de 80 a\u00f1os que han cumplido una jornada muy emotiva que nos anima a seguir trabajando\u201d<\/span>, subray\u00f3 en Andina al D\u00eda.<\/strong><\/em><\/span><\/p>\n<p style=\"text-align: justify;\"><span style=\"color: #333399;\"><em><strong>Dijo que los adultos que no se han vacunado hasta el momento son aquellos que no pueden ser vacunados de acuerdo a la evaluaci\u00f3n m\u00e9dica; mientras que otros tienen problemas de movilidad, no les lleg\u00f3 la informaci\u00f3n o simplemente no quieren vacunarse.<\/strong><\/em><\/span><\/p>\n<p style=\"text-align: justify;\"><span style=\"color: #333399;\"><em><strong><span style=\"color: #800080;\">\u201cLas personas que han quedado rezagadas pueden ir a los centros de vacunaci\u00f3n en su distrito y en la medida en que vayamos comunicando mejor y que vaya increment\u00e1ndose la confianza en la vacuna consideramos que vamos a ir progresivamente cerrando las brechas de cobertura\u201d<\/span>, manifest\u00f3.<\/strong><\/em><\/span><\/p>\n","protected":false},"excerpt":{"rendered":"<p>22\/04\/2021\/ Lima.-El Per\u00fa contar\u00e1 en mayo pr\u00f3ximo con un total de 3 millones 800,000 dosis de la vacuna contra el covid-19, lo que permitir\u00e1 cumplir con los objetivos de inmunizar a la poblaci\u00f3n adulta mayor desde los 60 a\u00f1os hacia fines de junio en todo el Per\u00fa, inform\u00f3 el vocero del Ministerio de Salud (Minsa), Arturo Granados. \u00abEso nos va a permitir avanzar a los prop\u00f3sitos que tenemos con la meta de llegar a fines de junio con la cobertura de los mayores de 60 a\u00f1os, que es el grupo de la poblaci\u00f3n m\u00e1s vulnerable\u00bb, recalco Granados en Andina al&#8230;<\/p>\n","protected":false},"author":1,"featured_media":50490,"comment_status":"open","ping_status":"open","sticky":false,"template":"","format":"standard","meta":{"footnotes":""},"categories":[4,82],"tags":[10635,10219,10556,10594],"class_list":["post-50489","post","type-post","status-publish","format-standard","has-post-thumbnail","hentry","category-breaking-news","category-nacionales","tag-elenahonoresdirectora","tag-semanarioturistamagazine","tag-turismagazine","tag-vacunaenelperu"],"_links":{"self":[{"href":"https:\/\/www.turistamagazine.com\/v2\/index.php?rest_route=\/wp\/v2\/posts\/50489","targetHints":{"allow":["GET"]}}],"collection":[{"href":"https:\/\/www.turistamagazine.com\/v2\/index.php?rest_route=\/wp\/v2\/posts"}],"about":[{"href":"https:\/\/www.turistamagazine.com\/v2\/index.php?rest_route=\/wp\/v2\/types\/post"}],"author":[{"embeddable":true,"href":"https:\/\/www.turistamagazine.com\/v2\/index.php?rest_route=\/wp\/v2\/users\/1"}],"replies":[{"embeddable":true,"href":"https:\/\/www.turistamagazine.com\/v2\/index.php?rest_route=%2Fwp%2Fv2%2Fcomments&post=50489"}],"version-history":[{"count":2,"href":"https:\/\/www.turistamagazine.com\/v2\/index.php?rest_route=\/wp\/v2\/posts\/50489\/revisions"}],"predecessor-version":[{"id":50565,"href":"https:\/\/www.turistamagazine.com\/v2\/index.php?rest_route=\/wp\/v2\/posts\/50489\/revisions\/50565"}],"wp:featuredmedia":[{"embeddable":true,"href":"https:\/\/www.turistamagazine.com\/v2\/index.php?rest_route=\/wp\/v2\/media\/50490"}],"wp:attachment":[{"href":"https:\/\/www.turistamagazine.com\/v2\/index.php?rest_route=%2Fwp%2Fv2%2Fmedia&parent=50489"}],"wp:term":[{"taxonomy":"category","embeddable":true,"href":"https:\/\/www.turistamagazine.com\/v2\/index.php?rest_route=%2Fwp%2Fv2%2Fcategories&post=50489"},{"taxonomy":"post_tag","embeddable":true,"href":"https:\/\/www.turistamagazine.com\/v2\/index.php?rest_route=%2Fwp%2Fv2%2Ftags&post=50489"}],"curies":[{"name":"wp","href":"https:\/\/api.w.org\/{rel}","templated":true}]}}