{"id":50147,"date":"2021-03-30T16:44:46","date_gmt":"2021-03-30T21:44:46","guid":{"rendered":"http:\/\/www.turistamagazine.com\/v2\/?p=50147"},"modified":"2021-03-31T10:25:28","modified_gmt":"2021-03-31T15:25:28","slug":"domingo-de-ramos-con-comunion-y-sin-palmas","status":"publish","type":"post","link":"https:\/\/www.turistamagazine.com\/v2\/?p=50147","title":{"rendered":"DOMINGO DE RAMOS CON COMUNI\u00d3N Y SIN PALMAS\u2026"},"content":{"rendered":"<p style=\"text-align: justify;\"><span style=\"color: #800080;\"><em><strong><a href=\"https:\/\/www.turistamagazine.com\/v2\/wp-content\/uploads\/2019\/12\/foto14.jpg\"><img decoding=\"async\" class=\"wp-image-43167 alignleft\" src=\"https:\/\/www.turistamagazine.com\/v2\/wp-content\/uploads\/2019\/12\/foto14.jpg\" alt=\"\" width=\"170\" height=\"225\" srcset=\"https:\/\/www.turistamagazine.com\/v2\/wp-content\/uploads\/2019\/12\/foto14.jpg 408w, https:\/\/www.turistamagazine.com\/v2\/wp-content\/uploads\/2019\/12\/foto14-227x300.jpg 227w, https:\/\/www.turistamagazine.com\/v2\/wp-content\/uploads\/2019\/12\/foto14-317x420.jpg 317w\" sizes=\"(max-width: 170px) 100vw, 170px\" \/><\/a>Deseo compartir con Uds. mis amigos y dilectos lectores que nos siguen a\u00f1o tras a\u00f1o, la emoci\u00f3n que sentimos este Domingo de Ramos, tan diferente a cuantos hemos vivido durante toda nuestra vida.<\/strong><\/em><\/span><\/p>\n<p style=\"text-align: justify;\"><span style=\"color: #333399;\"><em><strong>De primera intenci\u00f3n, les contaremos que despu\u00e9s de un a\u00f1o tuvimos la dicha de\u00a0 estar presentes en nuestra parroquia <span style=\"color: #800080;\">San Judas Tadeo<\/span> en el distrito de San Miguel y recibir la Santa comuni\u00f3n, despu\u00e9s de un largo \u00a0a\u00f1o \u00a0de confinamiento el cual todav\u00eda no termina \u00a0en el que las Iglesias han permanecido cerradas\u2026naturalmente\u00a0\u00a0 hemos hecho la comuni\u00f3n espiritual \u00a0y con mucha frecuencia<\/strong><\/em><\/span><\/p>\n<p style=\"text-align: justify;\"><span style=\"color: #800080;\"><em><strong>Para cat\u00f3licos practicantes\u00a0\u00a0 como nosotros, es algo emocionalmente inexpresable\u2026. Es una emoci\u00f3n tan grandiosa que nos lleva hasta las l\u00e1grimas\u2026 comulgar\u00a0 pensamos que para todos los creyentes es algo especial, pero\u00a0 para la \u00a0comunidad\u00a0 de \u201cAdoradores del Sant\u00edsimo Sacramento\u201d a la cual pertenecemos, adquiere \u00a0una connotaci\u00f3n especial.<\/strong><\/em><\/span><\/p>\n<p style=\"text-align: justify;\"><span style=\"color: #333399;\"><em><strong>Les contamos, en esos momentos aciagos que vivimos \u00a0hace algunos a\u00f1os que a nadie le falta en la vida, visit\u00e9 \u00a0por casualidad el Santuario del Sagrado Coraz\u00f3n de Jes\u00fas de Barranco, era una Iglesia que no me quedaba nada cerca al lugar donde viv\u00eda, \u00a0llegu\u00e9 en realidad buscando una imagen especial, y observando el hermoso templo\u00a0 me percato de \u00a0un aviso grande donde ped\u00edan que se inscribieran las personas que quer\u00edan pertenecer a este grupo, <span style=\"color: #800080;\">\u00bfY de que se trataba? \u00a0Pues nada menos \u00a0de que inaugurar\u00edan muy pronto la Capilla Perpetua de Adoraci\u00f3n al Sant\u00edsimo\u2026<\/span><\/strong><\/em><\/span><\/p>\n<p style=\"text-align: justify;\"><span style=\"color: #333399;\"><em><strong>Hab\u00edan \u00a0diferentes turnos, les recuerdo amigos lectores que perpetua quiere decir las 24 horas del d\u00eda todos los a\u00f1os que tu salud y vida te permitan\u2026 Y pensamos \u201cDios nos da tanto en la vida\u201d \u00bfPor qu\u00e9 no dar una hora de nuestro tiempo a estar a su lado y acompa\u00f1arlo?\u2026\u00a0 Y as\u00ed lo hicimos durante bastante tiempo, luego nos mudamos y tuvimos la suerte de tener una parroquia cerca donde hay Capilla\u00a0 dedicada a la Exposici\u00f3n del Sant\u00edsimo, no es perpetua, porque perpetua s\u00f3lo existen 5 en Lima \u00a0consagradas a\u00a0 la adoraci\u00f3n eucar\u00edstica perpetua.\u00a0<\/strong><\/em><\/span><\/p>\n<p style=\"text-align: justify;\"><span style=\"color: #800080;\"><em><strong>Esta pr\u00e1ctica religiosa trata de que cada persona comprometida acompa\u00f1e al sant\u00edsimo durante una hora, la mejor que le acomode, y realmente la experiencia\u00a0 que se vive \u00a0es indescriptible desde que uno ingresa a la capilla el silencio, la paz, ese recogimiento y seguridad que siente cada persona de acuerdo a su sensibilidad y fe evidentemente, hace \u00a0que la hora mis queridos amigos se pase volando\u2026lo decimos con conocimiento de causa.<\/strong><\/em><\/span><\/p>\n<p style=\"text-align: justify;\"><span style=\"color: #333399;\"><em><strong>Hemos vivido experiencias muy fuertes durante esas horas que le hemos dedicado a nuestro Padre amado\u2026 Siempre ser\u00e1n muy pocas en retribuci\u00f3n de todo cuanto nos ha ofrecido durante la vida\u2026<\/strong><\/em><\/span><\/p>\n<p style=\"text-align: justify;\"><span style=\"color: #333399;\"><em><strong>Por fin, despu\u00e9s de un a\u00f1o volvimos a la Iglesia y vimos con dolor como este malhadado virus, nos ha cambiado la vida\u2026 Una parroquia donde\u00a0 el aforo \u00a0es de +\/-\u00a0 180 personas sentadas c\u00f3modamente s\u00f3lo hab\u00edan 20 ni una sola palma y la tradici\u00f3n o ritual es representar entre tres o cuatro sacerdotes la pasi\u00f3n de Cristo, pues esta vez solo fue le\u00eda por el sacerdote y dos hermanas laicas, \u00a0\u00a0la ceremonia fue de una tristeza impresionante\u2026<\/strong><\/em><\/span><\/p>\n<p style=\"text-align: justify;\"><span style=\"color: #800080;\"><em><strong>Luego escuchamos decir al sacerdote que era el \u00faltimo d\u00eda que la Iglesia iba a estar abierta y que toda la Semana Santa se vivir\u00eda por internet\u2026<\/strong><\/em><\/span><\/p>\n<p style=\"text-align: justify;\"><span style=\"color: #333399;\"><em><strong>Bueno pensamos nosotros a falta de pan buenas son tortas&#8230; <span style=\"color: #800080;\">No recuerdo muy bien\u00a0 pero hay una canci\u00f3n que le escuchamos cantar a nuestros padres, que dec\u00eda m\u00e1s o menos as\u00ed \u201cque hab\u00edan cuatro puertas abiertas para el que no ten\u00eda dinero, \u201cel hospital y la c\u00e1rcel\u201d \u201cla Iglesia y el cementerio\u201d,<\/span> pues mis queridos amigos cuando escuch\u00e1bamos esa canci\u00f3n no le d\u00e1bamos importancia por nuestra edad\u2026<\/strong><\/em><\/span><\/p>\n<p style=\"text-align: justify;\"><span style=\"color: #333399;\"><em><strong>Pero ahora con este maldito COVID, <span style=\"color: #800080;\">YA NO EST\u00c1N ABIERTAS NI LAS IGLESIA NI LOS HOSPITALES<\/span>\u2026 s\u00f3lo la c\u00e1rcel y el cementerio\u2026 y no sabemos hasta cuando dado el mal manejo de las autoridades en controlar este maligno Virus \u00a0y la irresponsabilidad de la gente, puesto que no sabemos c\u00f3mo , cu\u00e1ndo ni quien lo podr\u00eda contagiar\u2026<\/strong><\/em><\/span><\/p>\n<p style=\"text-align: justify;\"><span style=\"color: #333399;\"><em><strong>\u00a0<span style=\"color: #800080;\">Pasemos una Semana Santa en casa y practicando nuestra religi\u00f3n por internet\u2026PIDIENDOLE A DIOS QUE NOS PROTEJA Y NO SEAMOS PARTE DE LAS ESTADISTICAS DE ESTE \u2026VIRUS\u2026\u00a0<\/span><\/strong><\/em><\/span><\/p>\n<p style=\"text-align: center;\"><span style=\"color: #800080;\"><em><strong>Aleluya, Aleluya, Aleluya, Aleluya<\/strong><\/em><\/span><\/p>\n<p style=\"text-align: center;\"><em><strong><span style=\"color: #333399;\">Porque la norma sea el amor<\/span><\/strong><\/em><br \/>\n<em><strong><span style=\"color: #333399;\">Y no gobierne la corrupci\u00f3n<\/span><\/strong><\/em><br \/>\n<em><strong><span style=\"color: #333399;\">Sino lo bueno y lo mejor del alma pura<\/span><\/strong><\/em><\/p>\n<p style=\"text-align: center;\"><em><strong><span style=\"color: #333399;\">Porque Dios nos proteja de un mal final<\/span><\/strong><\/em><br \/>\n<em><strong><span style=\"color: #333399;\">Porque un d\u00eda podamos escarmentar<\/span><\/strong><\/em><br \/>\n<em><strong><span style=\"color: #333399;\">Con que acaben con tanta furia, Aleluya<\/span><\/strong><\/em><\/p>\n<p style=\"text-align: center;\"><span style=\"color: #800080;\"><em><strong>Aleluya, Aleluya, Aleluya, Aleluya<\/strong><\/em><\/span><\/p>\n<p style=\"text-align: center;\"><span style=\"color: #800080;\"><em><strong>Aleluya, Aleluya, Aleluya, Aleluya<\/strong><\/em><\/span><\/p>\n<p><strong>Fuente:\u00a0<a href=\"https:\/\/www.musixmatch.com\/\" data-ved=\"2ahUKEwiwiojR6NrvAhV1QjABHRuUD14Q5s4FMAJ6BAgGEAY\">Musixmatch<\/a><\/strong><\/p>\n<p><strong>Compositores: Leonard Cohen<\/strong><\/p>\n<p><strong>Letra de Hallelujah (Aleluya) \u00a9 Sony\/atv Songs Llc<\/strong><\/p>\n<p style=\"text-align: right;\"><span style=\"color: #333399;\"><em><strong>Elena Honores<\/strong><\/em><\/span><\/p>\n<p style=\"text-align: right;\"><span style=\"color: #333399;\"><em><strong>Directora<\/strong><\/em><\/span><\/p>\n<p style=\"text-align: right;\"><span style=\"color: #333399;\"><em><strong>Magister en Turismo y Comunicaci\u00f3n<\/strong><\/em><\/span><\/p>\n<div id=\"attachment_50148\" style=\"width: 640px\" class=\"wp-caption aligncenter\"><a href=\"https:\/\/www.turistamagazine.com\/v2\/wp-content\/uploads\/2021\/03\/santuario-sagrado-corazon-d-ejesus-de-barranco-peru-catolico-4.jpg\"><img decoding=\"async\" aria-describedby=\"caption-attachment-50148\" class=\"wp-image-50148\" src=\"https:\/\/www.turistamagazine.com\/v2\/wp-content\/uploads\/2021\/03\/santuario-sagrado-corazon-d-ejesus-de-barranco-peru-catolico-4.jpg\" alt=\"\" width=\"630\" height=\"420\" srcset=\"https:\/\/www.turistamagazine.com\/v2\/wp-content\/uploads\/2021\/03\/santuario-sagrado-corazon-d-ejesus-de-barranco-peru-catolico-4.jpg 640w, https:\/\/www.turistamagazine.com\/v2\/wp-content\/uploads\/2021\/03\/santuario-sagrado-corazon-d-ejesus-de-barranco-peru-catolico-4-300x200.jpg 300w, https:\/\/www.turistamagazine.com\/v2\/wp-content\/uploads\/2021\/03\/santuario-sagrado-corazon-d-ejesus-de-barranco-peru-catolico-4-630x420.jpg 630w, https:\/\/www.turistamagazine.com\/v2\/wp-content\/uploads\/2021\/03\/santuario-sagrado-corazon-d-ejesus-de-barranco-peru-catolico-4-610x407.jpg 610w\" sizes=\"(max-width: 630px) 100vw, 630px\" \/><\/a><p id=\"caption-attachment-50148\" class=\"wp-caption-text\"><strong><em><span style=\"color: #333399;\">Capilla Perpetua de Adoraci\u00f3n al Sant\u00edsimo Sacramento del Santuario del Sagrado Coraz\u00f3n de Jes\u00fas de Barranco<\/span><\/em><\/strong><\/p><\/div>\n<p style=\"text-align: right;\"><span style=\"color: #333399;\"><em><strong><a href=\"https:\/\/www.turistamagazine.com\/v2\/wp-content\/uploads\/2017\/04\/descarga-3-1.jpg\"><img decoding=\"async\" class=\"wp-image-28730 aligncenter\" src=\"https:\/\/www.turistamagazine.com\/v2\/wp-content\/uploads\/2017\/04\/descarga-3-1.jpg\" alt=\"\" width=\"180\" height=\"119\" \/><\/a>\u00a0\u00a0 \u00a0\u00a0<\/strong><\/em><\/span><\/p>\n","protected":false},"excerpt":{"rendered":"<p>Deseo compartir con Uds. mis amigos y dilectos lectores que nos siguen a\u00f1o tras a\u00f1o, la emoci\u00f3n que sentimos este Domingo de Ramos, tan diferente a cuantos hemos vivido durante toda nuestra vida. De primera intenci\u00f3n, les contaremos que despu\u00e9s de un a\u00f1o tuvimos la dicha de\u00a0 estar presentes en nuestra parroquia San Judas Tadeo en el distrito de San Miguel y recibir la Santa comuni\u00f3n, despu\u00e9s de un largo \u00a0a\u00f1o \u00a0de confinamiento el cual todav\u00eda no termina \u00a0en el que las Iglesias han permanecido cerradas\u2026naturalmente\u00a0\u00a0 hemos hecho la comuni\u00f3n espiritual \u00a0y con mucha frecuencia Para cat\u00f3licos practicantes\u00a0\u00a0 como nosotros,&#8230;<\/p>\n","protected":false},"author":1,"featured_media":0,"comment_status":"open","ping_status":"open","sticky":false,"template":"","format":"standard","meta":{"footnotes":""},"categories":[345],"tags":[10898,10900,10635,10899,10556],"class_list":["post-50147","post","type-post","status-publish","format-standard","hentry","category-editorial","tag-capillaperpetuadeadoracionalsantisimosacramento","tag-domingoderamosconcomunionysinpalmas","tag-elenahonoresdirectora","tag-santuariodelsagradocorazondejesusdebarranco","tag-turismagazine"],"_links":{"self":[{"href":"https:\/\/www.turistamagazine.com\/v2\/index.php?rest_route=\/wp\/v2\/posts\/50147","targetHints":{"allow":["GET"]}}],"collection":[{"href":"https:\/\/www.turistamagazine.com\/v2\/index.php?rest_route=\/wp\/v2\/posts"}],"about":[{"href":"https:\/\/www.turistamagazine.com\/v2\/index.php?rest_route=\/wp\/v2\/types\/post"}],"author":[{"embeddable":true,"href":"https:\/\/www.turistamagazine.com\/v2\/index.php?rest_route=\/wp\/v2\/users\/1"}],"replies":[{"embeddable":true,"href":"https:\/\/www.turistamagazine.com\/v2\/index.php?rest_route=%2Fwp%2Fv2%2Fcomments&post=50147"}],"version-history":[{"count":4,"href":"https:\/\/www.turistamagazine.com\/v2\/index.php?rest_route=\/wp\/v2\/posts\/50147\/revisions"}],"predecessor-version":[{"id":50167,"href":"https:\/\/www.turistamagazine.com\/v2\/index.php?rest_route=\/wp\/v2\/posts\/50147\/revisions\/50167"}],"wp:attachment":[{"href":"https:\/\/www.turistamagazine.com\/v2\/index.php?rest_route=%2Fwp%2Fv2%2Fmedia&parent=50147"}],"wp:term":[{"taxonomy":"category","embeddable":true,"href":"https:\/\/www.turistamagazine.com\/v2\/index.php?rest_route=%2Fwp%2Fv2%2Fcategories&post=50147"},{"taxonomy":"post_tag","embeddable":true,"href":"https:\/\/www.turistamagazine.com\/v2\/index.php?rest_route=%2Fwp%2Fv2%2Ftags&post=50147"}],"curies":[{"name":"wp","href":"https:\/\/api.w.org\/{rel}","templated":true}]}}