{"id":50140,"date":"2021-03-29T13:40:36","date_gmt":"2021-03-29T18:40:36","guid":{"rendered":"http:\/\/www.turistamagazine.com\/v2\/?p=50140"},"modified":"2021-03-29T13:40:36","modified_gmt":"2021-03-29T18:40:36","slug":"colon-el-rojo","status":"publish","type":"post","link":"https:\/\/www.turistamagazine.com\/v2\/?p=50140","title":{"rendered":"COL\u00d3N EL ROJO"},"content":{"rendered":"<p style=\"text-align: justify;\"><em><strong>Por Antero Flores-Araoz*<\/strong><\/em><\/p>\n<p style=\"text-align: justify;\"><span style=\"color: #333399;\"><em><strong><a href=\"https:\/\/www.turistamagazine.com\/v2\/wp-content\/uploads\/2015\/12\/Antero.1-256x300.jpg\"><img decoding=\"async\" class=\"size-full wp-image-19373 alignleft\" src=\"https:\/\/www.turistamagazine.com\/v2\/wp-content\/uploads\/2015\/12\/Antero.1-256x300.jpg\" alt=\"\" width=\"256\" height=\"300\" \/><\/a>Much\u00edsimas veces las informaciones, opiniones y expresiones contenidas en redes sociales, sobre todo las que esconden autor\u00eda en el anonimato, son perturbadoras, otras impertinentes y muchas otras hasta agraviantes.<\/strong><\/em><\/span><\/p>\n<p style=\"text-align: justify;\"><span style=\"color: #333399;\"><em><strong>Empero tambi\u00e9n hay de las otras e incluso aquellas que contienen caracter\u00edsticas y contenido de humor, que no solamente alegran, sino que hacen meditar.<\/strong><\/em><\/span><\/p>\n<p style=\"text-align: justify;\"><em><strong><span style=\"color: #333399;\">Entre estas \u00faltimas me acaba de llegar una que se\u00f1ala<\/span>: <span style=\"color: #800080;\">\u201cEl primer izquierdista fue Col\u00f3n. No sab\u00eda ad\u00f3nde \u00a0iba, no supo donde lleg\u00f3, nunca supo donde estuvo y todo con plata ajena\u201d.\u00a0 M\u00e1s all\u00e1 de la caricaturesca expresi\u00f3n, cuya autor\u00eda desconozco, pero que le reconozco risue\u00f1o contenido con mucha cercan\u00eda a la realidad de los rojos.<\/span><\/strong><\/em><\/p>\n<p style=\"text-align: justify;\"><span style=\"color: #333399;\"><em><strong>Durante d\u00e9cadas el discurso de los rojos, con sus promesas lejanas a la realidad, solamente eran confrontados por los social dem\u00f3cratas y los social cristianos, quienes percib\u00edan que la revoluci\u00f3n comunista hab\u00eda abdicado de imponerse por la fuerza y hab\u00eda encontrado un derrotero distinto, al haberse albergado en much\u00edsimas organizaciones no gubernamentales, que haciendo de tontos \u00fatiles, la alimentaba con recursos econ\u00f3micos pese a creer en la Democracia y en la libre econom\u00eda. Tambi\u00e9n albergaron a los rojos, con ropaje de <span style=\"color: #800080;\">\u201cprogres\u201d,<\/span> diversos medios de informaci\u00f3n, en que sus due\u00f1os entregaban ben\u00e9volamente sus espacios, sean escritos, radiales o televisivos a aquellos, sin advertir que con sus propios recursos fabricar\u00edan las sogas con las que podr\u00edan ser ahorcados.<\/strong><\/em><\/span><\/p>\n<p style=\"text-align: justify;\"><span style=\"color: #333399;\"><em><strong>Es hora que los ciudadanos peruanos entiendan que, los pa\u00edses que hoy son potencia mundial, como la Federaci\u00f3n Rusa y la Rep\u00fablica Popular China, mantienen los partidos comunistas al constituir autoritarismo de Estado, pero que en el tema de su desarrollo econ\u00f3mico, se sustentan en la econom\u00eda de mercado, aunque en algunos casos con rostro humano.\u00a0 Han alcanzado su desarrollo cuando entendieron que hay que elevar el nivel de vida de sus poblaciones, creando e incentivando la propiedad e iniciativa privada y,\u00a0 que su lucha es por la obtenci\u00f3n de capitales productivos y mercados donde competir con sus producciones.<\/strong><\/em><\/span><\/p>\n<p style=\"text-align: justify;\"><span style=\"color: #800080;\"><em><strong>No dejar\u00e9 de insistir que, gracias al cap\u00edtulo econ\u00f3mico de nuestra Constituci\u00f3n, pre pandemia, fue fortalecida y ampliada la clase media, reduci\u00e9ndose la pobreza y la pobreza extrema en b\u00fasqueda del desarrollo y el bienestar de la poblaci\u00f3n. No podemos a estas alturas, en que han transcurrido cerca de 30 a\u00f1os de buena direccionalidad econ\u00f3mica, traernos abajo la Constituci\u00f3n de 1993 y especialmente su cap\u00edtulo econ\u00f3mico.<\/strong><\/em><\/span><\/p>\n<p style=\"text-align: justify;\"><em><strong>Machaconamente tenemos que repetir que la econom\u00eda social de mercado que promueve nuestra Ley de Leyes, es el camino adecuado para forjar propietarios, para alcanzar empleo digno y hacer part\u00edcipes de las ganancias empresariales a los inversores, a los trabajadores y al propio Estado a trav\u00e9s de la tributaci\u00f3n que percibe.<\/strong><\/em><\/p>\n<p style=\"text-align: justify;\"><span style=\"color: #800080;\"><em><strong>Lo antes expuesto, sin olvidar preceptos constitucionales, como el que la iniciativa privada es libre; el Estado estimula la creaci\u00f3n de riqueza, la libertad de trabajo y de empresa, promoviendo sobre todo a las peque\u00f1as. Se reconoce asimismo el pluralismo econ\u00f3mico y la coexistencia de diversas formas de propiedad y de empresa y much\u00edsimos etc\u00e9teras.<\/strong><\/em><\/span><\/p>\n<p style=\"text-align: justify;\">*<strong><em>Prestigioso\u00a0Abogado y pol\u00edtico peruano.<\/em><\/strong><\/p>\n<p><strong><em>Ex ministro del interior, Ex Senador, Ex congresista.<\/em><\/strong><\/p>\n<p><strong><em>Fundador del partido pol\u00edtico ORDEN<\/em><\/strong><\/p>\n","protected":false},"excerpt":{"rendered":"<p>Por Antero Flores-Araoz* Much\u00edsimas veces las informaciones, opiniones y expresiones contenidas en redes sociales, sobre todo las que esconden autor\u00eda en el anonimato, son perturbadoras, otras impertinentes y muchas otras hasta agraviantes. Empero tambi\u00e9n hay de las otras e incluso aquellas que contienen caracter\u00edsticas y contenido de humor, que no solamente alegran, sino que hacen meditar. Entre estas \u00faltimas me acaba de llegar una que se\u00f1ala: \u201cEl primer izquierdista fue Col\u00f3n. No sab\u00eda ad\u00f3nde \u00a0iba, no supo donde lleg\u00f3, nunca supo donde estuvo y todo con plata ajena\u201d.\u00a0 M\u00e1s all\u00e1 de la caricaturesca expresi\u00f3n, cuya autor\u00eda desconozco, pero que le&#8230;<\/p>\n","protected":false},"author":1,"featured_media":50141,"comment_status":"open","ping_status":"open","sticky":false,"template":"","format":"standard","meta":{"footnotes":""},"categories":[90],"tags":[10840,10895,10635,10219,10556],"class_list":["post-50140","post","type-post","status-publish","format-standard","has-post-thumbnail","hentry","category-pensando-en-voz-alta","tag-anterofloresaraoz","tag-colonelrojo","tag-elenahonoresdirectora","tag-semanarioturistamagazine","tag-turismagazine"],"_links":{"self":[{"href":"https:\/\/www.turistamagazine.com\/v2\/index.php?rest_route=\/wp\/v2\/posts\/50140","targetHints":{"allow":["GET"]}}],"collection":[{"href":"https:\/\/www.turistamagazine.com\/v2\/index.php?rest_route=\/wp\/v2\/posts"}],"about":[{"href":"https:\/\/www.turistamagazine.com\/v2\/index.php?rest_route=\/wp\/v2\/types\/post"}],"author":[{"embeddable":true,"href":"https:\/\/www.turistamagazine.com\/v2\/index.php?rest_route=\/wp\/v2\/users\/1"}],"replies":[{"embeddable":true,"href":"https:\/\/www.turistamagazine.com\/v2\/index.php?rest_route=%2Fwp%2Fv2%2Fcomments&post=50140"}],"version-history":[{"count":1,"href":"https:\/\/www.turistamagazine.com\/v2\/index.php?rest_route=\/wp\/v2\/posts\/50140\/revisions"}],"predecessor-version":[{"id":50142,"href":"https:\/\/www.turistamagazine.com\/v2\/index.php?rest_route=\/wp\/v2\/posts\/50140\/revisions\/50142"}],"wp:featuredmedia":[{"embeddable":true,"href":"https:\/\/www.turistamagazine.com\/v2\/index.php?rest_route=\/wp\/v2\/media\/50141"}],"wp:attachment":[{"href":"https:\/\/www.turistamagazine.com\/v2\/index.php?rest_route=%2Fwp%2Fv2%2Fmedia&parent=50140"}],"wp:term":[{"taxonomy":"category","embeddable":true,"href":"https:\/\/www.turistamagazine.com\/v2\/index.php?rest_route=%2Fwp%2Fv2%2Fcategories&post=50140"},{"taxonomy":"post_tag","embeddable":true,"href":"https:\/\/www.turistamagazine.com\/v2\/index.php?rest_route=%2Fwp%2Fv2%2Ftags&post=50140"}],"curies":[{"name":"wp","href":"https:\/\/api.w.org\/{rel}","templated":true}]}}