{"id":50112,"date":"2021-03-26T14:43:39","date_gmt":"2021-03-26T19:43:39","guid":{"rendered":"http:\/\/www.turistamagazine.com\/v2\/?p=50112"},"modified":"2021-03-26T14:46:14","modified_gmt":"2021-03-26T19:46:14","slug":"de-terror-la-desinformacion-y-el-uso-de-la-pandemia-para-otros-fines","status":"publish","type":"post","link":"https:\/\/www.turistamagazine.com\/v2\/?p=50112","title":{"rendered":"DE TERROR LA DESINFORMACI\u00d3N Y EL USO DE LA PANDEMIA PARA OTROS FINES\u2026"},"content":{"rendered":"<p style=\"text-align: justify;\"><span style=\"color: #333399;\"><em><strong><span style=\"color: #800080;\">DE TERROR LA VACUNA SINOPHARM.-<\/span> Supuestamente, lo decimos en condicional porque no somos m\u00e9dicos, menos investigadores ni\u00a0 cient\u00edficos de la salud la vacuna <span style=\"color: #800080;\">SINOPHARM<\/span> con la que se estar\u00eda vacunado en el Per\u00fa, y de la cual supuestamente el gobierno de transici\u00f3n habr\u00eda comprado 38 millones de dosis, necesitar\u00eda tres dosis. Para ser efectiva, y ni aun as\u00ed porque, seg\u00fan lo que hemos visto y le\u00eddo y o\u00eddo unos de los Cient\u00edficos investigadores La Universidad Peruana Cayetano Heredia, que est\u00e1 involucrado en el <span style=\"color: #800080;\">\u201cVACUNAGATE\u201d<\/span>\u00a0 <span style=\"color: #800080;\">no asisti\u00f3 a la convocatoria del Congreso de la republica a declarar sobre este lamentable caso porque estaba afectado de Cornavirus severo, y se hab\u00eda vacunado tres veces<\/span>\u2026 <span style=\"color: #800080;\">Asimismo el Dr. Presidente de la Sociedad Peruana de Medicina Intensiva aclar\u00f3 que la vacuna no est\u00e1 seguro si la vacuna gener\u00f3 su contagio de COVID-19 aunque \u00bb Coincidentemente esa semana que me vacunaron contra la enfermedad es un tema que se ha repetido con muchos colegas, mucho personal de salud, probablemente relajamos las medidas de bioseguridad\u201d,<\/span> estamos levantando una base de datos, tenemos informaci\u00f3n de aproximadamente 20 personas que durante el proceso de vacunaci\u00f3n han desarrollado la enfermedad\u00bb <span style=\"color: #800080;\">ENTONCES EN QUE QUEDAMOS\u00a0 EL PESO O EN LOS OCHENTA\u201d\u2026<\/span><\/strong><\/em><\/span><\/p>\n<p><a href=\"https:\/\/www.turistamagazine.com\/v2\/wp-content\/uploads\/2021\/03\/descarga-3.jpg\"><img decoding=\"async\" class=\"wp-image-50114 aligncenter\" src=\"https:\/\/www.turistamagazine.com\/v2\/wp-content\/uploads\/2021\/03\/descarga-3.jpg\" alt=\"\" width=\"400\" height=\"224\" \/><\/a><\/p>\n<p style=\"text-align: justify;\"><span style=\"color: #333399;\"><em><strong><span style=\"color: #800080;\">YA NO SON 38 MILLONES DE COMPRAS DE VACUNAS CHINAS<\/span>\u2026 Aparentemente s\u00f3lo quedar\u00e1 en el mill\u00f3n comprado, y se est\u00e1n confirmando las compras, con otros laboratorios, incluso el canciller <span style=\"color: #800080;\">Allan Wagner sostuvo una reuni\u00f3n con el embajador de la Federaci\u00f3n de Rusia en el Per\u00fa, Igor Romanchenko, con la finalidad de conversar sobre el tema de las vacunas Sputnik V que podr\u00edan ser adquiridas.<\/span> La cita se desarroll\u00f3 en el Palacio de Torre Tagle, sede del Ministerio de Relaciones Exteriores, donde se convers\u00f3 adem\u00e1s del proceso de acelerar la documentaci\u00f3n para lograr el registro de la vacuna rusa.\u00a0<\/strong><\/em><\/span><span style=\"color: #333399;\"><em><strong>\u00abFirmar el contrato de suministro y luego asegurar la cantidad de vacunas que hemos tratado desde un comienzo, que ser\u00edan 6 millones 200,000 dosis dobles\u00bb, manifest\u00f3 el canciller\u2026 <span style=\"color: #800080;\">CONFIAMOS EN EL CANCILLER PARA ESTAS NEGOCIACIONES\u2026<\/span><\/strong><\/em><\/span><\/p>\n<p><a href=\"https:\/\/www.turistamagazine.com\/v2\/wp-content\/uploads\/2021\/03\/000646730W.jpg\"><img decoding=\"async\" class=\"wp-image-50116 aligncenter\" src=\"https:\/\/www.turistamagazine.com\/v2\/wp-content\/uploads\/2021\/03\/000646730W.jpg\" alt=\"\" width=\"400\" height=\"267\" srcset=\"https:\/\/www.turistamagazine.com\/v2\/wp-content\/uploads\/2021\/03\/000646730W.jpg 448w, https:\/\/www.turistamagazine.com\/v2\/wp-content\/uploads\/2021\/03\/000646730W-300x200.jpg 300w\" sizes=\"(max-width: 400px) 100vw, 400px\" \/><\/a><\/p>\n<p style=\"text-align: justify;\"><span style=\"color: #333399;\"><em><strong><span style=\"color: #800080;\">HERNANDO DE SOTO Y SU PREVENCI\u00d3N.<\/span>&#8211;\u00a0 No sabemos \u201c<span style=\"color: #800080;\">Porque tanto salto cuando el suelo est\u00e1 parejo\u201d todos\u00a0 los peri\u00f3dicos y los programas de entrevistas y de toda \u00edndole, se rasgan las vestiduras porque todo indicar\u00eda que Don Hernando de Soto, ha viajado a\u00a0 los EE.UU. a ponerse la segunda dosis de la vacuna contra el COVID<\/span>\u2026\u00a0 \u00bfCu\u00e1l es el problema? Est\u00e1 en todo su derecho, es una persona de alto riesgo por tener 80 a\u00f1os, est\u00e1 trabajando su campa\u00f1a pol\u00edtica que lo obliga a viajar y estar en contacto con mucha gente\u2026<span style=\"color: #800080;\"> Adem\u00e1s\u00a0 \u00a0es bien sabido, todo el que tiene plata en el Per\u00fa ha viajado a EE. UU. a vacunarse\u2026 En principio se pensaba que pod\u00eda ser Chile pero este pa\u00eds nunca ha oficializado esa ventaja a los turistas\u2026Nos parece una mezquindad que sus enemigos pol\u00edticos digan que no lo debi\u00f3 hacer<\/span>\u2026 Incluso escuchamos decir a un partidario de Keiko que no debi\u00f3 hacerlo sobre todo si estaba candidateando para la presidencia de un pa\u00eds que no logra dominar la pandemia\u2026 Qu\u00e9 era como <span style=\"color: #800080;\">\u201cirse a cenar a un restaurante de lujo\u201d<\/span> mientras al frente se estaban muriendo de hambre\u201d\u2026 <span style=\"color: #800080;\">\u00bfWHAT? Quedarse aqu\u00ed para vacunarse \u00bfCu\u00e1ndo y con qu\u00e9 Vacuna?&#8230;NO MOJEN QUE NO HAYA QUIEN PLANCHE\u2026 EL QUE PUEDE\u2026PUEDE Y EL QUE NO\u2026 QUE\u00a0 APLAUDA\u2026<\/span><\/strong><\/em><\/span><\/p>\n<p><a href=\"https:\/\/www.turistamagazine.com\/v2\/wp-content\/uploads\/2021\/03\/Hernando-de-Soto-f.jpg\"><img decoding=\"async\" class=\"wp-image-50117 aligncenter\" src=\"https:\/\/www.turistamagazine.com\/v2\/wp-content\/uploads\/2021\/03\/Hernando-de-Soto-f.jpg\" alt=\"\" width=\"400\" height=\"267\" srcset=\"https:\/\/www.turistamagazine.com\/v2\/wp-content\/uploads\/2021\/03\/Hernando-de-Soto-f.jpg 448w, https:\/\/www.turistamagazine.com\/v2\/wp-content\/uploads\/2021\/03\/Hernando-de-Soto-f-300x200.jpg 300w\" sizes=\"(max-width: 400px) 100vw, 400px\" \/><\/a><\/p>\n<p style=\"text-align: justify;\"><span style=\"color: #333399;\"><em><strong>EL PRESIDENTE DE FRANCIA, EMMANUEL MACRON CONF\u00cdA EN ASTRAZENECA.- \u00a0El presidente de Francia \u00a0inst\u00f3 este martes a vacunar \u00abma\u00f1ana, tarde y noche\u00bb para vencer a la COVID-19 y asegur\u00f3 que el pa\u00eds est\u00e1 luchando por obtener las dosis de vacunas que le debe AstraZeneca.\u00a0<\/strong><\/em><\/span><span style=\"color: #333399;\"><em><strong><span style=\"color: #800080;\">\u00abNo hay fines de semana ni d\u00edas feriados para la vacunaci\u00f3n\u00bb<\/span> que est\u00e1 en <span style=\"color: #800080;\">\u00abel coraz\u00f3n de la batalla\u00bb<\/span> contra el virus, indic\u00f3 Macron, durante una visita en un centro en la ciudad de Valenciennes (norte). El jefe de Estado asegur\u00f3 que est\u00e1 <span style=\"color: #800080;\">\u00abluchando por obtener dosis\u00bb<\/span> y que Francia seguir\u00e1 <span style=\"color: #800080;\">\u00abpresionando extremadamente fuerte\u00bb<\/span> al laboratorio AstraZeneca para que \u00abcumpla\u00bb sus contratos\u2026 <span style=\"color: #800080;\">BUENO ES NADA MENOS QUE FRANCIA\u2026 ALGO TENDR\u00c1 EL AGUA CUANDO LA BENDICEN AMEN\u2026<\/span><\/strong><\/em><\/span><\/p>\n<p><a href=\"https:\/\/www.turistamagazine.com\/v2\/wp-content\/uploads\/2021\/03\/117551705_635003dc-16da-420f-9547-ed95f89607fb.jpg\"><img decoding=\"async\" class=\"wp-image-50118 aligncenter\" src=\"https:\/\/www.turistamagazine.com\/v2\/wp-content\/uploads\/2021\/03\/117551705_635003dc-16da-420f-9547-ed95f89607fb.jpg\" alt=\"\" width=\"400\" height=\"225\" srcset=\"https:\/\/www.turistamagazine.com\/v2\/wp-content\/uploads\/2021\/03\/117551705_635003dc-16da-420f-9547-ed95f89607fb.jpg 448w, https:\/\/www.turistamagazine.com\/v2\/wp-content\/uploads\/2021\/03\/117551705_635003dc-16da-420f-9547-ed95f89607fb-300x169.jpg 300w\" sizes=\"(max-width: 400px) 100vw, 400px\" \/><\/a><\/p>\n<p>&nbsp;<\/p>\n<p><strong>JT.<\/strong><\/p>\n","protected":false},"excerpt":{"rendered":"<p>DE TERROR LA VACUNA SINOPHARM.- Supuestamente, lo decimos en condicional porque no somos m\u00e9dicos, menos investigadores ni\u00a0 cient\u00edficos de la salud la vacuna SINOPHARM con la que se estar\u00eda vacunado en el Per\u00fa, y de la cual supuestamente el gobierno de transici\u00f3n habr\u00eda comprado 38 millones de dosis, necesitar\u00eda tres dosis. Para ser efectiva, y ni aun as\u00ed porque, seg\u00fan lo que hemos visto y le\u00eddo y o\u00eddo unos de los Cient\u00edficos investigadores La Universidad Peruana Cayetano Heredia, que est\u00e1 involucrado en el \u201cVACUNAGATE\u201d\u00a0 no asisti\u00f3 a la convocatoria del Congreso de la republica a declarar sobre este lamentable caso&#8230;<\/p>\n","protected":false},"author":1,"featured_media":0,"comment_status":"open","ping_status":"open","sticky":false,"template":"","format":"standard","meta":{"footnotes":""},"categories":[346],"tags":[10635,10890,10556,10891],"class_list":["post-50112","post","type-post","status-publish","format-standard","hentry","category-francamente","tag-elenahonoresdirectora","tag-hernandodesoto","tag-turismagazine","tag-francamente26demarzo2021"],"_links":{"self":[{"href":"https:\/\/www.turistamagazine.com\/v2\/index.php?rest_route=\/wp\/v2\/posts\/50112","targetHints":{"allow":["GET"]}}],"collection":[{"href":"https:\/\/www.turistamagazine.com\/v2\/index.php?rest_route=\/wp\/v2\/posts"}],"about":[{"href":"https:\/\/www.turistamagazine.com\/v2\/index.php?rest_route=\/wp\/v2\/types\/post"}],"author":[{"embeddable":true,"href":"https:\/\/www.turistamagazine.com\/v2\/index.php?rest_route=\/wp\/v2\/users\/1"}],"replies":[{"embeddable":true,"href":"https:\/\/www.turistamagazine.com\/v2\/index.php?rest_route=%2Fwp%2Fv2%2Fcomments&post=50112"}],"version-history":[{"count":3,"href":"https:\/\/www.turistamagazine.com\/v2\/index.php?rest_route=\/wp\/v2\/posts\/50112\/revisions"}],"predecessor-version":[{"id":50121,"href":"https:\/\/www.turistamagazine.com\/v2\/index.php?rest_route=\/wp\/v2\/posts\/50112\/revisions\/50121"}],"wp:attachment":[{"href":"https:\/\/www.turistamagazine.com\/v2\/index.php?rest_route=%2Fwp%2Fv2%2Fmedia&parent=50112"}],"wp:term":[{"taxonomy":"category","embeddable":true,"href":"https:\/\/www.turistamagazine.com\/v2\/index.php?rest_route=%2Fwp%2Fv2%2Fcategories&post=50112"},{"taxonomy":"post_tag","embeddable":true,"href":"https:\/\/www.turistamagazine.com\/v2\/index.php?rest_route=%2Fwp%2Fv2%2Ftags&post=50112"}],"curies":[{"name":"wp","href":"https:\/\/api.w.org\/{rel}","templated":true}]}}