{"id":49612,"date":"2021-03-02T09:30:00","date_gmt":"2021-03-02T14:30:00","guid":{"rendered":"http:\/\/www.turistamagazine.com\/v2\/?p=49612"},"modified":"2021-03-02T10:02:05","modified_gmt":"2021-03-02T15:02:05","slug":"el-ministerio-de-la-soledad","status":"publish","type":"post","link":"https:\/\/www.turistamagazine.com\/v2\/?p=49612","title":{"rendered":"EL MINISTERIO DE LA SOLEDAD"},"content":{"rendered":"<p style=\"text-align: justify;\"><span style=\"color: #333399;\"><em><strong><img decoding=\"async\" class=\"wp-image-48265 alignleft\" src=\"https:\/\/www.turistamagazine.com\/v2\/wp-content\/uploads\/2020\/12\/Elenita.jpg\" alt=\"\" width=\"170\" height=\"209\" \/>Nos ha parecido ciertamente vital y apropiado la creaci\u00f3n de parte del gobierno japon\u00e9s de crear un Ministerio de la Soledad,\u00a0 para dar apoyo a las personas especialmente mujeres, y\u00a0 j\u00f3venes por el aumento de suicidios en esta \u00e9poca de pandemia.<\/strong><\/em><\/span><\/p>\n<p style=\"text-align: justify;\"><span style=\"color: #800080;\"><em><strong>\u00abEl primer ministro japon\u00e9s, Yoshihide Suga, inform\u00f3 recientemente que ha aumentado el n\u00famero de suicidios en mujeres japonesas, pues ellas sufren m\u00e1s que los hombres debido al aislamiento y confinamiento, por lo que con este nuevo nombramiento espera que se creen y apliquen medidas que abonen a la soluci\u00f3n.<\/strong><\/em><\/span><\/p>\n<p style=\"text-align: justify;\"><span style=\"color: #800080;\"><em><strong>A finales de enero, el Ministerio de Salud japon\u00e9s inform\u00f3 que 20 mil 919 personas murieron por esta causa durante 2020, seg\u00fan datos preliminares, lo que represent\u00f3 un aumento del 3.7 por ciento con respecto a un a\u00f1o previo, siendo este el primer aumento de suicidios en m\u00e1s de una d\u00e9cada, de acuerdo con el medio. Las cifras indican que mujeres y\u00a0 j\u00f3venes tienen las tasas m\u00e1s altas\u00bb.<\/strong><\/em><\/span><\/p>\n<p style=\"text-align: justify;\"><span style=\"color: #333399;\"><em><strong>Entre los muchos efectos negativos de esta violenta crisis de pandemia uno de los m\u00e1s tr\u00e1gicos,\u00a0 con mayores y funestas consecuencias \u00a0es el aislamiento y soledad\u00a0 que millones de personas\u00a0 se han visto constre\u00f1idas a\u00a0 aceptar, en contra de todo lo natural de la vida de un ser humano.<\/strong><\/em><\/span><\/p>\n<p style=\"text-align: justify;\"><span style=\"color: #333399;\"><em><strong>El hombre, nos referimos al ser humano, a la persona\u2026. <span style=\"color: #800080;\">Basta del chauvinismo, -Ellas y ellos- el ser humano es uno ya sea de uno u otro sexo<\/span>\u2026 puesto que est\u00e1 tan de moda referirse a los dos sexos que solo falta que repitan como dos \u201cinteligentes\u201d y conocidos pol\u00edticos uno caribe\u00f1o y la otra hija de la \u201cmadre patria\u201d\u00a0 <span style=\"color: #800080;\">\u201c miembras y miembros\u201d\u2026<\/span><\/strong><\/em><\/span><\/p>\n<div id=\"attachment_49660\" style=\"width: 640px\" class=\"wp-caption aligncenter\"><a href=\"https:\/\/www.turistamagazine.com\/v2\/wp-content\/uploads\/2021\/03\/images.jpg\"><img decoding=\"async\" aria-describedby=\"caption-attachment-49660\" class=\"wp-image-49660\" src=\"https:\/\/www.turistamagazine.com\/v2\/wp-content\/uploads\/2021\/03\/images.jpg\" alt=\"\" width=\"630\" height=\"419\" srcset=\"https:\/\/www.turistamagazine.com\/v2\/wp-content\/uploads\/2021\/03\/images.jpg 640w, https:\/\/www.turistamagazine.com\/v2\/wp-content\/uploads\/2021\/03\/images-300x200.jpg 300w, https:\/\/www.turistamagazine.com\/v2\/wp-content\/uploads\/2021\/03\/images-631x420.jpg 631w, https:\/\/www.turistamagazine.com\/v2\/wp-content\/uploads\/2021\/03\/images-610x406.jpg 610w\" sizes=\"(max-width: 630px) 100vw, 630px\" \/><\/a><p id=\"caption-attachment-49660\" class=\"wp-caption-text\"><span style=\"color: #333399;\"><em><strong>La soledad es el mal del siglo, incrementado exponencialmente por la obligada separaci\u00f3n de las familias por el covid-19<\/strong><\/em><\/span><\/p><\/div>\n<p style=\"text-align: justify;\"><span style=\"color: #333399;\"><em><strong>Retomando nuestro pensamiento, los seres humanos somos gregarios lo quiere decir que nacemos, vivimos y somos partes de un n\u00facleo familiar, social, sin lo cual no podr\u00edamos existir, porque individualmente, solos y aislados somos los seres m\u00e1s incapaces e indefensos\u2026 Est\u00e1 demostrado desde el inicio de la creaci\u00f3n:<\/strong><\/em><\/span><\/p>\n<p style=\"text-align: justify;\"><span style=\"color: #333399;\"><em><strong>\u00a0Dijo Jehov\u00e1 Dios: \u00abNo es bueno que el hombre est\u00e9 solo: le har\u00e9 ayuda id\u00f3nea para \u00e9l.\u201d. <span style=\"color: #800080;\">(G\u00e9nesis 2:18)<\/span> \u201cNo es bueno que el hombre est\u00e9 solo: Por primera vez, Dios vio algo que no es bueno <span style=\"color: #800080;\">\u2013 la soledad del hombre-<\/span> . Dios nunca ha querido que el hombre est\u00e9 solo, ya sea en el sentido civil o social\u201d.<\/strong><\/em><\/span><\/p>\n<p style=\"text-align: justify;\"><span style=\"color: #800080;\"><em><strong>Todav\u00eda no se sabe tal vez nunca se sepa, las reales consecuencias que esta pandemia de Covid-19 y sus \u201caleluyas\u201d\u2026 \u00a0deje sobre la humanidad&#8230;ya que cada d\u00eda nos aterran con algo nuevo\u2026<\/strong><\/em><\/span><\/p>\n<p style=\"text-align: justify;\"><span style=\"color: #333399;\"><em><strong>Evidentemente,\u00a0 dejar\u00e1 un cambio profundo en las estructuras mentales, a las cuales se adaptar\u00e1n las generaciones Zeta y Alpha con m\u00e1s facilidad por ser pr\u00e1cticamente, sobre todos los Alpha \u00a0nacidos 100% digitales\u2026<\/strong><\/em><\/span><\/p>\n<p style=\"text-align: justify;\"><span style=\"color: #333399;\"><em><strong>Se preguntar\u00e1n amigos lectores \u00bfY los Millennials o Generaci\u00f3n Y\u2026? los Millennials, mis queridos amigos ya est\u00e1n entre los 20 y llegando a los 40 a\u00f1os padres de estos Z y Alpha y como las generaciones continuaran <span style=\"color: #800080;\">\u00abya que el mundo sigue andando\u00bb<\/span>\u00a0 y con la Z se acab\u00f3 el alfabeto \u00a0latino o romano, pues llegar\u00e1n hasta la generaci\u00f3n Omega del alfabeto griego\u2026 o sabes Dios\u2026 Felizmente ya no estaremos aqu\u00ed para analizarlo\u2026<\/strong><\/em><\/span><\/p>\n<p style=\"text-align: justify;\"><span style=\"color: #800080;\"><em><strong>Todas las generaciones que nacieron a partir de los Baby Boomers \u00a0se han visto sobrepasadas tanto en lo m\u00e1s profundo de su psiquis, como en su vida diaria,\u00a0 y qu\u00e9 marcar\u00e1 para siempre sus vidas en un antes y un\u00a0 despu\u00e9s de est\u00e1 traum\u00e1tica experiencia, por algo que corri\u00f3 en contagios m\u00e1s r\u00e1pido que la p\u00f3lvora, y que tom\u00f3 completamente desprevenida al humanidad, lo que ha generado un desconcierto mundial de inimaginables consecuencias repetimos &#8230;\u00a0 El temor al pr\u00f3jimo ser\u00e1 muy dif\u00edcil de superar\u2026ya que todos tenemos algo que lamentar que nos causa profunda tristeza\u2026<\/strong><\/em><\/span><\/p>\n<p style=\"text-align: justify;\"><span style=\"color: #333399;\"><em><strong>Nuevos usos y costumbres en cuanto a vida, a relacionarse con el otro, en cuanto a viajes\u2026ya que el mundo que conocimos se acab\u00f3\u2026 lo acab\u00f3 algo para lo cual\u00a0 con toda su ciencia y tecnolog\u00eda la humanidad no estaba preparada\u2026.<\/strong><\/em><\/span><\/p>\n<p style=\"text-align: justify;\"><span style=\"color: #333399;\"><em><strong>Finalmente en cuanto al Turismo\u2026 No hablemos del nuevo turista\u2026 el turista es el mismo,\u00a0<\/strong><\/em><\/span><span style=\"color: #333399;\"><em><strong>simplemente con nuevas exigencias y modalidades de viaje.<\/strong><\/em><\/span><\/p>\n<p style=\"text-align: justify;\"><span style=\"color: #800080;\"><em><strong>Por supuesto, felicitamos al gobierno japon\u00e9s por haber tenido la acertada idea de crear el Ministerio de la Soledad\u2026 ejemplo que debe ser imitado por todos los gobiernos del mundo\u2026pues aunque no lo crea, la soledad y las malas noticias est\u00e1n produciendo m\u00e1s da\u00f1o que la misma pandemia\u2026 Salvo error u omisi\u00f3n no somos due\u00f1os de la verdad.<\/strong><\/em><\/span><\/p>\n<p style=\"text-align: justify;\"><span style=\"color: #800080;\"><em><strong>ABRAZOS A TODOS<\/strong><\/em><\/span><\/p>\n<p style=\"text-align: right;\"><span style=\"color: #333399;\"><em><strong>Elena Honores<\/strong><\/em><\/span><\/p>\n<p style=\"text-align: right;\"><span style=\"color: #333399;\"><em><strong>Directora<\/strong><\/em><\/span><\/p>\n<p style=\"text-align: right;\"><span style=\"color: #333399;\"><em><strong>\u00a0Magister en Comunicaci\u00f3n y Turismo<\/strong><\/em><\/span><\/p>\n<p><a href=\"https:\/\/www.turistamagazine.com\/v2\/wp-content\/uploads\/2017\/04\/descarga-3-1.jpg\"><img decoding=\"async\" class=\"aligncenter wp-image-28730\" src=\"https:\/\/www.turistamagazine.com\/v2\/wp-content\/uploads\/2017\/04\/descarga-3-1.jpg\" alt=\"\" width=\"170\" height=\"113\" \/><\/a><\/p>\n<p>&nbsp;<\/p>\n","protected":false},"excerpt":{"rendered":"<p>Nos ha parecido ciertamente vital y apropiado la creaci\u00f3n de parte del gobierno japon\u00e9s de crear un Ministerio de la Soledad,\u00a0 para dar apoyo a las personas especialmente mujeres, y\u00a0 j\u00f3venes por el aumento de suicidios en esta \u00e9poca de pandemia. \u00abEl primer ministro japon\u00e9s, Yoshihide Suga, inform\u00f3 recientemente que ha aumentado el n\u00famero de suicidios en mujeres japonesas, pues ellas sufren m\u00e1s que los hombres debido al aislamiento y confinamiento, por lo que con este nuevo nombramiento espera que se creen y apliquen medidas que abonen a la soluci\u00f3n. A finales de enero, el Ministerio de Salud japon\u00e9s inform\u00f3&#8230;<\/p>\n","protected":false},"author":1,"featured_media":49659,"comment_status":"open","ping_status":"open","sticky":false,"template":"","format":"standard","meta":{"footnotes":""},"categories":[90],"tags":[10635,10813,10798,10219,749],"class_list":["post-49612","post","type-post","status-publish","format-standard","has-post-thumbnail","hentry","category-pensando-en-voz-alta","tag-elenahonoresdirectora","tag-japoncreaministeriodelasoledad","tag-ministeriodelasoledad","tag-semanarioturistamagazine","tag-turistamagazine"],"_links":{"self":[{"href":"https:\/\/www.turistamagazine.com\/v2\/index.php?rest_route=\/wp\/v2\/posts\/49612","targetHints":{"allow":["GET"]}}],"collection":[{"href":"https:\/\/www.turistamagazine.com\/v2\/index.php?rest_route=\/wp\/v2\/posts"}],"about":[{"href":"https:\/\/www.turistamagazine.com\/v2\/index.php?rest_route=\/wp\/v2\/types\/post"}],"author":[{"embeddable":true,"href":"https:\/\/www.turistamagazine.com\/v2\/index.php?rest_route=\/wp\/v2\/users\/1"}],"replies":[{"embeddable":true,"href":"https:\/\/www.turistamagazine.com\/v2\/index.php?rest_route=%2Fwp%2Fv2%2Fcomments&post=49612"}],"version-history":[{"count":4,"href":"https:\/\/www.turistamagazine.com\/v2\/index.php?rest_route=\/wp\/v2\/posts\/49612\/revisions"}],"predecessor-version":[{"id":49661,"href":"https:\/\/www.turistamagazine.com\/v2\/index.php?rest_route=\/wp\/v2\/posts\/49612\/revisions\/49661"}],"wp:featuredmedia":[{"embeddable":true,"href":"https:\/\/www.turistamagazine.com\/v2\/index.php?rest_route=\/wp\/v2\/media\/49659"}],"wp:attachment":[{"href":"https:\/\/www.turistamagazine.com\/v2\/index.php?rest_route=%2Fwp%2Fv2%2Fmedia&parent=49612"}],"wp:term":[{"taxonomy":"category","embeddable":true,"href":"https:\/\/www.turistamagazine.com\/v2\/index.php?rest_route=%2Fwp%2Fv2%2Fcategories&post=49612"},{"taxonomy":"post_tag","embeddable":true,"href":"https:\/\/www.turistamagazine.com\/v2\/index.php?rest_route=%2Fwp%2Fv2%2Ftags&post=49612"}],"curies":[{"name":"wp","href":"https:\/\/api.w.org\/{rel}","templated":true}]}}