{"id":49527,"date":"2021-02-23T12:58:24","date_gmt":"2021-02-23T17:58:24","guid":{"rendered":"http:\/\/www.turistamagazine.com\/v2\/?p=49527"},"modified":"2021-02-23T12:58:24","modified_gmt":"2021-02-23T17:58:24","slug":"espana-habra-mas-turismo-nacional-si-hay-el-40-de-la-poblacion-vacunada","status":"publish","type":"post","link":"https:\/\/www.turistamagazine.com\/v2\/?p=49527","title":{"rendered":"ESPA\u00d1A: HABR\u00c1 M\u00c1S TURISMO NACIONAL SI HAY EL 40% DE LA POBLACI\u00d3N VACUNADA"},"content":{"rendered":"<p style=\"text-align: center;\"><span style=\"color: #333399;\"><em>La monumental Plaza Espa\u00f1a de Madrid, una obligada presencia del turismo que visita la capital de la naci\u00f3n europea, con la escultura inmortal de Don Quijote y Sancho Panza, en todo el centro del complejo, como un homenaje a Miguel de Cervantes, y su permanente obra literaria.<\/em><\/span><\/p>\n<p style=\"text-align: justify;\"><span style=\"color: #333399;\"><em><strong>Si se produce una \u2018normalizaci\u00f3n acelerada\u2019 el sector alcanzar\u00eda el 50% de su nivel precrisis este verano y el 95% a finales de 2022<\/strong><\/em><\/span><\/p>\n<p style=\"text-align: justify;\"><span style=\"color: #333399;\"><em><strong>23\/02\/2021\/ Madrid,- Un informe de BBVA Research sostiene que se podr\u00e1 recuperar un 60% del gasto del sector este a\u00f1o gracias al crecimiento del turismo nacional si se tiene el 40% de la poblaci\u00f3n vacunada entre mayo y junio.<\/strong><\/em><\/span><\/p>\n<p style=\"text-align: justify;\"><span style=\"color: #800080;\"><em><strong>\u00abDebemos establecer protocolos para saber si los turistas que vienen a Espa\u00f1a est\u00e1n o no vacunados. Si un 20% de la poblaci\u00f3n brit\u00e1nica se ha inoculado ya al menos una dosis, esa poblaci\u00f3n no va a tener relativamente problemas de venir a Espa\u00f1a\u00bb, analiza Cardoso, economista jefe para Espa\u00f1a de BBVA Research en declaraciones a Abc.<\/strong><\/em><\/span><\/p>\n<p style=\"text-align: justify;\"><span style=\"color: #333399;\"><em><strong>Por su parte, Funcas prev\u00e9 que el sector tur\u00edstico est\u00e1 a punto de entrar de su segundo a\u00f1o de crisis, con muchas empresas al borde de la insolvencia.<\/strong><\/em><\/span><\/p>\n<p style=\"text-align: justify;\"><span style=\"color: #333399;\"><em><strong><span style=\"color: #800080;\">\u00abA corto plazo la recuperaci\u00f3n depende en buena medida de la evoluci\u00f3n del turismo. As\u00ed, en el escenario central en cuanto a la hip\u00f3tesis sobre la recuperaci\u00f3n del turismo, los fondos europeos elevar\u00edan el PIB en 2022 un 1,7% por encima del PIB de un escenario sin fondos, pero bajo la hip\u00f3tesis m\u00e1s optimista sobre la recuperaci\u00f3n del turismo, el PIB ser\u00eda un 3,4% superior al del escenario sin fondos\u00bb,<\/span><\/strong><strong> vaticina Funcas.<\/strong><\/em><\/span><\/p>\n<p style=\"text-align: justify;\"><span style=\"color: #333399;\"><em><strong>Sin embargo, si se produce una \u2018normalizaci\u00f3n acelerada\u2019 el sector alcanzar\u00eda el 50% de su nivel precrisis este verano y el 95% a finales de 2022.<\/strong><\/em><\/span><\/p>\n<p style=\"text-align: justify;\"><span style=\"color: #333399;\"><em><strong>En este escenario se repuntar\u00eda el PIB un 7% este a\u00f1o y un 6,7% en 2022. con el objetivo de recuperar los 72.000 millones de demanda tur\u00edstica perdida.<\/strong><\/em><\/span><\/p>\n","protected":false},"excerpt":{"rendered":"<p>La monumental Plaza Espa\u00f1a de Madrid, una obligada presencia del turismo que visita la capital de la naci\u00f3n europea, con la escultura inmortal de Don Quijote y Sancho Panza, en todo el centro del complejo, como un homenaje a Miguel de Cervantes, y su permanente obra literaria. Si se produce una \u2018normalizaci\u00f3n acelerada\u2019 el sector alcanzar\u00eda el 50% de su nivel precrisis este verano y el 95% a finales de 2022 23\/02\/2021\/ Madrid,- Un informe de BBVA Research sostiene que se podr\u00e1 recuperar un 60% del gasto del sector este a\u00f1o gracias al crecimiento del turismo nacional si se tiene&#8230;<\/p>\n","protected":false},"author":1,"featured_media":46463,"comment_status":"open","ping_status":"open","sticky":false,"template":"","format":"standard","meta":{"footnotes":""},"categories":[4,84],"tags":[10635,10788,10219,10786,178,10787],"class_list":["post-49527","post","type-post","status-publish","format-standard","has-post-thumbnail","hentry","category-breaking-news","category-internacionales","tag-elenahonoresdirectora","tag-masturismocon40lapoblacionvacunada","tag-semanarioturistamagazine","tag-bbva","tag-espana","tag-funcas"],"_links":{"self":[{"href":"https:\/\/www.turistamagazine.com\/v2\/index.php?rest_route=\/wp\/v2\/posts\/49527","targetHints":{"allow":["GET"]}}],"collection":[{"href":"https:\/\/www.turistamagazine.com\/v2\/index.php?rest_route=\/wp\/v2\/posts"}],"about":[{"href":"https:\/\/www.turistamagazine.com\/v2\/index.php?rest_route=\/wp\/v2\/types\/post"}],"author":[{"embeddable":true,"href":"https:\/\/www.turistamagazine.com\/v2\/index.php?rest_route=\/wp\/v2\/users\/1"}],"replies":[{"embeddable":true,"href":"https:\/\/www.turistamagazine.com\/v2\/index.php?rest_route=%2Fwp%2Fv2%2Fcomments&post=49527"}],"version-history":[{"count":2,"href":"https:\/\/www.turistamagazine.com\/v2\/index.php?rest_route=\/wp\/v2\/posts\/49527\/revisions"}],"predecessor-version":[{"id":49529,"href":"https:\/\/www.turistamagazine.com\/v2\/index.php?rest_route=\/wp\/v2\/posts\/49527\/revisions\/49529"}],"wp:featuredmedia":[{"embeddable":true,"href":"https:\/\/www.turistamagazine.com\/v2\/index.php?rest_route=\/wp\/v2\/media\/46463"}],"wp:attachment":[{"href":"https:\/\/www.turistamagazine.com\/v2\/index.php?rest_route=%2Fwp%2Fv2%2Fmedia&parent=49527"}],"wp:term":[{"taxonomy":"category","embeddable":true,"href":"https:\/\/www.turistamagazine.com\/v2\/index.php?rest_route=%2Fwp%2Fv2%2Fcategories&post=49527"},{"taxonomy":"post_tag","embeddable":true,"href":"https:\/\/www.turistamagazine.com\/v2\/index.php?rest_route=%2Fwp%2Fv2%2Ftags&post=49527"}],"curies":[{"name":"wp","href":"https:\/\/api.w.org\/{rel}","templated":true}]}}