{"id":49403,"date":"2021-02-13T12:00:54","date_gmt":"2021-02-13T17:00:54","guid":{"rendered":"http:\/\/www.turistamagazine.com\/v2\/?p=49403"},"modified":"2021-02-13T12:00:54","modified_gmt":"2021-02-13T17:00:54","slug":"estatua-de-la-virgen-de-lourdes-estremece-argentina-no-esta-pero-todos-la-ven","status":"publish","type":"post","link":"https:\/\/www.turistamagazine.com\/v2\/?p=49403","title":{"rendered":"ESTATUA DE LA VIRGEN DE LOURDES ESTREMECE ARGENTINA: NO EST\u00c1 PERO TODOS LA VEN"},"content":{"rendered":"<p style=\"text-align: justify;\"><span style=\"color: #333399;\"><em><strong>POR WALTER S\u00c1NCHEZ SILVA | ACI Prensa<\/strong><\/em><\/span><\/p>\n<p style=\"text-align: justify;\"><span style=\"color: #333399;\"><em><strong>13\/02\/2021\/Argentina.-Todos los que visitan la capilla del santuario Nuestra Se\u00f1ora de Lourdes de Alta Gracia en la provincia de C\u00f3rdoba (Argentina) son testigos de un hecho que a\u00fan no encuentra explicaci\u00f3n. En la hornacina del retablo ubicado sobre el altar se ve una imagen de la Virgen a pesar que el espacio est\u00e1, sin lugar a dudas, vac\u00edo.<\/strong><\/em><\/span><\/p>\n<p style=\"text-align: justify;\"><span style=\"color: #333399;\"><em><strong>Seg\u00fan informa la agencia AICA, no es una imagen plana sino con relieve, tridimensional, con pliegues en el vestido. Tampoco es una ilusi\u00f3n psicol\u00f3gica fruto de la devoci\u00f3n exagerada de algunos peregrinos.<\/strong><\/em><\/span><\/p>\n<p style=\"text-align: justify;\"><span style=\"color: #333399;\"><em><strong>Todos los que acuden all\u00ed la ven \u2013sean creyentes o no\u2013 y de hecho la imagen queda registrada en las fotos que se toman. La imagen se ve con claridad desde la puerta de entrada y va desvaneci\u00e9ndose si uno se va acercando al altar.<\/strong><\/em><\/span><\/p>\n<p style=\"text-align: justify;\"><span style=\"color: #333399;\"><em><strong>Fuentes del Santuario de Nuestra Se\u00f1ora de Lourdes de Alta Gracia indicaron a ACI Prensa que, si bien no hay un pronunciamiento espec\u00edfico del Arzobispo local, \u201csigue todo igual. La imagen se ve igual que el primer d\u00eda o m\u00e1s, un poco m\u00e1s. Todo sigue igual, la gente, los peregrinos siguen concurriendo\u201d.<\/strong><\/em><\/span><\/p>\n<p style=\"text-align: justify;\"><span style=\"color: #800080;\"><em><strong>\u00bfC\u00f3mo se origin\u00f3 el fen\u00f3meno?<\/strong><\/em><\/span><\/p>\n<p style=\"text-align: justify;\"><span style=\"color: #333399;\"><em><strong>La capilla de Alta Gracia fue construida y bendecida en 1927 y durante muchos a\u00f1os estuvo en el centro del retablo una estatua de la Virgen de Lourdes. A mediados de 2011 esa estatua fue retirada de su hornacina para ser restaurada, que actualmente se encuentra al pie de la hornacina que qued\u00f3 vac\u00eda.<\/strong><\/em><\/span><\/p>\n<p style=\"text-align: justify;\"><span style=\"color: #333399;\"><em><strong>Uno de los sacerdotes a cargo del santuario iba a cerrar la capilla y desde la puerta principal vio una imagen que parec\u00eda de yeso en el lugar donde originalmente hab\u00eda sido colocada.<\/strong><\/em><\/span><\/p>\n<p style=\"text-align: justify;\"><span style=\"color: #333399;\"><em><strong>Se acerc\u00f3 varias veces y cada vez que lo hac\u00eda comprobaba que la imagen que ve\u00eda desde cierta distancia se desvanec\u00eda. Lo cierto era que efectivamente no hab\u00eda imagen, pero la ve\u00eda.<\/strong><\/em><\/span><\/p>\n<p style=\"text-align: justify;\"><span style=\"color: #333399;\"><em><strong>Ante el fen\u00f3meno, visible para cualquiera, los frailes carmelitas descalzos del santuario Nuestra Se\u00f1ora de Lourdes emitieron un comunicado en el que se\u00f1alaron que \u201cla manifestaci\u00f3n de la imagen de la Sant\u00edsima Virgen Mar\u00eda no tiene hasta el momento explicaci\u00f3n racional\u201d.<\/strong><\/em><\/span><\/p>\n<p style=\"text-align: justify;\"><span style=\"color: #333399;\"><em><strong>\u201cDebe ser interpretado por el pueblo de Dios como un signo para acrecentar y profundizar la fe cristiana y suscitar en los corazones de los hombres la conversi\u00f3n al amor de Dios y su participaci\u00f3n en la vida de la Iglesia\u201d, indicaron.<\/strong><\/em><\/span><\/p>\n<p style=\"text-align: justify;\"><span style=\"color: #333399;\"><em><strong>Los sacerdotes dijeron adem\u00e1s que respetan \u201cla interpretaci\u00f3n que hacen muchos fieles al considerarlo como un signo de la Virgen Mar\u00eda, en cuanto no contradiga la Divina Revelaci\u00f3n contenida en las Sagradas Escrituras, en el Magisterio de la Iglesia, ni la pr\u00e1ctica eclesial\u201d(\u2026)<\/strong><\/em><\/span><\/p>\n<p style=\"text-align: justify;\">\n","protected":false},"excerpt":{"rendered":"<p>POR WALTER S\u00c1NCHEZ SILVA | ACI Prensa 13\/02\/2021\/Argentina.-Todos los que visitan la capilla del santuario Nuestra Se\u00f1ora de Lourdes de Alta Gracia en la provincia de C\u00f3rdoba (Argentina) son testigos de un hecho que a\u00fan no encuentra explicaci\u00f3n. En la hornacina del retablo ubicado sobre el altar se ve una imagen de la Virgen a pesar que el espacio est\u00e1, sin lugar a dudas, vac\u00edo. Seg\u00fan informa la agencia AICA, no es una imagen plana sino con relieve, tridimensional, con pliegues en el vestido. Tampoco es una ilusi\u00f3n psicol\u00f3gica fruto de la devoci\u00f3n exagerada de algunos peregrinos. Todos los que&#8230;<\/p>\n","protected":false},"author":1,"featured_media":49404,"comment_status":"open","ping_status":"open","sticky":false,"template":"","format":"standard","meta":{"footnotes":""},"categories":[4,84],"tags":[10635,10762,10219],"class_list":["post-49403","post","type-post","status-publish","format-standard","has-post-thumbnail","hentry","category-breaking-news","category-internacionales","tag-elenahonoresdirectora","tag-nuestrasenoradelourdesdealtagracia","tag-semanarioturistamagazine"],"_links":{"self":[{"href":"https:\/\/www.turistamagazine.com\/v2\/index.php?rest_route=\/wp\/v2\/posts\/49403","targetHints":{"allow":["GET"]}}],"collection":[{"href":"https:\/\/www.turistamagazine.com\/v2\/index.php?rest_route=\/wp\/v2\/posts"}],"about":[{"href":"https:\/\/www.turistamagazine.com\/v2\/index.php?rest_route=\/wp\/v2\/types\/post"}],"author":[{"embeddable":true,"href":"https:\/\/www.turistamagazine.com\/v2\/index.php?rest_route=\/wp\/v2\/users\/1"}],"replies":[{"embeddable":true,"href":"https:\/\/www.turistamagazine.com\/v2\/index.php?rest_route=%2Fwp%2Fv2%2Fcomments&post=49403"}],"version-history":[{"count":1,"href":"https:\/\/www.turistamagazine.com\/v2\/index.php?rest_route=\/wp\/v2\/posts\/49403\/revisions"}],"predecessor-version":[{"id":49405,"href":"https:\/\/www.turistamagazine.com\/v2\/index.php?rest_route=\/wp\/v2\/posts\/49403\/revisions\/49405"}],"wp:featuredmedia":[{"embeddable":true,"href":"https:\/\/www.turistamagazine.com\/v2\/index.php?rest_route=\/wp\/v2\/media\/49404"}],"wp:attachment":[{"href":"https:\/\/www.turistamagazine.com\/v2\/index.php?rest_route=%2Fwp%2Fv2%2Fmedia&parent=49403"}],"wp:term":[{"taxonomy":"category","embeddable":true,"href":"https:\/\/www.turistamagazine.com\/v2\/index.php?rest_route=%2Fwp%2Fv2%2Fcategories&post=49403"},{"taxonomy":"post_tag","embeddable":true,"href":"https:\/\/www.turistamagazine.com\/v2\/index.php?rest_route=%2Fwp%2Fv2%2Ftags&post=49403"}],"curies":[{"name":"wp","href":"https:\/\/api.w.org\/{rel}","templated":true}]}}