{"id":49220,"date":"2021-02-02T14:40:18","date_gmt":"2021-02-02T19:40:18","guid":{"rendered":"http:\/\/www.turistamagazine.com\/v2\/?p=49220"},"modified":"2021-02-02T14:40:18","modified_gmt":"2021-02-02T19:40:18","slug":"imserso-el-gobierno-espanol-descarta-lanzar-el-programa-en-verano","status":"publish","type":"post","link":"https:\/\/www.turistamagazine.com\/v2\/?p=49220","title":{"rendered":"IMSERSO: EL GOBIERNO \u00a0ESPA\u00d1OL DESCARTA LANZAR EL PROGRAMA EN VERANO"},"content":{"rendered":"<p style=\"text-align: center;\"><span style=\"color: #800080;\"><strong><em>Su pretensi\u00f3n es que los viajes se empiecen a comercializar en septiembre \u00absi la vacunaci\u00f3n va al ritmo esperado\u00bb<\/em><\/strong><\/span><\/p>\n<p style=\"text-align: justify;\"><span style=\"color: #333399;\"><strong><em>02\/02\/2021\/ Madrid.- Nuevo rev\u00e9s para la maltrecha industria tur\u00edstica. El Gobierno desoye a los empresarios del sector y descarta lanzar en temporada alta el programa de turismo del <span style=\"color: #800080;\">\u00abImserso\u00bb<\/span>, cancelado en marzo de 2020 por la pandemia de Covid-19<\/em><\/strong><\/span><\/p>\n<p style=\"text-align: justify;\"><span style=\"color: #333399;\"><strong><em>En una entrevista concedida a Servimedia, la ministra de Industria, Comercio y Turismo, Reyes Maroto, ha avanzado que el plan inicial del Gobierno es comenzar con la comercializaci\u00f3n de estos viajes en el mes de septiembre, siempre y cuando <span style=\"color: #800080;\">\u201cla vacunaci\u00f3n vaya al ritmo esperado\u201d. \u201cTeniendo en cuenta que el colectivo de mayores es el primero que se est\u00e1 vacunando, podr\u00edamos tener un elemento de seguridad como es la vacuna para poder ofertar esos viajes\u201d<\/span>, explica.<\/em><\/strong><\/span><\/p>\n<p style=\"text-align: justify;\"><span style=\"color: #333399;\"><strong><em>\u201cEn esto estamos trabajando, y cuando se tenga que tomar la decisi\u00f3n siempre se contar\u00e1 con las autoridades sanitarias, que son las que nos dan la pauta sobre la evoluci\u00f3n de la pandemia\u201d, a\u00f1ade la ministra, que asegura que siguen centrados en el redise\u00f1o del programa<\/em><\/strong><\/span><\/p>\n<p style=\"text-align: justify;\"><span style=\"color: #333399;\"><strong><em>Las grandes organizaciones empresariales han pedido al Ejecutivo celeridad en la puesta en marcha de los viajes del <span style=\"color: #800080;\">\u00abImserso\u00bb<\/span>, reclamando su adelanto a la temporada alta estival para que contribuya a la reactivaci\u00f3n del consumo tur\u00edstico. La Mesa del Turismo, CEHAT y CEOE, entre otras patronales, abogan por aprovechar la vacunaci\u00f3n de los mayores para que este programa, que genera cada a\u00f1o un mill\u00f3n de desplazamientos tur\u00edsticos, se convierta en la punta de lanza de la recuperaci\u00f3n<\/em><\/strong><\/span><\/p>\n<p style=\"text-align: justify;\"><span style=\"color: #333399;\"><strong><em>El gran problema es que su lanzamiento depende de la Administraci\u00f3n p\u00fablica, que a\u00fan debe convocar el concurso para dirimir qu\u00e9 empresas gestionar\u00e1n el programa durante los dos pr\u00f3ximos a\u00f1os. Cabe recordar que el Ejecutivo decidi\u00f3 el pasado mes de octubre no prorrogar los contratos suscritos con Mundiplan y Turismo Social, apostando as\u00ed por la confecci\u00f3n de unos nuevos pliegos.<\/em><\/strong><\/span><\/p>\n<p>F\/preferente.com<\/p>\n","protected":false},"excerpt":{"rendered":"<p>Su pretensi\u00f3n es que los viajes se empiecen a comercializar en septiembre \u00absi la vacunaci\u00f3n va al ritmo esperado\u00bb 02\/02\/2021\/ Madrid.- Nuevo rev\u00e9s para la maltrecha industria tur\u00edstica. El Gobierno desoye a los empresarios del sector y descarta lanzar en temporada alta el programa de turismo del \u00abImserso\u00bb, cancelado en marzo de 2020 por la pandemia de Covid-19 En una entrevista concedida a Servimedia, la ministra de Industria, Comercio y Turismo, Reyes Maroto, ha avanzado que el plan inicial del Gobierno es comenzar con la comercializaci\u00f3n de estos viajes en el mes de septiembre, siempre y cuando \u201cla vacunaci\u00f3n vaya&#8230;<\/p>\n","protected":false},"author":1,"featured_media":49221,"comment_status":"open","ping_status":"open","sticky":false,"template":"","format":"standard","meta":{"footnotes":""},"categories":[4,84],"tags":[10635,10726,10219,178],"class_list":["post-49220","post","type-post","status-publish","format-standard","has-post-thumbnail","hentry","category-breaking-news","category-internacionales","tag-elenahonoresdirectora","tag-imserso","tag-semanarioturistamagazine","tag-espana"],"_links":{"self":[{"href":"https:\/\/www.turistamagazine.com\/v2\/index.php?rest_route=\/wp\/v2\/posts\/49220","targetHints":{"allow":["GET"]}}],"collection":[{"href":"https:\/\/www.turistamagazine.com\/v2\/index.php?rest_route=\/wp\/v2\/posts"}],"about":[{"href":"https:\/\/www.turistamagazine.com\/v2\/index.php?rest_route=\/wp\/v2\/types\/post"}],"author":[{"embeddable":true,"href":"https:\/\/www.turistamagazine.com\/v2\/index.php?rest_route=\/wp\/v2\/users\/1"}],"replies":[{"embeddable":true,"href":"https:\/\/www.turistamagazine.com\/v2\/index.php?rest_route=%2Fwp%2Fv2%2Fcomments&post=49220"}],"version-history":[{"count":1,"href":"https:\/\/www.turistamagazine.com\/v2\/index.php?rest_route=\/wp\/v2\/posts\/49220\/revisions"}],"predecessor-version":[{"id":49222,"href":"https:\/\/www.turistamagazine.com\/v2\/index.php?rest_route=\/wp\/v2\/posts\/49220\/revisions\/49222"}],"wp:featuredmedia":[{"embeddable":true,"href":"https:\/\/www.turistamagazine.com\/v2\/index.php?rest_route=\/wp\/v2\/media\/49221"}],"wp:attachment":[{"href":"https:\/\/www.turistamagazine.com\/v2\/index.php?rest_route=%2Fwp%2Fv2%2Fmedia&parent=49220"}],"wp:term":[{"taxonomy":"category","embeddable":true,"href":"https:\/\/www.turistamagazine.com\/v2\/index.php?rest_route=%2Fwp%2Fv2%2Fcategories&post=49220"},{"taxonomy":"post_tag","embeddable":true,"href":"https:\/\/www.turistamagazine.com\/v2\/index.php?rest_route=%2Fwp%2Fv2%2Ftags&post=49220"}],"curies":[{"name":"wp","href":"https:\/\/api.w.org\/{rel}","templated":true}]}}