{"id":49214,"date":"2021-02-01T11:56:43","date_gmt":"2021-02-01T16:56:43","guid":{"rendered":"http:\/\/www.turistamagazine.com\/v2\/?p=49214"},"modified":"2021-02-01T11:56:43","modified_gmt":"2021-02-01T16:56:43","slug":"alcalde-de-lima-el-objetivo-tiene-que-ser-que-se-vacune-al-100-de-nuestra-poblacion","status":"publish","type":"post","link":"https:\/\/www.turistamagazine.com\/v2\/?p=49214","title":{"rendered":"ALCALDE DE LIMA: \u00abEL OBJETIVO TIENE QUE SER QUE SE VACUNE AL 100% DE NUESTRA POBLACI\u00d3N\u00bb"},"content":{"rendered":"<p style=\"text-align: justify;\"><span style=\"color: #333399;\"><em><strong>01\/02\/2021\/ Lima.- Jorge Mu\u00f1oz alcalde de Lima, inform\u00f3 que la Municipalidad de Lima viene apoyando a la Autoridad de Transporte de Lima y Callao (ATU) en la fiscalizaci\u00f3n de la cuarentena dictada por el Gobierno para evitar la propagaci\u00f3n de la COVID-19, y se mostr\u00f3 sorprendido por la gran cantidad de veh\u00edculos pese a la orden de inmovilizaci\u00f3n.<\/strong><\/em><\/span><\/p>\n<p style=\"text-align: justify;\"><span style=\"color: #333399;\"><em><strong>\u00abLo que estamos pidiendo es que las personas que no tienen que salir mantengan esta cuarentena de la mejor forma. He estado desde muy temprano dando vueltas y veo mucha gente en las calles, veo muchos veh\u00edculos. Entiendo que hay gente que tiene necesidades de salir, por eso he sido cr\u00edtico con la manera como se ha planteado; sin embargo, esas son las reglas y tenemos que acatarlas\u00bb, anot\u00f3.<\/strong><\/em><\/span><\/p>\n<p style=\"text-align: justify;\"><span style=\"color: #333399;\"><em><strong>El alcalde de Lima tambi\u00e9n hizo un llamado al Gobierno a reforzar las campa\u00f1as de sensibilizaci\u00f3n hasta la llegada de las vacunas. Tras apuntar que \u00abel objetivo tiene que ser se vacune el 100% de nuestra poblaci\u00f3n\u00bb, Mu\u00f1oz sugiri\u00f3 la necesidad de <span style=\"color: #800080;\">\u00ababrir la cancha\u00bb y permitir la posibilidad de que las empresas tengan la posibilidad de vacunar \u00aba sus propios trabajadores\u00bb.<\/span><\/strong><\/em><\/span><\/p>\n<p style=\"text-align: justify;\"><span style=\"color: #333399;\"><em><strong>En otro momento, Mu\u00f1oz anunci\u00f3 que, durante la cuarentena, la Municipalidad de Lima impulsar\u00e1 tres programas en beneficio de la poblaci\u00f3n: Manos a la olla, donde se reforzar\u00e1 el trabajo con ollas comunes y se buscar\u00e1 la colaboraci\u00f3n de la ciudadan\u00eda; <span style=\"color: #800080;\">\u201cLima te Cuida\u201d<\/span>, donde se realizar\u00e1n pruebas de descarte de COVID-19 y atenci\u00f3n m\u00e9dica, as\u00ed como los mercados itinerantes para acercar a la poblaci\u00f3n con productos de primera necesidad.<\/strong><\/em><\/span><\/p>\n<p style=\"text-align: justify;\"><span style=\"color: #333399;\"><em><strong>El alcalde precis\u00f3 que en el programa \u201c<span style=\"color: #800080;\">Lima te Cuida\u00bb<\/span> se ha encontrado que m\u00e1s del 10% de las pruebas realizadas arrojaron resultados de personas con COVID-19. Asimismo, destac\u00f3 que durante estas campa\u00f1as algunas personas descubrieron que ten\u00edan otras comorbilidades que las hac\u00edan m\u00e1s propensas al nuevo coronavirus.<\/strong><\/em><\/span><\/p>\n<p style=\"text-align: justify;\"><span style=\"color: #333399;\"><em><strong>\u00abEsto ha servido y se tiene que seguir realizando. Es una ayuda adicional, es poner el hombro de cara al esfuerzo que est\u00e1 haciendo el Minsa. Adicionalmente hemos ofrecido como Municipalidad la posibilidad de poner a disposici\u00f3n del Minsa 29 centros, los hospitales de la Solidaridad, para poder vacunar una vez que lleguen las vacunas\u00bb, se\u00f1al\u00f3.<\/strong><\/em><\/span><\/p>\n","protected":false},"excerpt":{"rendered":"<p>01\/02\/2021\/ Lima.- Jorge Mu\u00f1oz alcalde de Lima, inform\u00f3 que la Municipalidad de Lima viene apoyando a la Autoridad de Transporte de Lima y Callao (ATU) en la fiscalizaci\u00f3n de la cuarentena dictada por el Gobierno para evitar la propagaci\u00f3n de la COVID-19, y se mostr\u00f3 sorprendido por la gran cantidad de veh\u00edculos pese a la orden de inmovilizaci\u00f3n. \u00abLo que estamos pidiendo es que las personas que no tienen que salir mantengan esta cuarentena de la mejor forma. He estado desde muy temprano dando vueltas y veo mucha gente en las calles, veo muchos veh\u00edculos. Entiendo que hay gente que&#8230;<\/p>\n","protected":false},"author":1,"featured_media":49215,"comment_status":"open","ping_status":"open","sticky":false,"template":"","format":"standard","meta":{"footnotes":""},"categories":[4,82],"tags":[10724,10725,10219],"class_list":["post-49214","post","type-post","status-publish","format-standard","has-post-thumbnail","hentry","category-breaking-news","category-nacionales","tag-jorgemunoz","tag-limatecuida","tag-semanarioturistamagazine"],"_links":{"self":[{"href":"https:\/\/www.turistamagazine.com\/v2\/index.php?rest_route=\/wp\/v2\/posts\/49214","targetHints":{"allow":["GET"]}}],"collection":[{"href":"https:\/\/www.turistamagazine.com\/v2\/index.php?rest_route=\/wp\/v2\/posts"}],"about":[{"href":"https:\/\/www.turistamagazine.com\/v2\/index.php?rest_route=\/wp\/v2\/types\/post"}],"author":[{"embeddable":true,"href":"https:\/\/www.turistamagazine.com\/v2\/index.php?rest_route=\/wp\/v2\/users\/1"}],"replies":[{"embeddable":true,"href":"https:\/\/www.turistamagazine.com\/v2\/index.php?rest_route=%2Fwp%2Fv2%2Fcomments&post=49214"}],"version-history":[{"count":1,"href":"https:\/\/www.turistamagazine.com\/v2\/index.php?rest_route=\/wp\/v2\/posts\/49214\/revisions"}],"predecessor-version":[{"id":49216,"href":"https:\/\/www.turistamagazine.com\/v2\/index.php?rest_route=\/wp\/v2\/posts\/49214\/revisions\/49216"}],"wp:featuredmedia":[{"embeddable":true,"href":"https:\/\/www.turistamagazine.com\/v2\/index.php?rest_route=\/wp\/v2\/media\/49215"}],"wp:attachment":[{"href":"https:\/\/www.turistamagazine.com\/v2\/index.php?rest_route=%2Fwp%2Fv2%2Fmedia&parent=49214"}],"wp:term":[{"taxonomy":"category","embeddable":true,"href":"https:\/\/www.turistamagazine.com\/v2\/index.php?rest_route=%2Fwp%2Fv2%2Fcategories&post=49214"},{"taxonomy":"post_tag","embeddable":true,"href":"https:\/\/www.turistamagazine.com\/v2\/index.php?rest_route=%2Fwp%2Fv2%2Ftags&post=49214"}],"curies":[{"name":"wp","href":"https:\/\/api.w.org\/{rel}","templated":true}]}}