{"id":49206,"date":"2021-02-01T11:19:55","date_gmt":"2021-02-01T16:19:55","guid":{"rendered":"http:\/\/www.turistamagazine.com\/v2\/?p=49206"},"modified":"2021-02-01T11:23:57","modified_gmt":"2021-02-01T16:23:57","slug":"iniciativa-de-10-paises-de-america-latina-facilitara-el-transporte-de-la-vacuna-para-covid-19","status":"publish","type":"post","link":"https:\/\/www.turistamagazine.com\/v2\/?p=49206","title":{"rendered":"INICIATIVA DE 10 PA\u00cdSES DE AM\u00c9RICA LATINA FACILITAR\u00c1 EL TRANSPORTE DE LA VACUNA PARA COVID-19"},"content":{"rendered":"<p style=\"text-align: justify;\"><span style=\"color: #333399;\"><em><strong>01\/02\/2021\/Brasil, Chile, Ecuador, Guatemala, Panam\u00e1, Paraguay, Per\u00fa, Rep\u00fablica Dominicana, Venezuela y Uruguay, todos miembros de la Comisi\u00f3n Latinoamericana de Aviaci\u00f3n Civil (CLAC), firmaron un Memorando de Entendimiento (MoU) a finales de 2020 con el objetivo de permitir la liberalizaci\u00f3n temporal y rec\u00edproca del derecho de tr\u00e1fico de s\u00e9ptima libertad para los servicios a\u00e9reos de carga sin que haya restricciones geogr\u00e1ficas ni de capacidad.<\/strong><\/em><\/span><\/p>\n<p style=\"text-align: justify;\"><span style=\"color: #800080;\"><em><strong>La s\u00e9ptima libertad del aire se refiere al derecho de transportar de un Estado a otro sin pasar por el territorio de nacionalidad de la compa\u00f1\u00eda a\u00e9rea o sin la autorizaci\u00f3n de ese pa\u00eds. La aplicaci\u00f3n de esta medida bajo el acuerdo multilateral facilitar\u00e1 en gran medida el transporte de cargas esenciales y, especialmente, el transporte de la vacuna contra el COVID-19 entre los pa\u00edses miembros del grupo.<\/strong><\/em><\/span><\/p>\n<p style=\"text-align: justify;\"><span style=\"color: #333399;\"><em><strong>\u00abM\u00e1s del 40% de la carga a\u00e9rea es transportada en las barrigas de los aviones de pasajeros. Es por ello que la dr\u00e1stica reducci\u00f3n en el n\u00famero de vuelos de pasajeros ha impactado el transporte de carga global. A pesar de ello, la aviaci\u00f3n ha mantenimiento un rol fundamental al servicio de gobiernos y poblaci\u00f3n para transportar cargas esenciales y esto es ahora a\u00fan m\u00e1s relevante para el transporte oportuno y seguro de la vacuna contra COVID-19. Este acuerdo multilateral representa una medida colaborativa importante que aportar\u00e1 grandes eficiencias para prestar un servicio esencial mediante las capacidades de transporte de carga de las aerol\u00edneas de la regi\u00f3n\u00bb comenta Jos\u00e9 Ricardo Botelho, Director Ejecutivo &amp; CEO de ALTA.<\/strong><\/em><\/span><\/p>\n<p style=\"text-align: justify;\"><span style=\"color: #333399;\"><em><strong><span style=\"color: #800080;\">\u201cPor iniciativa de Brasil y Chile durante el a\u00f1o 2020 un grupo t\u00e9cnico de la CLAC elabor\u00f3 el texto del MoU que liberaliza temporalmente hasta 7ma carga. Ahora que el MoU ha entrado en vigor, esperamos que m\u00e1s Estados lo suscriban durante el a\u00f1o 2021, pues hay un alto compromiso para facilitar la distribuci\u00f3n de la carga, especialmente las vacunas contra el COVID-19\u201d,<\/span> se\u00f1ala Jaime Binder, secretario de la CLAC. \u202f<\/strong><\/em><\/span><\/p>\n<p style=\"text-align: justify;\"><span style=\"color: #333399;\"><em><strong>\u00abEste acuerdo demuestra el inter\u00e9s de los gobiernos de la regi\u00f3n por facilitar el acceso a la vacuna y desarrollar estancias de colaboraci\u00f3n Estado \u2013 industria para lograrlo. Estoy seguro de que la iniciativa ser\u00e1 un ejemplo para la aviaci\u00f3n global en cuanto al desarrollo de acuerdos multilaterales y medidas eficientes para contribuir al transporte de la vacuna y cargamento esencial\u00bb, puntualiza<\/strong><\/em><\/span><\/p>\n<p>F\/ Alta<\/p>\n","protected":false},"excerpt":{"rendered":"<p>01\/02\/2021\/Brasil, Chile, Ecuador, Guatemala, Panam\u00e1, Paraguay, Per\u00fa, Rep\u00fablica Dominicana, Venezuela y Uruguay, todos miembros de la Comisi\u00f3n Latinoamericana de Aviaci\u00f3n Civil (CLAC), firmaron un Memorando de Entendimiento (MoU) a finales de 2020 con el objetivo de permitir la liberalizaci\u00f3n temporal y rec\u00edproca del derecho de tr\u00e1fico de s\u00e9ptima libertad para los servicios a\u00e9reos de carga sin que haya restricciones geogr\u00e1ficas ni de capacidad. La s\u00e9ptima libertad del aire se refiere al derecho de transportar de un Estado a otro sin pasar por el territorio de nacionalidad de la compa\u00f1\u00eda a\u00e9rea o sin la autorizaci\u00f3n de ese pa\u00eds. La aplicaci\u00f3n de&#8230;<\/p>\n","protected":false},"author":1,"featured_media":49207,"comment_status":"open","ping_status":"open","sticky":false,"template":"","format":"standard","meta":{"footnotes":""},"categories":[4,84],"tags":[10722,10338,10635,10219,5078],"class_list":["post-49206","post","type-post","status-publish","format-standard","has-post-thumbnail","hentry","category-breaking-news","category-internacionales","tag-clac","tag-covidenperu","tag-elenahonoresdirectora","tag-semanarioturistamagazine","tag-ver-todos"],"_links":{"self":[{"href":"https:\/\/www.turistamagazine.com\/v2\/index.php?rest_route=\/wp\/v2\/posts\/49206","targetHints":{"allow":["GET"]}}],"collection":[{"href":"https:\/\/www.turistamagazine.com\/v2\/index.php?rest_route=\/wp\/v2\/posts"}],"about":[{"href":"https:\/\/www.turistamagazine.com\/v2\/index.php?rest_route=\/wp\/v2\/types\/post"}],"author":[{"embeddable":true,"href":"https:\/\/www.turistamagazine.com\/v2\/index.php?rest_route=\/wp\/v2\/users\/1"}],"replies":[{"embeddable":true,"href":"https:\/\/www.turistamagazine.com\/v2\/index.php?rest_route=%2Fwp%2Fv2%2Fcomments&post=49206"}],"version-history":[{"count":3,"href":"https:\/\/www.turistamagazine.com\/v2\/index.php?rest_route=\/wp\/v2\/posts\/49206\/revisions"}],"predecessor-version":[{"id":49210,"href":"https:\/\/www.turistamagazine.com\/v2\/index.php?rest_route=\/wp\/v2\/posts\/49206\/revisions\/49210"}],"wp:featuredmedia":[{"embeddable":true,"href":"https:\/\/www.turistamagazine.com\/v2\/index.php?rest_route=\/wp\/v2\/media\/49207"}],"wp:attachment":[{"href":"https:\/\/www.turistamagazine.com\/v2\/index.php?rest_route=%2Fwp%2Fv2%2Fmedia&parent=49206"}],"wp:term":[{"taxonomy":"category","embeddable":true,"href":"https:\/\/www.turistamagazine.com\/v2\/index.php?rest_route=%2Fwp%2Fv2%2Fcategories&post=49206"},{"taxonomy":"post_tag","embeddable":true,"href":"https:\/\/www.turistamagazine.com\/v2\/index.php?rest_route=%2Fwp%2Fv2%2Ftags&post=49206"}],"curies":[{"name":"wp","href":"https:\/\/api.w.org\/{rel}","templated":true}]}}