{"id":49185,"date":"2021-01-29T16:35:24","date_gmt":"2021-01-29T21:35:24","guid":{"rendered":"http:\/\/www.turistamagazine.com\/v2\/?p=49185"},"modified":"2021-01-29T16:46:05","modified_gmt":"2021-01-29T21:46:05","slug":"francamente-ultima-semana-de-enero","status":"publish","type":"post","link":"https:\/\/www.turistamagazine.com\/v2\/?p=49185","title":{"rendered":"FRAN-CA-MENTE \u00daLTIMA SEMANA DE ENERO 2021"},"content":{"rendered":"<p style=\"text-align: justify;\"><em><strong><span style=\"color: #800080;\">ENCUARENTENADOS\u00a0 NUEVAMENTE\u2026<\/span><span style=\"color: #333399;\">Empezaremos febrero, con el alma en el piso, desorientados completamente, y nuevamente<\/span> <span style=\"color: #800080;\">\u201cencuarentenados\u201d<\/span>, <span style=\"color: #333399;\">lo que consideramos una injustica y una mala pol\u00edtica\u2026 porque a la vista est\u00e1 que de nada sirvi\u00f3 la larga <span style=\"color: #800080;\">\u00abcuareeterna\u00bb<\/span> que vivimos el 2020\u2026 La irresponsabilidad no s\u00f3lo del pueblo sino de los que gobiernan al pa\u00eds nos han llevado a esta situaci\u00f3n\u2026en principio por 15 d\u00edas\u2026 \u00bfPero qui\u00e9n nos asegura que s\u00f3lo ser\u00e1n 15 d\u00edas\u2026 As\u00ed como nos han mentido en cuanto a cifras de muertos e infectados \u00a0y con las famosas y cacareadas compras de la VACUNA\u2026 se podr\u00e1 creer que s\u00f3lo ser\u00e1n 15 d\u00edas\u2026<\/span><span style=\"color: #800080;\">QUE DIOS NOS AYUDE\u2026RECORDANDO\u00a0 LA\u00a0 CELEBRE\u00a0FRASE\u00a0 DEL\u00a0 \u00abFUJISHOCK\u201d HACE YA 30 A\u00d1OS\u2026<\/span><\/strong><\/em><a href=\"https:\/\/www.turistamagazine.com\/v2\/wp-content\/uploads\/2021\/01\/000737879W.jpg\"><img decoding=\"async\" class=\"wp-image-48751 aligncenter\" src=\"https:\/\/www.turistamagazine.com\/v2\/wp-content\/uploads\/2021\/01\/000737879W.jpg\" alt=\"\" width=\"400\" height=\"267\" srcset=\"https:\/\/www.turistamagazine.com\/v2\/wp-content\/uploads\/2021\/01\/000737879W.jpg 800w, https:\/\/www.turistamagazine.com\/v2\/wp-content\/uploads\/2021\/01\/000737879W-300x200.jpg 300w, https:\/\/www.turistamagazine.com\/v2\/wp-content\/uploads\/2021\/01\/000737879W-768x513.jpg 768w, https:\/\/www.turistamagazine.com\/v2\/wp-content\/uploads\/2021\/01\/000737879W-629x420.jpg 629w, https:\/\/www.turistamagazine.com\/v2\/wp-content\/uploads\/2021\/01\/000737879W-610x407.jpg 610w\" sizes=\"(max-width: 400px) 100vw, 400px\" \/><\/a><\/p>\n<p style=\"text-align: justify;\"><em><span style=\"color: #333399;\">FEBRERO HAY QUE VIVIRLO.<\/span><b>&#8211; <\/b><span style=\"color: #800080;\"><span style=\"color: #800080;\"><b>Es un mes especial, pues tenemos, 4 domingos, 4 lunes 4 martes 4 mi\u00e9rcoles 4 jueves 4 viernes 4 s\u00e1bados\u00a0esto supuestamente ocurre cada 823 a\u00f1os, se considera un milagro divino dado \u00a0que es un evento muy inusual que se cree que es sobrenatural y se atribuye a la intervenci\u00f3n divina\u2026<\/b><\/span><\/span><b>\u00a0<\/b><span style=\"color: #333399;\">PUES A VIVIRLO DE LA MEJOR MANERA PORQUE ES EVIDENTE QUE NADIE EN ESTA TIERRA LO VOLVER\u00c1 A VIVIR\u2026<\/span><\/em><\/p>\n<p><a href=\"https:\/\/www.turistamagazine.com\/v2\/wp-content\/uploads\/2021\/01\/Febrero.jpg\"><img decoding=\"async\" class=\"wp-image-49186 aligncenter\" src=\"https:\/\/www.turistamagazine.com\/v2\/wp-content\/uploads\/2021\/01\/Febrero.jpg\" alt=\"\" width=\"400\" height=\"316\" srcset=\"https:\/\/www.turistamagazine.com\/v2\/wp-content\/uploads\/2021\/01\/Febrero.jpg 512w, https:\/\/www.turistamagazine.com\/v2\/wp-content\/uploads\/2021\/01\/Febrero-300x237.jpg 300w, https:\/\/www.turistamagazine.com\/v2\/wp-content\/uploads\/2021\/01\/Febrero-90x70.jpg 90w\" sizes=\"(max-width: 400px) 100vw, 400px\" \/><\/a><span style=\"color: #800080;\"><em><strong>DIME DE QUE PRESUMES Y TE DIR\u00c9 DE QUE CARECES\u2026Nos motiva este refr\u00e1n al ver a muchas personas de presumir de moralidad y honestidad y lo que no encontramos una tira de corruptos por donde se mire\u2026pareciera que la mayor\u00eda de personas en el mundo no tiene idea de lo que son los c\u00f3digos morales&#8230;<\/strong><\/em><\/span><\/p>\n<p><a href=\"https:\/\/www.turistamagazine.com\/v2\/wp-content\/uploads\/2021\/01\/presumir.jpg\"><img decoding=\"async\" class=\"wp-image-49187 aligncenter\" src=\"https:\/\/www.turistamagazine.com\/v2\/wp-content\/uploads\/2021\/01\/presumir.jpg\" alt=\"\" width=\"400\" height=\"459\" srcset=\"https:\/\/www.turistamagazine.com\/v2\/wp-content\/uploads\/2021\/01\/presumir.jpg 580w, https:\/\/www.turistamagazine.com\/v2\/wp-content\/uploads\/2021\/01\/presumir-261x300.jpg 261w, https:\/\/www.turistamagazine.com\/v2\/wp-content\/uploads\/2021\/01\/presumir-366x420.jpg 366w\" sizes=\"(max-width: 400px) 100vw, 400px\" \/><\/a><\/p>\n<p style=\"text-align: justify;\"><em><strong><span style=\"color: #333399;\">URUGUAY REABRE FRONTERAS PARCIALMENTE DESDE EL 1 DE FEBRERO.-No obstante contin\u00faan vigentes las medidas que ten\u00edan vigencia hasta el 31 de enero, como el control de las aglomeraciones;\u00a0la autorizaci\u00f3n a los Comit\u00e9s de Emergencias Departamentales para definir la extensi\u00f3n hasta en 2 horas de la actividad en bares, restaurantes, etc\u00e9tera, luego de las 00:00 horas; la habilitaci\u00f3n de espect\u00e1culos deportivos sin p\u00fablico y culturales con aforo m\u00ednimo; las sanciones a los lugares comerciales y de trabajo que incumplan los cuidados sanitarios; el teletrabajo en la Administraci\u00f3n P\u00fablica,\u00a0la no concurrencia de los mayores de 65 a\u00f1os\u00a0y\u00a0la exhortaci\u00f3n a incorporar esta modalidad laboral en el \u00e1mbito privado\u2026<\/span> <span style=\"color: #800080;\">PUES LES DESEAMOS MUCHA SUERTE\u2026<\/span><\/strong><\/em><\/p>\n<p><a href=\"https:\/\/www.turistamagazine.com\/v2\/wp-content\/uploads\/2021\/01\/BIENVENIDOS-A-UY-N.jpg\"><img decoding=\"async\" class=\"wp-image-49182 aligncenter\" src=\"https:\/\/www.turistamagazine.com\/v2\/wp-content\/uploads\/2021\/01\/BIENVENIDOS-A-UY-N.jpg\" alt=\"\" width=\"400\" height=\"264\" srcset=\"https:\/\/www.turistamagazine.com\/v2\/wp-content\/uploads\/2021\/01\/BIENVENIDOS-A-UY-N.jpg 577w, https:\/\/www.turistamagazine.com\/v2\/wp-content\/uploads\/2021\/01\/BIENVENIDOS-A-UY-N-300x198.jpg 300w\" sizes=\"(max-width: 400px) 100vw, 400px\" \/><\/a><\/p>\n<p style=\"text-align: justify;\"><em><strong>J.T<\/strong><\/em><\/p>\n<p style=\"text-align: justify;\">\n","protected":false},"excerpt":{"rendered":"<p>ENCUARENTENADOS\u00a0 NUEVAMENTE\u2026Empezaremos febrero, con el alma en el piso, desorientados completamente, y nuevamente \u201cencuarentenados\u201d, lo que consideramos una injustica y una mala pol\u00edtica\u2026 porque a la vista est\u00e1 que de nada sirvi\u00f3 la larga \u00abcuareeterna\u00bb que vivimos el 2020\u2026 La irresponsabilidad no s\u00f3lo del pueblo sino de los que gobiernan al pa\u00eds nos han llevado a esta situaci\u00f3n\u2026en principio por 15 d\u00edas\u2026 \u00bfPero qui\u00e9n nos asegura que s\u00f3lo ser\u00e1n 15 d\u00edas\u2026 As\u00ed como nos han mentido en cuanto a cifras de muertos e infectados \u00a0y con las famosas y cacareadas compras de la VACUNA\u2026 se podr\u00e1 creer que s\u00f3lo ser\u00e1n&#8230;<\/p>\n","protected":false},"author":1,"featured_media":0,"comment_status":"open","ping_status":"open","sticky":false,"template":"","format":"standard","meta":{"footnotes":""},"categories":[346],"tags":[10159,10720,10219,10719],"class_list":["post-49185","post","type-post","status-publish","format-standard","hentry","category-francamente","tag-elenavillarasesoradetesis","tag-fujishock","tag-semanarioturistamagazine","tag-francamente-ultima-semana-de-enero"],"_links":{"self":[{"href":"https:\/\/www.turistamagazine.com\/v2\/index.php?rest_route=\/wp\/v2\/posts\/49185","targetHints":{"allow":["GET"]}}],"collection":[{"href":"https:\/\/www.turistamagazine.com\/v2\/index.php?rest_route=\/wp\/v2\/posts"}],"about":[{"href":"https:\/\/www.turistamagazine.com\/v2\/index.php?rest_route=\/wp\/v2\/types\/post"}],"author":[{"embeddable":true,"href":"https:\/\/www.turistamagazine.com\/v2\/index.php?rest_route=\/wp\/v2\/users\/1"}],"replies":[{"embeddable":true,"href":"https:\/\/www.turistamagazine.com\/v2\/index.php?rest_route=%2Fwp%2Fv2%2Fcomments&post=49185"}],"version-history":[{"count":5,"href":"https:\/\/www.turistamagazine.com\/v2\/index.php?rest_route=\/wp\/v2\/posts\/49185\/revisions"}],"predecessor-version":[{"id":49192,"href":"https:\/\/www.turistamagazine.com\/v2\/index.php?rest_route=\/wp\/v2\/posts\/49185\/revisions\/49192"}],"wp:attachment":[{"href":"https:\/\/www.turistamagazine.com\/v2\/index.php?rest_route=%2Fwp%2Fv2%2Fmedia&parent=49185"}],"wp:term":[{"taxonomy":"category","embeddable":true,"href":"https:\/\/www.turistamagazine.com\/v2\/index.php?rest_route=%2Fwp%2Fv2%2Fcategories&post=49185"},{"taxonomy":"post_tag","embeddable":true,"href":"https:\/\/www.turistamagazine.com\/v2\/index.php?rest_route=%2Fwp%2Fv2%2Ftags&post=49185"}],"curies":[{"name":"wp","href":"https:\/\/api.w.org\/{rel}","templated":true}]}}