{"id":49162,"date":"2021-01-28T15:05:24","date_gmt":"2021-01-28T20:05:24","guid":{"rendered":"http:\/\/www.turistamagazine.com\/v2\/?p=49162"},"modified":"2021-01-28T15:05:24","modified_gmt":"2021-01-28T20:05:24","slug":"recuerda-las-fiestas-regionales-estan-suspendidas-durante-el-estado-de-emergencia","status":"publish","type":"post","link":"https:\/\/www.turistamagazine.com\/v2\/?p=49162","title":{"rendered":"\u00a1RECUERDA! LAS FIESTAS REGIONALES EST\u00c1N SUSPENDIDAS DURANTE EL ESTADO DE EMERGENCIA"},"content":{"rendered":"<p style=\"text-align: center;\"><span style=\"color: #800080;\"><em><strong>Carnavales, Concurso de Marinera de Trujillo, Festividad en Honor de la Virgen de la Candelaria, entre otras<\/strong><\/em><\/span><\/p>\n<p style=\"text-align: justify;\"><em><strong>28\/01\/2021\/Lima.- <span style=\"color: #333399;\">El Ejecutivo dispuso la suspensi\u00f3n de los desfiles, fiestas patronales y actividades civiles, as\u00ed como todo tipo de reuni\u00f3n, evento social, pol\u00edtico, cultural u otros que impliquen concentraci\u00f3n o aglomeraci\u00f3n de personas, durante el estado de emergencia nacional debido a la segunda ola del covid-19.<\/span><\/strong><\/em><\/p>\n<p style=\"text-align: justify;\"><span style=\"color: #333399;\"><em><strong>As\u00ed lo dispone el Decreto Supremo N\u00b0 008-2021-PCM, publicado ayer en el bolet\u00edn de Normas Legales del Diario Oficial El Peruano, que prorroga el estado de emergencia nacional, del 1 al 28 de febrero, por las graves circunstancias que afectan la vida de la Naci\u00f3n a consecuencia del covid-19, y establece medidas para contener la segunda ola de contagios.<\/strong><\/em><\/span><\/p>\n<p style=\"text-align: justify;\"><span style=\"color: #333399;\"><em><strong>De acuerdo a la norma, tambi\u00e9n se encuentran prohibidas las reuniones sociales, incluyendo las que se realizan en los domicilios y visitas familiares, por razones de salud y a efecto de evitar el incremento de los contagios a consecuencia del covid-19.<\/strong><\/em><\/span><\/p>\n<p style=\"text-align: center;\"><span style=\"color: #800080;\"><em><strong>Festividades regionales suspendidas<\/strong><\/em><\/span><\/p>\n<p style=\"text-align: justify;\"><span style=\"color: #800080;\"><em><strong>Concurso Nacional de Marinera<\/strong><\/em><\/span><\/p>\n<div id=\"attachment_18488\" style=\"width: 640px\" class=\"wp-caption aligncenter\"><a href=\"https:\/\/www.turistamagazine.com\/v2\/wp-content\/uploads\/2015\/12\/SAM_1243.jpg\"><img decoding=\"async\" aria-describedby=\"caption-attachment-18488\" class=\"wp-image-18488\" src=\"https:\/\/www.turistamagazine.com\/v2\/wp-content\/uploads\/2015\/12\/SAM_1243.jpg\" alt=\"\" width=\"630\" height=\"473\" \/><\/a><p id=\"caption-attachment-18488\" class=\"wp-caption-text\"><span style=\"color: #333399;\">Foto\/ Turistamagazine<\/span><\/p><\/div>\n<p style=\"text-align: justify;\"><em><strong>La sexag\u00e9sima primera edici\u00f3n nacional y und\u00e9cima internacional del concurso de danza regional m\u00e1s importante de la costa norte peruana, que se celebra tradicionalmente en la ciudad de Trujillo, dejar\u00e1 de celebrarse este a\u00f1o debido a que la regi\u00f3n La Libertad presenta un nivel alto de contagio.<\/strong><\/em><\/p>\n<p style=\"text-align: justify;\"><span style=\"color: #800080;\"><em><strong>Carnavales<\/strong><\/em><\/span><\/p>\n<p><a href=\"https:\/\/www.turistamagazine.com\/v2\/wp-content\/uploads\/2018\/02\/carnaval-tarma-difusion-municipalidad1.jpg\"><img decoding=\"async\" class=\"wp-image-33309 aligncenter\" src=\"https:\/\/www.turistamagazine.com\/v2\/wp-content\/uploads\/2018\/02\/carnaval-tarma-difusion-municipalidad1.jpg\" alt=\"\" width=\"630\" height=\"420\" \/><\/a><\/p>\n<p style=\"text-align: justify;\"><em><strong><span style=\"color: #333399;\">Los carnavales constituyen la festividad m\u00e1s alegre y variada del Per\u00fa. Su celebraci\u00f3n, en el mes de febrero, representa la entra\u00f1able identidad regional de los pueblos expresada en danzas, m\u00fasica y tradiciones colmadas de j\u00fabilo.\u00a0<\/span>\u00a0<\/strong><\/em><\/p>\n<p style=\"text-align: justify;\"><em><strong>Tambi\u00e9n se ha suspendido el carnaval cajamarquino, el carnaval ayacuchano y el carnaval Huanchaquero de Trujillo (nivel de muy alto de infecci\u00f3n); as\u00ed como el carnaval Riojano de la regi\u00f3n San Mart\u00edn y el carnaval Ucayalino<\/strong><\/em><\/p>\n<p style=\"text-align: justify;\"><span style=\"color: #800080;\"><em><strong>Virgen de la Candelaria en Puno<\/strong><\/em><\/span><\/p>\n<p><a href=\"https:\/\/www.turistamagazine.com\/v2\/wp-content\/uploads\/2020\/01\/Foto-Puno-3-chica.jpg\"><img decoding=\"async\" class=\"wp-image-43605 aligncenter\" src=\"https:\/\/www.turistamagazine.com\/v2\/wp-content\/uploads\/2020\/01\/Foto-Puno-3-chica.jpg\" alt=\"\" width=\"630\" height=\"420\" srcset=\"https:\/\/www.turistamagazine.com\/v2\/wp-content\/uploads\/2020\/01\/Foto-Puno-3-chica.jpg 800w, https:\/\/www.turistamagazine.com\/v2\/wp-content\/uploads\/2020\/01\/Foto-Puno-3-chica-300x200.jpg 300w, https:\/\/www.turistamagazine.com\/v2\/wp-content\/uploads\/2020\/01\/Foto-Puno-3-chica-768x512.jpg 768w, https:\/\/www.turistamagazine.com\/v2\/wp-content\/uploads\/2020\/01\/Foto-Puno-3-chica-630x420.jpg 630w, https:\/\/www.turistamagazine.com\/v2\/wp-content\/uploads\/2020\/01\/Foto-Puno-3-chica-610x406.jpg 610w\" sizes=\"(max-width: 630px) 100vw, 630px\" \/><\/a><\/p>\n<p style=\"text-align: justify;\"><span style=\"color: #333399;\"><em><strong>La celebraci\u00f3n semipresencial de la fiesta m\u00e1s fastuosa del folclor peruano y manifestaci\u00f3n de sincretismo religioso que vincula la fe cat\u00f3lica y el ancestral misticismo andino ha sido tambi\u00e9n suspendida este a\u00f1o por la Federaci\u00f3n Regional de Folclore y Cultura de Puno, que organiza esta festividad.<\/strong><\/em><\/span><\/p>\n<p style=\"text-align: justify;\"><span style=\"color: #800080;\"><em><strong>D\u00eda del Puka Picante<\/strong><\/em><\/span><\/p>\n<p><a href=\"https:\/\/www.turistamagazine.com\/v2\/wp-content\/uploads\/2021\/01\/Puca.jpg\"><img decoding=\"async\" class=\"wp-image-49163 aligncenter\" src=\"https:\/\/www.turistamagazine.com\/v2\/wp-content\/uploads\/2021\/01\/Puca.jpg\" alt=\"\" width=\"630\" height=\"422\" srcset=\"https:\/\/www.turistamagazine.com\/v2\/wp-content\/uploads\/2021\/01\/Puca.jpg 500w, https:\/\/www.turistamagazine.com\/v2\/wp-content\/uploads\/2021\/01\/Puca-300x201.jpg 300w\" sizes=\"(max-width: 630px) 100vw, 630px\" \/><\/a><\/p>\n<p style=\"text-align: justify;\"><span style=\"color: #333399;\"><em><strong>La segunda ola del covid-19 impide que la celebraci\u00f3n, el 2 de febrero, del D\u00eda de la Puka Picante, tradicional potaje que constituye un embajador de la suculenta y variada gastronom\u00eda de la regi\u00f3n Ayacucho (nivel de contagio muy alto).<\/strong><\/em><\/span><\/p>\n<p style=\"text-align: justify;\"><span style=\"color: #333399;\"><em><strong>Este plato t\u00edpico se prepara a base de papa con man\u00ed tostado molido, aderezado con aj\u00ed panca y chicharr\u00f3n de cerdo. Se sirve acompa\u00f1ado de arroz y ensalada, pues adem\u00e1s de ser exquisito representa el esp\u00edritu guerrero ayacuchano.<\/strong><\/em><\/span><\/p>\n<p>F\/ Andina<\/p>\n","protected":false},"excerpt":{"rendered":"<p>Carnavales, Concurso de Marinera de Trujillo, Festividad en Honor de la Virgen de la Candelaria, entre otras 28\/01\/2021\/Lima.- El Ejecutivo dispuso la suspensi\u00f3n de los desfiles, fiestas patronales y actividades civiles, as\u00ed como todo tipo de reuni\u00f3n, evento social, pol\u00edtico, cultural u otros que impliquen concentraci\u00f3n o aglomeraci\u00f3n de personas, durante el estado de emergencia nacional debido a la segunda ola del covid-19. As\u00ed lo dispone el Decreto Supremo N\u00b0 008-2021-PCM, publicado ayer en el bolet\u00edn de Normas Legales del Diario Oficial El Peruano, que prorroga el estado de emergencia nacional, del 1 al 28 de febrero, por las graves&#8230;<\/p>\n","protected":false},"author":1,"featured_media":0,"comment_status":"open","ping_status":"open","sticky":false,"template":"","format":"standard","meta":{"footnotes":""},"categories":[86],"tags":[10338,10219,10692,749],"class_list":["post-49162","post","type-post","status-publish","format-standard","hentry","category-destinos","tag-covidenperu","tag-semanarioturistamagazine","tag-virgendelacandelaria","tag-turistamagazine"],"_links":{"self":[{"href":"https:\/\/www.turistamagazine.com\/v2\/index.php?rest_route=\/wp\/v2\/posts\/49162","targetHints":{"allow":["GET"]}}],"collection":[{"href":"https:\/\/www.turistamagazine.com\/v2\/index.php?rest_route=\/wp\/v2\/posts"}],"about":[{"href":"https:\/\/www.turistamagazine.com\/v2\/index.php?rest_route=\/wp\/v2\/types\/post"}],"author":[{"embeddable":true,"href":"https:\/\/www.turistamagazine.com\/v2\/index.php?rest_route=\/wp\/v2\/users\/1"}],"replies":[{"embeddable":true,"href":"https:\/\/www.turistamagazine.com\/v2\/index.php?rest_route=%2Fwp%2Fv2%2Fcomments&post=49162"}],"version-history":[{"count":1,"href":"https:\/\/www.turistamagazine.com\/v2\/index.php?rest_route=\/wp\/v2\/posts\/49162\/revisions"}],"predecessor-version":[{"id":49164,"href":"https:\/\/www.turistamagazine.com\/v2\/index.php?rest_route=\/wp\/v2\/posts\/49162\/revisions\/49164"}],"wp:attachment":[{"href":"https:\/\/www.turistamagazine.com\/v2\/index.php?rest_route=%2Fwp%2Fv2%2Fmedia&parent=49162"}],"wp:term":[{"taxonomy":"category","embeddable":true,"href":"https:\/\/www.turistamagazine.com\/v2\/index.php?rest_route=%2Fwp%2Fv2%2Fcategories&post=49162"},{"taxonomy":"post_tag","embeddable":true,"href":"https:\/\/www.turistamagazine.com\/v2\/index.php?rest_route=%2Fwp%2Fv2%2Ftags&post=49162"}],"curies":[{"name":"wp","href":"https:\/\/api.w.org\/{rel}","templated":true}]}}