{"id":49103,"date":"2021-01-26T11:09:05","date_gmt":"2021-01-26T16:09:05","guid":{"rendered":"http:\/\/www.turistamagazine.com\/v2\/?p=49103"},"modified":"2021-01-26T11:09:30","modified_gmt":"2021-01-26T16:09:30","slug":"iata-invita-al-webinar-peru-listos-para-transportar-las-vacunas-covid-19","status":"publish","type":"post","link":"https:\/\/www.turistamagazine.com\/v2\/?p=49103","title":{"rendered":"IATA INVITA AL WEBINAR \u2018PER\u00da: LISTOS PARA TRANSPORTAR LAS VACUNAS COVID-19\u2019"},"content":{"rendered":"<p style=\"text-align: justify;\"><strong><em>26\/01\/2021\/ Lima.- <span style=\"color: #666699;\"><span style=\"color: #800080;\">El manejo, transporte y distribuci\u00f3n de las vacunas contra el Covid-19 es uno de los mayores desaf\u00edos log\u00edsticos en la historia de la aviaci\u00f3n.<\/span><\/span><\/em><\/strong><\/p>\n<p style=\"text-align: justify;\"><span style=\"color: #800080;\"><strong><em>Por ello la Asociaci\u00f3n de Transporte A\u00e9reo Internacional (IATA, en siglas en ingl\u00e9s) est\u00e1 realizando una serie de conferencias virtuales sobre los retos que conlleva el transporte de las vacunas, como la capacidad a\u00e9rea y aeroportuaria, conectividad, infraestructura, gesti\u00f3n de fronteras, aduanas, seguridad, entre otros y el papel que las normas de IATA en materia de productos farmac\u00e9uticos est\u00e1n desempe\u00f1ando actualmente en el movimiento de suministros m\u00e9dicos.<\/em><\/strong><\/span><\/p>\n<p style=\"text-align: justify;\"><strong><em>Es as\u00ed como este jueves 28 de enero a las 15:00 (hora local) tendr\u00e1 lugar el webinar <span style=\"color: #800080;\">\u2018Per\u00fa: Listos para transportar las vacunas Covid-19\u2019<\/span>, evento que busca tratar estos temas e identificar las fortalezas y oportunidades que tiene el pa\u00eds en esta materia y la madurez de su sector log\u00edstico, para ayudar al desarrollo del manejo y transporte de este tipo de productos.<\/em><\/strong><\/p>\n<p style=\"text-align: justify;\"><span style=\"color: #333399;\"><strong><em>Representantes del gobierno del Per\u00fa, de la industria farmac\u00e9utica, l\u00edneas a\u00e9reas, aeropuertos, aduanas, embarcadores, empresas de almacenamiento, entre otros importantes actores de toda la cadena de valor, formar\u00e1n parte del panel compuesto por: Eduardo Gonz\u00e1lez, Ministro de Transportes Comunicaciones de Per\u00fa, Luis Su\u00e1rez, Viceministro de Salud P\u00fablica de Per\u00fa, Marilu Llerena, Superintendente Nacional Adjunta de Aduanas, Vanessa V\u00e9rtiz, Presidenta de ALAFARTE; Jonathas Escobar Air Logistics Director Andean Cluster \u2013Colombia, Per\u00fa, Ecuador y Venezuela en Kuehne + Nagel, Cristina O\u00f1ate, VP de Marketing y Productos de LATAM Cargo, Enrique Vargas Gerente General SAASA \u2013 Servicios Aeroportuarios Andinos y Arturo Cassinelli, Gerente General Corporativo de Talma. Adem\u00e1s de Adriana de Carbonel Area Manager de IATA Per\u00fa y Bolivia, Ronald Schaefer, Senior Principal, Consulting de IATA. Modera el evento Fran Vilchez, Analista de la Industria de la Aviaci\u00f3n de IATA Per\u00fa, con la amable participaci\u00f3n de Carlos Gutierrez, gerente general de AETAI, que estar\u00e1 encargado del cierre.<\/em><\/strong><\/span><\/p>\n<p style=\"text-align: justify;\"><strong><em>\u00a0<\/em><\/strong><strong><em>Para unirse a este evento gratuito, seguir el <\/em><\/strong>\u00a0<a href=\"https:\/\/iata-training.webex.com\/mw3300\/mywebex\/default.do?nomenu=true&amp;siteurl=iata-training&amp;service=6&amp;rnd=0.05855703568231774&amp;main_url=https%3A%2F%2Fiata-training.webex.com%2Fec3300%2Feventcenter%2Fevent%2FeventAction.do%3FtheAction%3Ddetail%26%26%26EMK%3D4832534b000000049bf58b67017e9bd8b7f9a2405191bb89e7c93e35ff4cd8d940dbc7865eeaa4d0%26siteurl%3Diata-training%26confViewID%3D184459028747787662%26encryptTicket%3DSDJTSwAAAARXQ1zqmSrqiaSgFKuMVcdMai0xTqf80Se-jzrAIGS2yQ2%26\">enlace<\/a>\u00a0<strong><em>e ingresar el c\u00f3digo LIMA2021 en la casilla \u2018Event password\u2019.<\/em><\/strong><\/p>\n","protected":false},"excerpt":{"rendered":"<p>26\/01\/2021\/ Lima.- El manejo, transporte y distribuci\u00f3n de las vacunas contra el Covid-19 es uno de los mayores desaf\u00edos log\u00edsticos en la historia de la aviaci\u00f3n. Por ello la Asociaci\u00f3n de Transporte A\u00e9reo Internacional (IATA, en siglas en ingl\u00e9s) est\u00e1 realizando una serie de conferencias virtuales sobre los retos que conlleva el transporte de las vacunas, como la capacidad a\u00e9rea y aeroportuaria, conectividad, infraestructura, gesti\u00f3n de fronteras, aduanas, seguridad, entre otros y el papel que las normas de IATA en materia de productos farmac\u00e9uticos est\u00e1n desempe\u00f1ando actualmente en el movimiento de suministros m\u00e9dicos. Es as\u00ed como este jueves 28 de&#8230;<\/p>\n","protected":false},"author":1,"featured_media":0,"comment_status":"open","ping_status":"open","sticky":false,"template":"","format":"standard","meta":{"footnotes":""},"categories":[4,82],"tags":[10635,10700,10219],"class_list":["post-49103","post","type-post","status-publish","format-standard","hentry","category-breaking-news","category-nacionales","tag-elenahonoresdirectora","tag-iatainvitaalwebinarperu","tag-semanarioturistamagazine"],"_links":{"self":[{"href":"https:\/\/www.turistamagazine.com\/v2\/index.php?rest_route=\/wp\/v2\/posts\/49103","targetHints":{"allow":["GET"]}}],"collection":[{"href":"https:\/\/www.turistamagazine.com\/v2\/index.php?rest_route=\/wp\/v2\/posts"}],"about":[{"href":"https:\/\/www.turistamagazine.com\/v2\/index.php?rest_route=\/wp\/v2\/types\/post"}],"author":[{"embeddable":true,"href":"https:\/\/www.turistamagazine.com\/v2\/index.php?rest_route=\/wp\/v2\/users\/1"}],"replies":[{"embeddable":true,"href":"https:\/\/www.turistamagazine.com\/v2\/index.php?rest_route=%2Fwp%2Fv2%2Fcomments&post=49103"}],"version-history":[{"count":2,"href":"https:\/\/www.turistamagazine.com\/v2\/index.php?rest_route=\/wp\/v2\/posts\/49103\/revisions"}],"predecessor-version":[{"id":49106,"href":"https:\/\/www.turistamagazine.com\/v2\/index.php?rest_route=\/wp\/v2\/posts\/49103\/revisions\/49106"}],"wp:attachment":[{"href":"https:\/\/www.turistamagazine.com\/v2\/index.php?rest_route=%2Fwp%2Fv2%2Fmedia&parent=49103"}],"wp:term":[{"taxonomy":"category","embeddable":true,"href":"https:\/\/www.turistamagazine.com\/v2\/index.php?rest_route=%2Fwp%2Fv2%2Fcategories&post=49103"},{"taxonomy":"post_tag","embeddable":true,"href":"https:\/\/www.turistamagazine.com\/v2\/index.php?rest_route=%2Fwp%2Fv2%2Ftags&post=49103"}],"curies":[{"name":"wp","href":"https:\/\/api.w.org\/{rel}","templated":true}]}}