{"id":48734,"date":"2020-12-29T18:12:28","date_gmt":"2020-12-29T23:12:28","guid":{"rendered":"http:\/\/www.turistamagazine.com\/v2\/?p=48734"},"modified":"2020-12-29T18:12:42","modified_gmt":"2020-12-29T23:12:42","slug":"e-inaugura-obelisco-del-bicentenario-representa-el-sacrificio-de-los-trujillanos","status":"publish","type":"post","link":"https:\/\/www.turistamagazine.com\/v2\/?p=48734","title":{"rendered":"SE INAUGURA OBELISCO DEL BICENTENARIO REPRESENTA EL SACRIFICIO DE LOS TRUJILLANOS"},"content":{"rendered":"<p style=\"text-align: justify;\"><strong>29\/12\/2020\/Regi\u00f3n la Libertad.- Con la presencia del ministro de Cultura, Alejandro Neyra, las autoridades de la regi\u00f3n La Libertad inauguraron esta ma\u00f1ana el obelisco del Bicentenario, estructura que mide m\u00e1s de 33 metros de altura y est\u00e1 ubicado en el distrito de La Esperanza, provincia de Trujillo, regi\u00f3n, La Libertad.<\/strong><\/p>\n<p style=\"text-align: justify;\"><em><span style=\"color: #800080;\"><span style=\"color: #800080;\"><b>\u00abEste obelisco es un s\u00edmbolo del trabajo, del sacrificio y esfuerzo de los peruanos y peruanas, norte\u00f1os, pero especialmente de los trujillanos. Tambi\u00e9n es un s\u00edmbolo\u00a0de la uni\u00f3n y firmeza de una ciudad l\u00edder\u00bb<\/b><\/span><\/span><\/em><b>, destac\u00f3.<\/b><\/p>\n<p style=\"text-align: justify;\"><strong>Neyra pidi\u00f3 a los liberte\u00f1os sentirse orgullosos porque formaron parte de la Intendencia de Trujillo que declar\u00f3 y proclam\u00f3 de manera permanente hace 200 a\u00f1os la libertad de nuestro pa\u00eds.<\/strong><\/p>\n<p style=\"text-align: justify;\"><em><span style=\"color: #800080;\"><strong>El titular de la cartera tambi\u00e9n destac\u00f3 la gesta de los pr\u00f3ceres de la independencia como Jos\u00e9 de Torre Tagle, Jos\u00e9 Faustino S\u00e1nchez Carri\u00f3n, el mariscal Luis Jos\u00e9 de Orbegoso y Moncada, entre otros.<\/strong><\/span><\/em><\/p>\n<p><a href=\"https:\/\/www.turistamagazine.com\/v2\/wp-content\/uploads\/2020\/12\/Bicentenario.jpg\"><img decoding=\"async\" class=\"wp-image-48736 aligncenter\" src=\"https:\/\/www.turistamagazine.com\/v2\/wp-content\/uploads\/2020\/12\/Bicentenario.jpg\" alt=\"\" width=\"630\" height=\"420\" srcset=\"https:\/\/www.turistamagazine.com\/v2\/wp-content\/uploads\/2020\/12\/Bicentenario.jpg 500w, https:\/\/www.turistamagazine.com\/v2\/wp-content\/uploads\/2020\/12\/Bicentenario-300x200.jpg 300w\" sizes=\"(max-width: 630px) 100vw, 630px\" \/><\/a><\/p>\n<p style=\"text-align: justify;\"><em><span style=\"color: #800080;\"><strong>Apoyo privado<\/strong><\/span><\/em><\/p>\n<p style=\"text-align: justify;\"><b>Por su parte, el gobernador regional de La Libertad, Manuel Llemp\u00e9n, agradeci\u00f3 el apoyo y financiamiento\u00a0brindado por las empresas privadas para construir el obelisco, obra en la cual no se ha gastado un solo centavo del sector p\u00fablico.<\/b><\/p>\n<p style=\"text-align: justify;\"><span style=\"color: #800080;\"><b>Luego de develar la placa recordatoria, se presentaron un grupo art\u00edstico\u00a0de Angasmarca con la danza de Los Pallos y una pareja de marinera.<\/b><\/span><\/p>\n<p style=\"text-align: justify;\"><strong>Asimismo, dos aviones de la Fuerza A\u00e9rea del Per\u00fa tambi\u00e9n participaron de esta ceremonia de conmemoraci\u00f3n al realizar un sobrevuelo en la zona.<\/strong><\/p>\n<p style=\"text-align: justify;\"><strong>El ministro de Cultura, Alejandro Neyra, el gobernador de la Libertad, Manuel Llemp\u00e9n, y dem\u00e1s autoridades de la ciudad contin\u00faan participando de las actividades del d\u00eda central de la independencia de la Intendencia de Trujillo.<\/strong><\/p>\n","protected":false},"excerpt":{"rendered":"<p>29\/12\/2020\/Regi\u00f3n la Libertad.- Con la presencia del ministro de Cultura, Alejandro Neyra, las autoridades de la regi\u00f3n La Libertad inauguraron esta ma\u00f1ana el obelisco del Bicentenario, estructura que mide m\u00e1s de 33 metros de altura y est\u00e1 ubicado en el distrito de La Esperanza, provincia de Trujillo, regi\u00f3n, La Libertad. \u00abEste obelisco es un s\u00edmbolo del trabajo, del sacrificio y esfuerzo de los peruanos y peruanas, norte\u00f1os, pero especialmente de los trujillanos. Tambi\u00e9n es un s\u00edmbolo\u00a0de la uni\u00f3n y firmeza de una ciudad l\u00edder\u00bb, destac\u00f3. Neyra pidi\u00f3 a los liberte\u00f1os sentirse orgullosos porque formaron parte de la Intendencia de Trujillo&#8230;<\/p>\n","protected":false},"author":1,"featured_media":48735,"comment_status":"open","ping_status":"open","sticky":false,"template":"","format":"standard","meta":{"footnotes":""},"categories":[4,82],"tags":[10635,10637,10556],"class_list":["post-48734","post","type-post","status-publish","format-standard","has-post-thumbnail","hentry","category-breaking-news","category-nacionales","tag-elenahonoresdirectora","tag-obeliscodelbicentanario","tag-turismagazine"],"_links":{"self":[{"href":"https:\/\/www.turistamagazine.com\/v2\/index.php?rest_route=\/wp\/v2\/posts\/48734","targetHints":{"allow":["GET"]}}],"collection":[{"href":"https:\/\/www.turistamagazine.com\/v2\/index.php?rest_route=\/wp\/v2\/posts"}],"about":[{"href":"https:\/\/www.turistamagazine.com\/v2\/index.php?rest_route=\/wp\/v2\/types\/post"}],"author":[{"embeddable":true,"href":"https:\/\/www.turistamagazine.com\/v2\/index.php?rest_route=\/wp\/v2\/users\/1"}],"replies":[{"embeddable":true,"href":"https:\/\/www.turistamagazine.com\/v2\/index.php?rest_route=%2Fwp%2Fv2%2Fcomments&post=48734"}],"version-history":[{"count":2,"href":"https:\/\/www.turistamagazine.com\/v2\/index.php?rest_route=\/wp\/v2\/posts\/48734\/revisions"}],"predecessor-version":[{"id":48738,"href":"https:\/\/www.turistamagazine.com\/v2\/index.php?rest_route=\/wp\/v2\/posts\/48734\/revisions\/48738"}],"wp:featuredmedia":[{"embeddable":true,"href":"https:\/\/www.turistamagazine.com\/v2\/index.php?rest_route=\/wp\/v2\/media\/48735"}],"wp:attachment":[{"href":"https:\/\/www.turistamagazine.com\/v2\/index.php?rest_route=%2Fwp%2Fv2%2Fmedia&parent=48734"}],"wp:term":[{"taxonomy":"category","embeddable":true,"href":"https:\/\/www.turistamagazine.com\/v2\/index.php?rest_route=%2Fwp%2Fv2%2Fcategories&post=48734"},{"taxonomy":"post_tag","embeddable":true,"href":"https:\/\/www.turistamagazine.com\/v2\/index.php?rest_route=%2Fwp%2Fv2%2Ftags&post=48734"}],"curies":[{"name":"wp","href":"https:\/\/api.w.org\/{rel}","templated":true}]}}