{"id":48488,"date":"2024-12-16T13:07:00","date_gmt":"2024-12-16T18:07:00","guid":{"rendered":"http:\/\/www.turistamagazine.com\/v2\/?p=48488"},"modified":"2024-12-16T17:23:11","modified_gmt":"2024-12-16T22:23:11","slug":"48488","status":"publish","type":"post","link":"https:\/\/www.turistamagazine.com\/v2\/?p=48488","title":{"rendered":"NAVIDAD: LOS HIST\u00d3RICOS BELENES DE \u00abCASA LUNA\u00bb"},"content":{"rendered":"<p style=\"text-align: center;\"><span style=\"color: #333399;\"><strong><i>Javier<\/i><em> Luna\u00a0 \u00a0delante de uno de su magn\u00edficos\u00a0nacimientos<\/em><\/strong><\/span><\/p>\n<p><strong>Redac\/ TuristamagazineDestinos*<\/strong><\/p>\n<p style=\"text-align: justify;\"><span style=\"color: #000080;\"><em><strong>Las fiestas navide\u00f1as siempre nos traen cierta tristeza\u2026 tal vez m\u00e1s que tristeza nos\u00a0 sentimos en un\u00a0 estado ambivalente, pues dentro de la alegr\u00eda que nos debe producir el Adviento,\u00a0 tambi\u00e9n nos sume en cierto desconsuelo, pues estas fiestas son para celebrarlo en familia con los hijos, con los nietos, y en nuestro caso nunca tuvimos esa dicha, y precisamente por esta nostalgia nos ponemos a revisar parte de nuestros varios a\u00f1os de trabajo como escritores, ya que nuestra profesi\u00f3n es m\u00e1s bien Tur\u00edstica-pedag\u00f3gica\u2026 y en este recordar nost\u00e1lgico de este tiempo, tenemos presente a nuestros queridos amigos de \u201cCasa Luna\u201d\u00a0 Javier Luna El\u00edas, su esposa Ivonne y sus dos ejemplares hijos Carolina y Javier Ignacio\u00a0 los \u201cCuatro Lunas\u201d como ellos suelen llamarse.<\/strong><\/em><\/span><\/p>\n<p style=\"text-align: justify;\"><span style=\"color: #000080;\"><em><strong>Por cierto, y se los recomiendo dilecto lectores con gran satisfacci\u00f3n Javier conduce y produce un excelente programa \u201cNoche de Luna\u201d por Willax TV los domingos a las 11:00 p.m. es un programa de lujo realmente, y Uds. mis amigos del extranjero lo pueden seguir por Internet sin ning\u00fan problema\u2026 Dicho esto pasamos a nuestra nost\u00e1lgica entrevista que fue realizada hace\u00a0 9 a\u00f1os\u2026 y las cosas no han cambiado, m\u00e1s bien dir\u00edamos\u00a0 tenemos la sensaci\u00f3n que \u00a0se comercializ\u00f3 m\u00e1s aun este tiempo que deber\u00eda ser de profunda\u00a0reflexi\u00f3n<\/strong><\/em><\/span><\/p>\n<div id=\"attachment_48492\" style=\"width: 510px\" class=\"wp-caption aligncenter\"><a href=\"https:\/\/www.turistamagazine.com\/v2\/wp-content\/uploads\/2020\/12\/casa-Luna.jpg\"><img decoding=\"async\" aria-describedby=\"caption-attachment-48492\" class=\"wp-image-48492\" src=\"https:\/\/www.turistamagazine.com\/v2\/wp-content\/uploads\/2020\/12\/casa-Luna.jpg\" alt=\"\" width=\"500\" height=\"495\" srcset=\"https:\/\/www.turistamagazine.com\/v2\/wp-content\/uploads\/2020\/12\/casa-Luna.jpg 485w, https:\/\/www.turistamagazine.com\/v2\/wp-content\/uploads\/2020\/12\/casa-Luna-150x150.jpg 150w, https:\/\/www.turistamagazine.com\/v2\/wp-content\/uploads\/2020\/12\/casa-Luna-300x297.jpg 300w, https:\/\/www.turistamagazine.com\/v2\/wp-content\/uploads\/2020\/12\/casa-Luna-424x420.jpg 424w\" sizes=\"(max-width: 500px) 100vw, 500px\" \/><\/a><p id=\"caption-attachment-48492\" class=\"wp-caption-text\"><em><span style=\"color: #333399;\"><strong>La \u201cCasa Luna\u201d que en su hermoso interior alberga una de las colecciones m\u00e1s hermosas y conmovedoras (M\u00e1s de 2000 nacimientos) que hemos tenido oportunidad de apreciar y el placer de disfrutar de esta colecci\u00f3n privada y \u00fanica, en nuestro\u00a0 recorrido por su hermosa residencia.<\/strong><\/span><\/em><\/p><\/div>\n<p style=\"text-align: justify;\"><strong><span style=\"color: #800080;\">TM.-\u00a0 <em>Para nuestros miles de lectores no s\u00f3lo en el \u00e1mbito nacional sino internacional les contaremos que: <\/em><\/span><\/strong><strong><span style=\"color: #333399;\"><em>Javier Luna\u00a0 naci\u00f3 en las soleadas tierras de la regi\u00f3n Ica, es arquitecto de profesi\u00f3n y\u00a0 ha ocupado importantes cargos en la administraci\u00f3n p\u00fablica y privado como\u00a0 el ser Viceministro de Cultura, Director de Desarrollo Cultural en el INC y Director del Museo de la Naci\u00f3n, \u00a0asimismo en la UNESCO, siempre ha estado ligado al arte popular peruano,\u00a0 reconocido promotor cultural a la\u00a0 que se a\u00f1ade su colecci\u00f3n privada de Belenes, la cual cuida con fervorosa dedicaci\u00f3n junto a su bella familia.<\/em><\/span><\/strong><\/p>\n<p style=\"text-align: justify;\"><strong><em>\u00a0<span style=\"color: #800080;\">TM.-<\/span> <span style=\"color: #800080;\">Cu\u00e1ndo y c\u00f3mo se inicia\u00a0 en tu vida\u00a0 est\u00e1 tu afinidad por esta hermosa\u00a0 colecci\u00f3n<\/span><\/em><\/strong><\/p>\n<div id=\"attachment_48495\" style=\"width: 630px\" class=\"wp-caption aligncenter\"><a href=\"https:\/\/www.turistamagazine.com\/v2\/wp-content\/uploads\/2020\/12\/casa-Luna-1.jpg\"><img decoding=\"async\" aria-describedby=\"caption-attachment-48495\" class=\"wp-image-48495\" src=\"https:\/\/www.turistamagazine.com\/v2\/wp-content\/uploads\/2020\/12\/casa-Luna-1.jpg\" alt=\"\" width=\"620\" height=\"652\" srcset=\"https:\/\/www.turistamagazine.com\/v2\/wp-content\/uploads\/2020\/12\/casa-Luna-1.jpg 730w, https:\/\/www.turistamagazine.com\/v2\/wp-content\/uploads\/2020\/12\/casa-Luna-1-285x300.jpg 285w, https:\/\/www.turistamagazine.com\/v2\/wp-content\/uploads\/2020\/12\/casa-Luna-1-399x420.jpg 399w\" sizes=\"(max-width: 620px) 100vw, 620px\" \/><\/a><p id=\"caption-attachment-48495\" class=\"wp-caption-text\"><strong><em><span style=\"color: #333399;\">Les comparto este nacimiento hermoso, por d\u00f3nde uno mire no sabe cual admirar m\u00e1s<\/span><\/em><\/strong><\/p><\/div>\n<p style=\"text-align: justify;\"><span style=\"color: #333399;\"><strong><span style=\"color: #800080;\">JL<\/span>&#8211;<\/strong> <em><strong>En realidad\u00a0 esta colecci\u00f3n nunca se inici\u00f3\u2026 Es casi un milagro o queremos que as\u00ed sea, as\u00ed lo sentimos, mis padres Alberto y Julia Mar\u00eda, \u201cnacimienteros\u201d por excelencia, nos ense\u00f1aron el sabio mensaje de \u00e9l. Manteniendo la tradici\u00f3n cada a\u00f1o reinici\u00e1bamos el proceso de embellecer si era posible cada representaci\u00f3n anual y compartirla con la familia y amigos queridos. <span style=\"color: #800080;\">En cierta oportunidad\u00a0 viaje\u00a0 al Cuzco por un largo periodo \u00a0trabajando con\u00a0 la UNESCO que ten\u00eda el programa de restauraci\u00f3n en Am\u00e9rica\u00a0 ubicado \u00a0en el Cuzco, y en la alforja viajera traje a casa para navidad, un nacimiento firmado por Arcadio Choque y fue una inolvidable navidad andina, luego me propuse conseguir un nacimiento de costa y otro de la selva peruana\u2026<\/span> y en esa b\u00fasqueda ahora el Ni\u00f1o Jes\u00fas nace en nuestra casa la noche de navidad, mucho m\u00e1s de mil veces. Era tanto el volumen de \u00e9stos queridos nacimientos que cada a\u00f1o mi esposa Ivonne y yo trat\u00e1bamos de meter la historia del Ni\u00f1o Jes\u00fas en el Per\u00fa y el mundo en nuestra peque\u00f1a casa, y lo consegu\u00edamos para alegr\u00eda de nuestros peque\u00f1os hijos.<\/strong><\/em><\/span><\/p>\n<div id=\"attachment_48500\" style=\"width: 640px\" class=\"wp-caption aligncenter\"><a href=\"https:\/\/www.turistamagazine.com\/v2\/wp-content\/uploads\/2020\/12\/IMG-20201215-WA0015.jpg\"><img decoding=\"async\" aria-describedby=\"caption-attachment-48500\" class=\"wp-image-48500\" src=\"https:\/\/www.turistamagazine.com\/v2\/wp-content\/uploads\/2020\/12\/IMG-20201215-WA0015.jpg\" alt=\"\" width=\"630\" height=\"630\" srcset=\"https:\/\/www.turistamagazine.com\/v2\/wp-content\/uploads\/2020\/12\/IMG-20201215-WA0015.jpg 480w, https:\/\/www.turistamagazine.com\/v2\/wp-content\/uploads\/2020\/12\/IMG-20201215-WA0015-150x150.jpg 150w, https:\/\/www.turistamagazine.com\/v2\/wp-content\/uploads\/2020\/12\/IMG-20201215-WA0015-300x300.jpg 300w, https:\/\/www.turistamagazine.com\/v2\/wp-content\/uploads\/2020\/12\/IMG-20201215-WA0015-420x420.jpg 420w\" sizes=\"(max-width: 630px) 100vw, 630px\" \/><\/a><p id=\"caption-attachment-48500\" class=\"wp-caption-text\"><strong><span style=\"color: #333399;\"><em>Para todos los gustos Virgen rubia de ojos claros, pero de mirada celestial<\/em><\/span><\/strong><\/p><\/div>\n<p style=\"text-align: justify;\"><span style=\"color: #800080;\"><em><strong>Hasta que el Milagro de Bel\u00e9n encontr\u00f3 aut\u00e9ntica posada y ese milagro se lo debemos a\u00a0 Susy Helbling de Ucovich y su esposo Yvo Ucovich, aut\u00e9nticos mecenas, que\u00a0 decidieron dar cabida a la colecci\u00f3n en la antigua casona familiar San Isidrina, (San Isidro, Zona residencial de Lima) desde donde el sabio mensaje de navidad irradia al mundo con las obras que manos peruanas y del mundo, han construido los \u201cNacimientos del Per\u00fa y del Mundo\u201d como ahora llamamos a nuestra colecci\u00f3n.<\/strong><\/em><\/span><\/p>\n<div id=\"attachment_48496\" style=\"width: 640px\" class=\"wp-caption aligncenter\"><a href=\"https:\/\/www.turistamagazine.com\/v2\/wp-content\/uploads\/2020\/12\/Nin\u00f1o-Jes\u00fas-1.jpg\"><img decoding=\"async\" aria-describedby=\"caption-attachment-48496\" class=\"wp-image-48496\" src=\"https:\/\/www.turistamagazine.com\/v2\/wp-content\/uploads\/2020\/12\/Nin\u00f1o-Jes\u00fas-1.jpg\" alt=\"\" width=\"630\" height=\"414\" srcset=\"https:\/\/www.turistamagazine.com\/v2\/wp-content\/uploads\/2020\/12\/Nin\u00f1o-Jes\u00fas-1.jpg 640w, https:\/\/www.turistamagazine.com\/v2\/wp-content\/uploads\/2020\/12\/Nin\u00f1o-Jes\u00fas-1-300x197.jpg 300w, https:\/\/www.turistamagazine.com\/v2\/wp-content\/uploads\/2020\/12\/Nin\u00f1o-Jes\u00fas-1-638x420.jpg 638w, https:\/\/www.turistamagazine.com\/v2\/wp-content\/uploads\/2020\/12\/Nin\u00f1o-Jes\u00fas-1-610x401.jpg 610w\" sizes=\"(max-width: 630px) 100vw, 630px\" \/><\/a><p id=\"caption-attachment-48496\" class=\"wp-caption-text\"><strong><span style=\"color: #333399;\"><em>Lo dicho una imagen vale m\u00e1s que mil palabras <\/em><\/span><\/strong><\/p><\/div>\n<p style=\"text-align: justify;\"><em><span style=\"color: #800080;\"><span style=\"color: #800080;\"><b>TM.-Ciertamente ser\u00eda imposible contemplar en una sola visita toda la colecci\u00f3n, pero\u00a0 dejemos que el mismo autor nos cuente y nos guie por este hermoso recorrido en la contemplaci\u00f3n de m\u00e1s de 2000\u00a0 Belenes\u00a0 o la Natividad de Jes\u00fas (tal vez ya nos quedamos cortos)\u00a0 \u00a0de singular\u00a0 belleza en los materiales m\u00e1s incre\u00edbles, desde el humilde papel, hasta los materiales m\u00e1s ex\u00f3ticos\u00a0 y valiosos pasando por el cristal de Bavaria, porcelana china, y\u00a0 Oro\u2026 No obstante como peruanos que somos no falta el nacimiento dentro de una papa\u2026 As\u00ed como lo lee, amigo m\u00edo dentro de una peque\u00f1a papa y es hermoso\u2026<\/b><\/span><\/span><\/em><\/p>\n<p style=\"text-align: justify;\"><strong><em><span style=\"color: #800080;\">TM.- \u00bfC\u00f3mo \u00a0empez\u00f3 toda la historia?<\/span><\/em><\/strong><\/p>\n<p style=\"text-align: justify;\"><span style=\"color: #333399;\"><span style=\"color: #800080;\"><strong>JL<\/strong>.<\/span>&#8211;<strong><em>Cuando mis hijos estaban chiquitos yo quise explicarle lo que celebr\u00e1bamos en Navidad y para hacerles el cuento sencillo le dije vamos a celebrar el santo del \u201cNi\u00f1o Dios\u201d el ni\u00f1o que vino al mundo hijo de Dios para que nosotros seamos felices, y cada 24 de diciembre hac\u00edamos una torta y all\u00ed empez\u00f3 todo, <span style=\"color: #800080;\">ya que cuando sus amiguitos ven\u00edan a casa \u00a0mis hijos les contaban lo que sab\u00edan, pero estos ni\u00f1os s\u00f3lo conoc\u00edan la historia de Pap\u00e1 Noel,<\/span> nosotros arm\u00e1bamos un nacimiento muy grande\u00a0 delante del cual \u00a0sentaba a todos los ni\u00f1os y les contaba\u00a0 la historia que a m\u00ed, mis padres me contaron, la bella historia que rodea el nacimiento de Jes\u00fas incluyendo a Herodes y los Reyes Magos,\u00a0 los ni\u00f1os se quedaban fascinados, en conclusi\u00f3n los chicos fueron creciendo, tra\u00edan a su padres a la vez, y se hizo una tradici\u00f3n, ya empieza diciembre vamos a la casa de los Luna y all\u00ed empieza la romer\u00eda familiar, para muchos\u00a0\u00a0 era suficiente venir a la casa de los Luna y ya ten\u00edan navidad. Sin embargo yo les dec\u00eda\u00a0 siempre a los padres compren un nacimiento, que sea peruano y que se exclusivo, no en el sentido de exclusividad sino para darle trabajos a los artesanos peruanos, ya que el artesano trabaja con sus manos y estoy convencido que nadie que trabaje con sus manos en una representaci\u00f3n de Dios har\u00e1 una cosa fea o rid\u00edcula, es \u00abArte- sano\u00bb<\/em><\/strong><\/span><\/p>\n<div id=\"attachment_48497\" style=\"width: 640px\" class=\"wp-caption aligncenter\"><a href=\"https:\/\/www.turistamagazine.com\/v2\/wp-content\/uploads\/2020\/12\/Retablo-1.jpg\"><img decoding=\"async\" aria-describedby=\"caption-attachment-48497\" class=\"wp-image-48497\" src=\"https:\/\/www.turistamagazine.com\/v2\/wp-content\/uploads\/2020\/12\/Retablo-1.jpg\" alt=\"\" width=\"630\" height=\"473\" srcset=\"https:\/\/www.turistamagazine.com\/v2\/wp-content\/uploads\/2020\/12\/Retablo-1.jpg 640w, https:\/\/www.turistamagazine.com\/v2\/wp-content\/uploads\/2020\/12\/Retablo-1-300x225.jpg 300w, https:\/\/www.turistamagazine.com\/v2\/wp-content\/uploads\/2020\/12\/Retablo-1-560x420.jpg 560w\" sizes=\"(max-width: 630px) 100vw, 630px\" \/><\/a><p id=\"caption-attachment-48497\" class=\"wp-caption-text\"><span style=\"color: #333399;\"><em><strong>Yo siempre les suger\u00eda a esos padres que compren un nacimiento, que sea peruano y que se exclusivo, no en el sentido de exclusividad sino para darle trabajos a los artesanos peruanos, ya que el artesano trabaja con sus manos y estoy convencido que nadie que trabaje con sus manos en una representaci\u00f3n de Dios har\u00e1 una cosa fea o rid\u00edcula, es \u00abArte- sano\u00bb<\/strong><\/em><\/span><\/p><\/div>\n<p style=\"text-align: justify;\">\u00a0<strong><em><span style=\"color: #800080;\">TM.-<\/span> <span style=\"color: #800080;\">Finalmente cuantos Nacimiento o Belenes\u00a0 tiene la colecci\u00f3n<\/span><\/em><\/strong><\/p>\n<p style=\"text-align: justify;\"><em><span style=\"color: #333399;\"><strong><span style=\"color: #800080;\">JL.-<\/span>M\u00e1s de 2,000 y m\u00e1s de 20.000 piezas, ya que cada nacimiento est\u00e1 compuesto de \u00a020, 15 \u00a0o 10 \u00a0piezas en fin, \u201cyo siempre digo que si todos \u00a0los nacimientos en alg\u00fan momento los ponen en el piso, todos revueltos, estoy seguro que con tiempo los vuelvo armar, porque yo los he armado uno por uno, en los cuales he puesto mucho cari\u00f1o y dedicaci\u00f3n\u201d<\/strong><\/span><\/em><\/p>\n<p style=\"text-align: justify;\"><strong><em><span style=\"color: #800080;\">TM.-<\/span> <span style=\"color: #800080;\">En esta \u00e9poca tan materialista y hedonista que nos ha tocado vivir, \u00bfQu\u00e9\u00a0 mensaje crees\u00a0 que se les debe trasmitir a los ni\u00f1os? <\/span><\/em><\/strong><\/p>\n<p style=\"text-align: justify;\"><span style=\"color: #333399;\"><strong>JL.-<\/strong> <em><strong>A los ni\u00f1os hay que contarle lo que nos contaron, que existe Dios y lo tenemos en casa, el hombre se ha vuelto Dios de s\u00ed mismo y hemos olvidado la idea que somos hijos de Dios, creados a su imagen y semejanza, por eso somos magn\u00edficos los seres humanos, y cuando olvidamos eso, la gente comete actos horribles, como robar,\u00a0 matar&#8230;etc,&#8230;etc&#8230;, <span style=\"color: #800080;\">y ocurre porque no hay concepto, no hay raz\u00f3n, y esta colecci\u00f3n es un modelo a seguir, la iglesia lo hizo muy bien,\u00a0 pero ahora la tecnolog\u00eda le \u00a0ha quitado presencia a la iglesia, y Coca Cola con su Pap\u00e1 Noel, que s\u00f3lo dice \u201cjo&#8230;jo&#8230;jo\u201d<\/span> \u00a0tiene m\u00e1s representaci\u00f3n\u00a0 que <span style=\"color: #800080;\">este ni\u00f1o bueno que nos habla de honradez, que vot\u00f3 a los mercaderes del templo y dio ejemplos perfectos de c\u00f3mo ser feliz en la vida,<\/span> y lo \u00fanico que tenemos que hacer para lograrlo es seguir los mandamientos y esa maravillosa y \u00fanica oraci\u00f3n que es el <span style=\"color: #800080;\">Padre Nuestro, que pedimos, y \u00c9l nos da, s\u00f3lo creer en Dios\u2026<\/span> Ya que no se puede equivocar el mundo entero, porque aqu\u00ed en esta colecci\u00f3n, se demuestra que en \u00c1frica, Am\u00e9rica, Europa, Asia, \u00a0y en todos lados se reconoce a Dios, s\u00f3lo algunos tontos no quieren reconocerlo, pero eso ya es problema de ellos\u2026<\/strong><\/em><\/span><\/p>\n<div id=\"attachment_58965\" style=\"width: 640px\" class=\"wp-caption aligncenter\"><a href=\"https:\/\/www.turistamagazine.com\/v2\/wp-content\/uploads\/2020\/12\/Casa-Luna-2.jpg\"><img decoding=\"async\" aria-describedby=\"caption-attachment-58965\" class=\"wp-image-58965\" src=\"https:\/\/www.turistamagazine.com\/v2\/wp-content\/uploads\/2020\/12\/Casa-Luna-2.jpg\" alt=\"\" width=\"630\" height=\"434\" srcset=\"https:\/\/www.turistamagazine.com\/v2\/wp-content\/uploads\/2020\/12\/Casa-Luna-2.jpg 640w, https:\/\/www.turistamagazine.com\/v2\/wp-content\/uploads\/2020\/12\/Casa-Luna-2-300x207.jpg 300w, https:\/\/www.turistamagazine.com\/v2\/wp-content\/uploads\/2020\/12\/Casa-Luna-2-610x420.jpg 610w\" sizes=\"(max-width: 630px) 100vw, 630px\" \/><\/a><p id=\"caption-attachment-58965\" class=\"wp-caption-text\"><em><strong><span style=\"color: #333399;\">Maravillosos pesebres coleccionados uno a uno durante toda su vida nos deleitan y conmueven en el museo particular de Casa Luna<\/span><\/strong><\/em><\/p><\/div>\n<p style=\"text-align: justify;\"><span style=\"color: #333399;\"><em><strong>TM.-C<span style=\"color: #666699;\">u\u00e1nta raz\u00f3n tiene Javier Luna, la mayor\u00eda de personas sobre todo la gente joven \u00a0se est\u00e1n olvidando de rezar y confiar en Dios, y la navidad con toda la parafernalia de luces colores y ofertas, ha perdido la esencia de lo que simboliza, el recordar el cumplea\u00f1os del \u201cNi\u00f1o Dios\u201d o el \u201cNi\u00f1o Jesusito\u201d<\/span><\/strong><\/em><em><strong><span style=\"color: #666699;\"> como nos ense\u00f1aron en el colegio.<\/span> Este a\u00f1o, le recomendamos visitar \u201cCasa Luna\u201d para \u00a0transportarse \u00a0 a un mundo m\u00e1gico y maravilloso, mas ciertamente, despu\u00e9s de lo que pasamos con el distanciamiento social \u00a0que nos apartaba de los amigos y seres queridos\u2026 \u00a0Confiamos que esa pasada\u00a0 y nefasta experiencia haya\u00a0 servido \u00a0para reflexionar y ac\u00e9rcanos m\u00e1s a nuestros ritos y creencias religiosas las que fueren\u2026todas son v\u00e1lidas.<\/strong><\/em><\/span><\/p>\n<p style=\"text-align: justify;\"><span style=\"color: #800080;\"><em><strong>Indudablemente, esta publicaci\u00f3n es una s\u00edntesis de todo lo visto y o\u00eddo durante la visita, pero si Ud. quiere ver la colecci\u00f3n en vivo y en directo\u00a0el d\u00eda que \u00a0nos visite dilecto lector separe su visita a la \u00abCasa Luna\u00bb se llevar\u00e1 un recuerdo inolvidable.<\/strong><\/em><\/span><\/p>\n<p>&nbsp;<\/p>\n<p style=\"text-align: justify;\"><strong><em>\u00a0<span style=\"color: #333399;\">Por\u00a0 lo pronto \u00a0les compartimos la p\u00e1g. Web de los<\/span> <span style=\"color: #800080;\">\u201cNacimientos del Per\u00fa y el Mundo\u201d<\/span> <span style=\"color: #333399;\">vale la pena que le d\u00e9 una miradita. Adem\u00e1s encontrar\u00e1 todos los datos de los contactos<\/span><\/em><\/strong><em>. <\/em>\u00a0<a href=\"http:\/\/www.nacimientosdelperu.com.pe\">www.nacimientosdelperuydelmundo.com.pe<\/a><\/p>\n<p style=\"text-align: justify;\"><strong>Fotos\/ Turistamagazine\/ Casa Luna<\/strong><\/p>\n<p style=\"text-align: justify;\">\n","protected":false},"excerpt":{"rendered":"<p>Javier Luna\u00a0 \u00a0delante de uno de su magn\u00edficos\u00a0nacimientos Redac\/ TuristamagazineDestinos* Las fiestas navide\u00f1as siempre nos traen cierta tristeza\u2026 tal vez m\u00e1s que tristeza nos\u00a0 sentimos en un\u00a0 estado ambivalente, pues dentro de la alegr\u00eda que nos debe producir el Adviento,\u00a0 tambi\u00e9n nos sume en cierto desconsuelo, pues estas fiestas son para celebrarlo en familia con los hijos, con los nietos, y en nuestro caso nunca tuvimos esa dicha, y precisamente por esta nostalgia nos ponemos a revisar parte de nuestros varios a\u00f1os de trabajo como escritores, ya que nuestra profesi\u00f3n es m\u00e1s bien Tur\u00edstica-pedag\u00f3gica\u2026 y en este recordar nost\u00e1lgico de&#8230;<\/p>\n","protected":false},"author":1,"featured_media":48489,"comment_status":"open","ping_status":"open","sticky":false,"template":"","format":"standard","meta":{"footnotes":""},"categories":[94],"tags":[10204,11846,10203,10219,10556,12801],"class_list":["post-48488","post","type-post","status-publish","format-standard","has-post-thumbnail","hentry","category-entrevistas","tag-casaluna","tag-elenatejeradirectora","tag-javierluna","tag-semanarioturistamagazine","tag-turismagazine","tag-navidad"],"_links":{"self":[{"href":"https:\/\/www.turistamagazine.com\/v2\/index.php?rest_route=\/wp\/v2\/posts\/48488","targetHints":{"allow":["GET"]}}],"collection":[{"href":"https:\/\/www.turistamagazine.com\/v2\/index.php?rest_route=\/wp\/v2\/posts"}],"about":[{"href":"https:\/\/www.turistamagazine.com\/v2\/index.php?rest_route=\/wp\/v2\/types\/post"}],"author":[{"embeddable":true,"href":"https:\/\/www.turistamagazine.com\/v2\/index.php?rest_route=\/wp\/v2\/users\/1"}],"replies":[{"embeddable":true,"href":"https:\/\/www.turistamagazine.com\/v2\/index.php?rest_route=%2Fwp%2Fv2%2Fcomments&post=48488"}],"version-history":[{"count":9,"href":"https:\/\/www.turistamagazine.com\/v2\/index.php?rest_route=\/wp\/v2\/posts\/48488\/revisions"}],"predecessor-version":[{"id":65141,"href":"https:\/\/www.turistamagazine.com\/v2\/index.php?rest_route=\/wp\/v2\/posts\/48488\/revisions\/65141"}],"wp:featuredmedia":[{"embeddable":true,"href":"https:\/\/www.turistamagazine.com\/v2\/index.php?rest_route=\/wp\/v2\/media\/48489"}],"wp:attachment":[{"href":"https:\/\/www.turistamagazine.com\/v2\/index.php?rest_route=%2Fwp%2Fv2%2Fmedia&parent=48488"}],"wp:term":[{"taxonomy":"category","embeddable":true,"href":"https:\/\/www.turistamagazine.com\/v2\/index.php?rest_route=%2Fwp%2Fv2%2Fcategories&post=48488"},{"taxonomy":"post_tag","embeddable":true,"href":"https:\/\/www.turistamagazine.com\/v2\/index.php?rest_route=%2Fwp%2Fv2%2Ftags&post=48488"}],"curies":[{"name":"wp","href":"https:\/\/api.w.org\/{rel}","templated":true}]}}