{"id":47716,"date":"2020-10-28T22:18:11","date_gmt":"2020-10-29T03:18:11","guid":{"rendered":"http:\/\/www.turistamagazine.com\/v2\/?p=47716"},"modified":"2020-10-30T13:36:53","modified_gmt":"2020-10-30T18:36:53","slug":"el-legado-chavin","status":"publish","type":"post","link":"https:\/\/www.turistamagazine.com\/v2\/?p=47716","title":{"rendered":"EL LEGADO CHAVIN"},"content":{"rendered":"<h6>Por Alfonsina Barrionuevo*<\/h6>\n<h5 style=\"text-align: justify;\"><em><span style=\"color: #333399;\">\u00abHace unos a\u00f1os me preocup\u00f3 (y me sigue preocupando) que se haya reducido la informaci\u00f3n de nuestras culturas en los textos escolares de historia. Pens\u00e9 entonces publicar una serie dedicada a su grandeza. El cuento de Chav\u00edn pertenece a esa serie que inici\u00e9 con muchos sue\u00f1os. Me encanta haber abordado la construcci\u00f3n del templo de Chav\u00edn con todo lo que se encontr\u00f3 all\u00ed despu\u00e9s de un aluvi\u00f3n que lo cubri\u00f3. El di\u00e1logo de un se\u00f1or chav\u00edn con su oficial arquitecto hace miles de a\u00f1os es sencillo, como si se hubiera escuchado en un celular de piedra.<\/span><\/em><\/h5>\n<h5 style=\"text-align: justify;\"><em><span style=\"color: #333399;\">\u00a0Pens\u00e9 como muchos peruanos que las cabezas clavas hab\u00edan sido hechas para infundir terror. El medico geriatra Fernando Corzo me dio una versi\u00f3n extraordinaria desde su especialidad. Se dio cuenta que mostraban los ciclos humanos de vida. Sobre otros monolitos me pas\u00e9 d\u00edas viendo los dibujos de los libros del arque\u00f3logo Crist\u00f3bal Makowski. A simple vista parecen jerogl\u00edficos,\u00a0 quiz\u00e1 hay algo menos complicado pero importante en ellos. El tiempo es un enemigo, siento que en alg\u00fan momento atropella. Soy afortunada de caminar a la inversa, retrocediendo para capturar sus secretos.<\/span><\/em>\u00ab<\/h5>\n<h5 style=\"text-align: center;\"><span style=\"color: #800080;\">LOS MAESTROS DE LA PIEDRA<\/span><\/h5>\n<p><a href=\"https:\/\/www.turistamagazine.com\/v2\/wp-content\/uploads\/2020\/10\/LOS-CHAVIN.jpg\"><img decoding=\"async\" class=\"size-full wp-image-47718 aligncenter\" src=\"https:\/\/www.turistamagazine.com\/v2\/wp-content\/uploads\/2020\/10\/LOS-CHAVIN.jpg\" alt=\"\" width=\"446\" height=\"640\" srcset=\"https:\/\/www.turistamagazine.com\/v2\/wp-content\/uploads\/2020\/10\/LOS-CHAVIN.jpg 446w, https:\/\/www.turistamagazine.com\/v2\/wp-content\/uploads\/2020\/10\/LOS-CHAVIN-209x300.jpg 209w, https:\/\/www.turistamagazine.com\/v2\/wp-content\/uploads\/2020\/10\/LOS-CHAVIN-293x420.jpg 293w\" sizes=\"(max-width: 446px) 100vw, 446px\" \/><\/a><\/p>\n<h5 style=\"text-align: justify;\"><span style=\"color: #333399;\">-Karwa, un d\u00eda fuimos un pueblo muy grande. Hasta que viajamos buscando un nuevo territorio \u2013dijo el se\u00f1or.<\/span><\/h5>\n<h5 style=\"text-align: justify;\"><span style=\"color: #333399;\">Desde entonces ha pasado mucho tiempo.<\/span><\/h5>\n<h5 style=\"text-align: justify;\"><span style=\"color: #333399;\">En el camino han quedado huellas de nuestro paso.<\/span><\/h5>\n<h5 style=\"text-align: justify;\"><span style=\"color: #333399;\">Este lugar, entre dos r\u00edos, me parece apropiado para dejar una obra que descubra como fue el medio ambiente donde llegamos.<\/span><\/h5>\n<h5 style=\"text-align: justify;\"><span style=\"color: #800080;\">&#8211;<\/span><em><span style=\"color: #666699;\"><span style=\"color: #800080;\">\u00bfQu\u00e9 quieres que haga, padre m\u00edo? \u2013dijo el arquitecto<\/span>.<\/span><\/em><\/h5>\n<h5 style=\"text-align: justify;\"><span style=\"color: #333399;\">-\u00a1Vamos a levantar un templo!, exclam\u00f3 \u00e9ste con energ\u00eda, as\u00ed las gentes que lleguen de otras partes sabr\u00e1n de nuestra vida, de nuestra fuerza y de nuestro arte.<\/span><\/h5>\n<h5 style=\"text-align: justify;\"><em><span style=\"color: #800080;\">-Estamos avanzando en los trabajos y este personaje me gusta, -coment\u00f3 con entusiasmo.<\/span><\/em><\/h5>\n<h5 style=\"text-align: justify;\"><em><span style=\"color: #800080;\">-Lo he visto en mis sue\u00f1os. Est\u00e1 clavado en la tierra y sostiene el techo de piedra en esta galer\u00eda subterr\u00e1nea.<\/span><\/em><\/h5>\n<h5 style=\"text-align: justify;\"><em><span style=\"color: #800080;\">Es un guardi\u00e1n y lleva una cabellera de serpientes como distintivo.<\/span><\/em><\/h5>\n<h5 style=\"text-align: justify;\"><em><span style=\"color: #800080;\">Su rostro es fiero con los colmillos que asoman en su boca y el murci\u00e9lago que abre sus alas en su frente. Sin embargo su\u00a0 sonrisa es amistosa. Usa pendientes en las orejas como nosotros, collar, brazaletes, faja en la cintura que sostiene el faldell\u00edn y tobilleras.<\/span><\/em><\/h5>\n<h5 style=\"text-align: justify;\"><em><span style=\"color: #800080;\">Su brazo que se alza hacia arriba y el otro que se\u00f1ala hacia abajo unen ambos espacios.<\/span><\/em><\/h5>\n<h5 style=\"text-align: justify;\"><span style=\"color: #333399;\">\u00bfKarwa, qu\u00e9 me propones para la portada que dar\u00e1 frente a la plaza?, pregunt\u00f3 ansioso el se\u00f1or al jefe de sus constructores.<\/span><\/h5>\n<h5 style=\"text-align: justify;\"><em><span style=\"color: #800080;\">-He pensado en columnas circulares con grabados finamente tallados. Encima pondremos una piedra larga. En la parte frontal, como si aguardaran el momento de levantar el vuelo, tendremos una fila de esas \u00e1guilas que son tan bellas como feroces y otra fila de halcones.<\/span><\/em><\/h5>\n<h5 style=\"text-align: justify;\"><span style=\"color: #333399;\">El poder\u00edo de sus alas y sus garras es formidable -, fue su respuesta.<\/span><\/h5>\n<h5 style=\"text-align: justify;\"><span style=\"color: #333399;\">-Me gusta la idea Karwa, t\u00fa adivinas mi pensamiento -, asinti\u00f3 satisfecho el se\u00f1<\/span>or.<\/h5>\n<h5 style=\"text-align: justify;\"><em><span style=\"color: #000000;\">-\u00bfPadre m\u00edo, d\u00f3nde estaremos las mujeres que llevamos en nuestro coraz\u00f3n la semilla de nuestro pueblo?-,pregunt\u00f3 Air\u00edn, su hija, que entr\u00f3 llevando en una fuente choclos reci\u00e9n hervidos.<\/span><\/em><\/h5>\n<p><a href=\"https:\/\/www.turistamagazine.com\/v2\/wp-content\/uploads\/2020\/10\/los-chavin10001.jpg\"><img decoding=\"async\" class=\"wp-image-47719 size-full aligncenter\" src=\"https:\/\/www.turistamagazine.com\/v2\/wp-content\/uploads\/2020\/10\/los-chavin10001.jpg\" alt=\"\" width=\"540\" height=\"480\" srcset=\"https:\/\/www.turistamagazine.com\/v2\/wp-content\/uploads\/2020\/10\/los-chavin10001.jpg 540w, https:\/\/www.turistamagazine.com\/v2\/wp-content\/uploads\/2020\/10\/los-chavin10001-300x267.jpg 300w, https:\/\/www.turistamagazine.com\/v2\/wp-content\/uploads\/2020\/10\/los-chavin10001-473x420.jpg 473w, https:\/\/www.turistamagazine.com\/v2\/wp-content\/uploads\/2020\/10\/los-chavin10001-48x44.jpg 48w\" sizes=\"(max-width: 540px) 100vw, 540px\" \/><\/a><\/p>\n<h5 style=\"text-align: justify;\">&#8211;<span style=\"color: #333399;\">No necesitas la piedras Airin. Ustedes, las mujeres, est\u00e1n en el canto de los p\u00e1jaros, en el perfume de las flores, en los espejos del agua, en la dulzura de los frutos, en el crepitar de los le\u00f1os, en nosotros los hombres.-Tienes raz\u00f3n y me gusta ser agua, flor, fuego o fruto.<\/span><\/h5>\n<h5 style=\"text-align: justify;\"><span style=\"color: #333399;\">-Sabes, amigo \u2013le dijo un d\u00eda el se\u00f1or\u00a0 Karwa \u2013estoy pensando que la vida de los hombres siguen el mismo ciclo de la naturaleza.<\/span><\/h5>\n<h5 style=\"text-align: justify;\"><span style=\"color: #333399;\">La pubertad es como la primavera, un florecer;\u00a0 la juventud tiene el esplendor del verano; la madurez se parece al oto\u00f1o y la vejez al invierno. Esos ciclos pueden estar representados por cabezas de piedras clavadas en los muros del templo.<\/span><\/h5>\n<h5 style=\"text-align: justify;\"><span style=\"color: #333399;\">\u00bfNo te parece?<\/span><\/h5>\n<h5 style=\"text-align: justify;\"><em><span style=\"color: #800080;\">-Tus indicaciones, padre, conducen\u00a0 mi mano. Todo lo tienes pensado.<\/span><\/em><\/h5>\n<h5 style=\"text-align: justify;\"><span style=\"color: #333399;\">-Esas cabezas de piedra hay que ponerlas de acuerdo a su edad. En el muro anterior las m\u00e1s j\u00f3venes. Ellas recibir\u00e1n la primera luz del amanecer. \u00bfMe entiendes, Karwa?<\/span><\/h5>\n<h5 style=\"text-align: justify;\"><em><span style=\"color: #800080;\">-S\u00ed, se\u00f1or. Tienen que mostrar un rasgo de ferocidad. Los colmillos del otorongo o jaguar en la boca y serpientes en sus cabellos. La gente que venga de otros lugares a intercambiar productos, telas, cer\u00e1micas y adornos de metal debe respetarnos. Quiero que sientan nuestro poder, la energ\u00eda de los guerreros.<\/span><\/em><\/h5>\n<h5 style=\"text-align: justify;\"><em><span style=\"color: #800080;\">-Te prometo que su vista har\u00e1 temblar su esp\u00edritu. Al verlas sentir\u00e1n miedo.<\/span><\/em><\/h5>\n<h5 style=\"text-align: justify;\"><em><span style=\"color: #800080;\">-\u00bfD\u00f3nde quieres que vayan las dem\u00e1s?<\/span><\/em><\/h5>\n<h5 style=\"text-align: justify;\"><span style=\"color: #333399;\">-Ellas estar\u00e1n en el muro posterior y recibir\u00e1n el sol del atardecer. Los ancianos representan la sabidur\u00eda.<\/span><\/h5>\n<h5 style=\"text-align: justify;\"><span style=\"color: #333399;\">En otra piedra entrara esa terrible criatura de los pantanos, el caim\u00e1n negro.<\/span><\/h5>\n<h5 style=\"text-align: justify;\"><em><span style=\"color: #800080;\">-A los escultores no les gustar\u00e1 trabajar al reptil de cuatro patas y mortales colmillos. En sus fauces \u00bfRecuerdas c\u00f3mo nos atacaba?<\/span><\/em><\/h5>\n<h5 style=\"text-align: justify;\">&#8211;<span style=\"color: #333399;\">Ese animal es poderoso y llevar\u00e1 sobre su cuerpo cuanto exist\u00eda en nuestro mundo. Lo pondremos vertical. En lugar de su larga cola tendr\u00e1 la de un pez y estar\u00e1 haciendo contacto con el cielo.<\/span><\/h5>\n<h5 style=\"text-align: justify;\"><em><span style=\"color: #800080;\">-\u00bfTe parece que lleve en la cabeza la brillante estrella que alumbra la noche?<\/span><\/em><\/h5>\n<h5 style=\"text-align: justify;\"><span style=\"color: #333399;\">-Est\u00e1 bien, Karwa.<\/span><\/h5>\n<h5 style=\"text-align: justify;\"><em><span style=\"color: #800080;\">-Ser\u00e1 grandioso, exclam\u00f3 Karwa. \u2013En su piel graficaremos tambi\u00e9n las aves, las flores, los monos, los caracoles gigantes que dan mucha carne, los peces, las serpientes y tambi\u00e9n el aj\u00ed, la yuka, el man\u00ed, la calabaza, la achira y los yuyos.<\/span><\/em><\/h5>\n<h5 style=\"text-align: justify;\"><em><span style=\"color: #000000;\">Te traje un regalo Karwa. Est\u00e1n trabajando mucho. Pronto el edificio estar\u00e1 terminado.<\/span><\/em><\/h5>\n<h5 style=\"text-align: justify;\"><em><span style=\"color: #800080;\">-Airin, me gustar\u00eda copiar tu hermoso rostro en la piedra, pero no quiero que proyecte terror. Es muy dulce y lo llevo en mi coraz\u00f3n. Te amo.<\/span><\/em><\/h5>\n<h5 style=\"text-align: justify;\">&#8211;<em><span style=\"color: #000000;\">Y yo. Cuando termines esta gran obra, formaremos una pareja.<\/span><\/em><\/h5>\n<h5 style=\"text-align: justify;\"><em><span style=\"color: #000000;\">-Los m\u00fasicos duplican nuestra fuerza con la alegr\u00eda que hay en sus instrumentos, mitigan la sed, el hambre y el cansancio.<\/span><\/em><\/h5>\n<h5 style=\"text-align: justify;\"><em><span style=\"color: #000000;\">-La m\u00fasica es fuente de energ\u00eda.<\/span><\/em><\/h5>\n<h5 style=\"text-align: justify;\"><em><span style=\"color: #000000;\">Ellos merecen un espacio sagrado dedicado a su arte.<\/span><\/em><\/h5>\n<h5 style=\"text-align: justify;\"><em><span style=\"color: #000000;\">-\u00bfNo te parece, Karwa?<\/span><\/em><\/h5>\n<h5 style=\"text-align: justify;\"><em><span style=\"color: #800080;\">-Creo que has pensado en todo.<\/span><\/em><\/h5>\n<h5 style=\"text-align: justify;\"><em><span style=\"color: #800080;\">-Estoy contento con el trabajo realizado. Cada escultura es un registro de lo que hay en el cielo, la tierra en que vivimos y la que est\u00e1 debajo de los manantiales y los r\u00edos.<\/span><\/em><\/h5>\n<h5 style=\"text-align: justify;\"><span style=\"color: #333399;\">Mira Karwa, este grandioso monolito es justamente un se\u00f1or con sus cetros de mando, que en realidad son dos plantas de ma\u00edz.<\/span><\/h5>\n<h5 style=\"text-align: justify;\"><em><span style=\"color: #800080;\">-Siento que hemos cumplido, se\u00f1or. Las generaciones futuras de otros pueblos no olvidar\u00e1n la grandeza de los chavin.<\/span><\/em><\/h5>\n<h5 style=\"text-align: justify;\">*Abogada. Escritora e investigadora peruana<\/h5>\n","protected":false},"excerpt":{"rendered":"<p>Por Alfonsina Barrionuevo* \u00abHace unos a\u00f1os me preocup\u00f3 (y me sigue preocupando) que se haya reducido la informaci\u00f3n de nuestras culturas en los textos escolares de historia. Pens\u00e9 entonces publicar una serie dedicada a su grandeza. El cuento de Chav\u00edn pertenece a esa serie que inici\u00e9 con muchos sue\u00f1os. Me encanta haber abordado la construcci\u00f3n del templo de Chav\u00edn con todo lo que se encontr\u00f3 all\u00ed despu\u00e9s de un aluvi\u00f3n que lo cubri\u00f3. El di\u00e1logo de un se\u00f1or chav\u00edn con su oficial arquitecto hace miles de a\u00f1os es sencillo, como si se hubiera escuchado en un celular de piedra. \u00a0Pens\u00e9&#8230;<\/p>\n","protected":false},"author":1,"featured_media":0,"comment_status":"open","ping_status":"open","sticky":false,"template":"","format":"standard","meta":{"footnotes":""},"categories":[85],"tags":[10232,9157,10415,749,5078],"class_list":["post-47716","post","type-post","status-publish","format-standard","hentry","category-colum-invitados","tag-alfonsinabarrionuevo","tag-100-anos-de-chavin","tag-los-chavin","tag-turistamagazine","tag-ver-todos"],"_links":{"self":[{"href":"https:\/\/www.turistamagazine.com\/v2\/index.php?rest_route=\/wp\/v2\/posts\/47716","targetHints":{"allow":["GET"]}}],"collection":[{"href":"https:\/\/www.turistamagazine.com\/v2\/index.php?rest_route=\/wp\/v2\/posts"}],"about":[{"href":"https:\/\/www.turistamagazine.com\/v2\/index.php?rest_route=\/wp\/v2\/types\/post"}],"author":[{"embeddable":true,"href":"https:\/\/www.turistamagazine.com\/v2\/index.php?rest_route=\/wp\/v2\/users\/1"}],"replies":[{"embeddable":true,"href":"https:\/\/www.turistamagazine.com\/v2\/index.php?rest_route=%2Fwp%2Fv2%2Fcomments&post=47716"}],"version-history":[{"count":1,"href":"https:\/\/www.turistamagazine.com\/v2\/index.php?rest_route=\/wp\/v2\/posts\/47716\/revisions"}],"predecessor-version":[{"id":47720,"href":"https:\/\/www.turistamagazine.com\/v2\/index.php?rest_route=\/wp\/v2\/posts\/47716\/revisions\/47720"}],"wp:attachment":[{"href":"https:\/\/www.turistamagazine.com\/v2\/index.php?rest_route=%2Fwp%2Fv2%2Fmedia&parent=47716"}],"wp:term":[{"taxonomy":"category","embeddable":true,"href":"https:\/\/www.turistamagazine.com\/v2\/index.php?rest_route=%2Fwp%2Fv2%2Fcategories&post=47716"},{"taxonomy":"post_tag","embeddable":true,"href":"https:\/\/www.turistamagazine.com\/v2\/index.php?rest_route=%2Fwp%2Fv2%2Ftags&post=47716"}],"curies":[{"name":"wp","href":"https:\/\/api.w.org\/{rel}","templated":true}]}}