{"id":47510,"date":"2020-10-15T12:57:49","date_gmt":"2020-10-15T17:57:49","guid":{"rendered":"http:\/\/www.turistamagazine.com\/v2\/?p=47510"},"modified":"2020-10-15T12:58:08","modified_gmt":"2020-10-15T17:58:08","slug":"peter-cerda-iata-alerta-que-la-aviacion-no-se-esta-reactivando-como-se-esperaba","status":"publish","type":"post","link":"https:\/\/www.turistamagazine.com\/v2\/?p=47510","title":{"rendered":"PETER CERD\u00c1: IATA ALERTA QUE LA AVIACI\u00d3N NO SE EST\u00c1 REACTIVANDO COMO SE ESPERABA"},"content":{"rendered":"<h5 style=\"text-align: justify;\"><strong>15\/10\/2020\/ <em><span style=\"color: #800080;\">Peter Cerd\u00e1, vicepresidente de IATA para las Am\u00e9ricas<\/span><\/em>, asegura que gracias a las acciones tempranas que llev\u00f3 a cabo la industria desde junio en medidas de bioseguridad, el sector a\u00e9reo no es un vector del Covid, pues menciona que los protocolos fueron avalados por los gobiernos e implementados por las aerol\u00edneas, sin embargo han encontrado que la industria no se ha reactivado de la manera que se esperaba.<\/strong><\/h5>\n<h5 style=\"text-align: justify;\"><strong>En ese sentido, Cerd\u00e1 puntualiz\u00f3 que las restricciones no est\u00e1n ayudando para abrir y sobre todo traer confianza al sector, lo cual est\u00e1 causando un estr\u00e9s muy extremo a la industria<em>. <span style=\"color: #800080;\">\u201cHay muchos pa\u00edses a nivel mundial que siguen con sus fronteras cerradas, y aunque ya han abierto muchos tambi\u00e9n, mantienen estrictas restricciones como cuarentenas\u201d<\/span>,<\/em> dijo, y cit\u00f3 que en Chile -por ejemplo-, mantienen abiertas sus fronteras solo a chilenos residentes, ya que hasta el momento los extranjeros no pueden entrar.<\/strong><\/h5>\n<h5 style=\"text-align: justify;\"><strong>Explic\u00f3 que durante los primeros meses del a\u00f1o, al inicio de la pandemia, hubo muy pocas operaciones, lo cual oblig\u00f3 a las aerol\u00edneas a pedir apoyo a sus gobiernos, sin embargo a nivel global se han aportado alrededor de 160 mil millones de d\u00f3lares, la mayor\u00eda provenientes de Norte Am\u00e9rica y Europa, muy poco ha sido el apoyo en la regi\u00f3n de Am\u00e9rica Latina, lo que ha puesto en riesgo a la industria y se teme que cuando la recuperaci\u00f3n llegue, las aerol\u00edneas no est\u00e9n preparadas.<\/strong><\/h5>\n<h5 style=\"text-align: justify;\"><em><span style=\"color: #800080;\"><strong>Asimismo, destac\u00f3 que se necesita liderazgo de los gobiernos para salvar al sector, pues entre m\u00e1s tiempo se prolongue la recuperaci\u00f3n, mayor ser\u00e1 el riesgo.<\/strong><\/span><\/em><\/h5>\n<h5 style=\"text-align: justify;\"><strong>El pron\u00f3stico de<em><span style=\"color: #800080;\"> IATA<\/span> <\/em>se\u00f1ala que la recuperaci\u00f3n internacional se dar\u00e1 hasta el 2024, mientras que en vuelos dom\u00e9sticos la recuperaci\u00f3n se podr\u00e1 estar dando para finales de 2022, principios de 2023, lo cual depender\u00e1 mucho del liderazgo que tomen los gobiernos, <span style=\"color: #800080;\"><em>\u201ceste es el momento de la responsabilidad privada y del apoyo del gobierno\u201d<\/em><\/span>, puntualiz\u00f3 Cerd\u00e1.<\/strong><\/h5>\n<h5 style=\"text-align: justify;\"><strong><em><span style=\"color: #800080;\">IAT<\/span><span style=\"color: #800080;\">A<\/span><\/em> solicita a los gobiernos que establezcan un sistema de pruebas Covid-19, para reabrir fronteras, restablecer la conectividad y evitar que la industria de la aviaci\u00f3n colapse<\/strong><\/h5>\n","protected":false},"excerpt":{"rendered":"<p>15\/10\/2020\/ Peter Cerd\u00e1, vicepresidente de IATA para las Am\u00e9ricas, asegura que gracias a las acciones tempranas que llev\u00f3 a cabo la industria desde junio en medidas de bioseguridad, el sector a\u00e9reo no es un vector del Covid, pues menciona que los protocolos fueron avalados por los gobiernos e implementados por las aerol\u00edneas, sin embargo han encontrado que la industria no se ha reactivado de la manera que se esperaba. En ese sentido, Cerd\u00e1 puntualiz\u00f3 que las restricciones no est\u00e1n ayudando para abrir y sobre todo traer confianza al sector, lo cual est\u00e1 causando un estr\u00e9s muy extremo a la industria&#8230;.<\/p>\n","protected":false},"author":1,"featured_media":45511,"comment_status":"open","ping_status":"open","sticky":false,"template":"","format":"standard","meta":{"footnotes":""},"categories":[4,84],"tags":[9598,2447,9918,749],"class_list":["post-47510","post","type-post","status-publish","format-standard","has-post-thumbnail","hentry","category-breaking-news","category-internacionales","tag-covid-19","tag-iata","tag-peter-cerda","tag-turistamagazine"],"_links":{"self":[{"href":"https:\/\/www.turistamagazine.com\/v2\/index.php?rest_route=\/wp\/v2\/posts\/47510","targetHints":{"allow":["GET"]}}],"collection":[{"href":"https:\/\/www.turistamagazine.com\/v2\/index.php?rest_route=\/wp\/v2\/posts"}],"about":[{"href":"https:\/\/www.turistamagazine.com\/v2\/index.php?rest_route=\/wp\/v2\/types\/post"}],"author":[{"embeddable":true,"href":"https:\/\/www.turistamagazine.com\/v2\/index.php?rest_route=\/wp\/v2\/users\/1"}],"replies":[{"embeddable":true,"href":"https:\/\/www.turistamagazine.com\/v2\/index.php?rest_route=%2Fwp%2Fv2%2Fcomments&post=47510"}],"version-history":[{"count":2,"href":"https:\/\/www.turistamagazine.com\/v2\/index.php?rest_route=\/wp\/v2\/posts\/47510\/revisions"}],"predecessor-version":[{"id":47512,"href":"https:\/\/www.turistamagazine.com\/v2\/index.php?rest_route=\/wp\/v2\/posts\/47510\/revisions\/47512"}],"wp:featuredmedia":[{"embeddable":true,"href":"https:\/\/www.turistamagazine.com\/v2\/index.php?rest_route=\/wp\/v2\/media\/45511"}],"wp:attachment":[{"href":"https:\/\/www.turistamagazine.com\/v2\/index.php?rest_route=%2Fwp%2Fv2%2Fmedia&parent=47510"}],"wp:term":[{"taxonomy":"category","embeddable":true,"href":"https:\/\/www.turistamagazine.com\/v2\/index.php?rest_route=%2Fwp%2Fv2%2Fcategories&post=47510"},{"taxonomy":"post_tag","embeddable":true,"href":"https:\/\/www.turistamagazine.com\/v2\/index.php?rest_route=%2Fwp%2Fv2%2Ftags&post=47510"}],"curies":[{"name":"wp","href":"https:\/\/api.w.org\/{rel}","templated":true}]}}