{"id":47481,"date":"2020-10-14T14:12:08","date_gmt":"2020-10-14T19:12:08","guid":{"rendered":"http:\/\/www.turistamagazine.com\/v2\/?p=47481"},"modified":"2020-10-14T14:20:11","modified_gmt":"2020-10-14T19:20:11","slug":"delegacion-de-la-omt-en-bruselas-para-mantener-conversaciones-con-lideres-de-las-instituciones-europeas","status":"publish","type":"post","link":"https:\/\/www.turistamagazine.com\/v2\/?p=47481","title":{"rendered":"DELEGACI\u00d3N DE LA OMT EN BRUSELAS PARA MANTENER CONVERSACIONES CON L\u00cdDERES DE LAS INSTITUCIONES EUROPEAS"},"content":{"rendered":"<p style=\"text-align: center;\"><strong><span style=\"color: #333399;\"><em>Mont des Arts Mirador Bruselas<\/em><\/span><\/strong><\/p>\n<p style=\"text-align: justify;\"><strong>14\/10\/2020\/ Bruselas.-<em><span style=\"color: #800080;\">El secretario general de la Organizaci\u00f3n Mundial del Turismo (OMT) ha encabezado una delegaci\u00f3n de alto nivel que ha viajado a Bruselas para mantener una serie de reuniones encaminadas a asegurar que el turismo permanezca en lo alto de la agenda pol\u00edtica de las instituciones europeas.<\/span><\/em><\/strong><\/p>\n<p style=\"text-align: justify;\"><strong>La OMT est\u00e1 guiando el reinicio global del turismo y el secretario general, Zurab Pololikashvili, ha estado trabajando estrechamente con los dirigentes europeos para garantizar que el sector reciba el apoyo pol\u00edtico y financiero necesario para proteger el empleo y salvaguardar las empresas. Durante su visita a Bruselas, el Sr. Pololikashvili inst\u00f3 a los l\u00edderes de las instituciones europeas a hacer realidad sus ambiciosos planes de recuperaci\u00f3n, coordinado un paquete de medidas de respuesta que permitan al turismo volver a su actividad e impulsar la recuperaci\u00f3n de la econom\u00eda de la UE.<\/strong><\/p>\n<p style=\"text-align: justify;\"><strong>Al mismo tiempo, la direcci\u00f3n de la OMT subray\u00f3 la importancia de apoyar el crecimiento del turismo interno. Seg\u00fan el Sr. Pololikashvili, el turismo interno tiene un inmenso potencial, entre otras cosas para la recuperaci\u00f3n y el desarrollo de las comunidades rurales. No obstante, para que ese potencial se materialice, los Gobiernos y las instituciones europeas tienen que ofrecer una mayor orientaci\u00f3n y un liderazgo m\u00e1s firme(\u2026)<\/strong><\/p>\n<p style=\"text-align: justify;\"><span style=\"color: #800080;\"><strong><em>Un liderazgo de alto nivel es esencial<\/em><\/strong><\/span><\/p>\n<p style=\"text-align: justify;\"><strong>El secretario general afirm\u00f3: <em>\u201c<span style=\"color: #800080;\">El turismo es un pilar de las econom\u00edas europeas, uno de los mayores empleadores y una fuente de oportunidades para muchos millones de personas de todo el continente. Los l\u00edderes de las instituciones europeas han indicado su compromiso de apoyar al turismo en estos tiempos dif\u00edciles. Har\u00e1 falta un liderazgo de alto nivel y un nivel de cooperaci\u00f3n sin precedentes entre las instituciones, los Gobiernos y las empresas para traducir las buenas intenciones en acciones firmes y ayudar as\u00ed al turismo a liderar la recuperaci\u00f3n del continente tras la crisis\u201d.(\u2026)<\/span><\/em><\/strong><\/p>\n<p style=\"text-align: justify;\"><span style=\"color: #333399;\"><strong><em>La coordinaci\u00f3n es la \u00fanica v\u00eda para reactivar el turismo<\/em><\/strong><\/span><\/p>\n<p style=\"text-align: justify;\"><em><span style=\"color: #333399;\"><strong>La OMT insta a los gobiernos a evitar actuar de forma unilateral y cerrar fronteras, ya que se ha demostrado que no es un modo eficaz de controlar la propagaci\u00f3n del virus. Es vital que el foco se aleje de la limitaci\u00f3n de los viajes y se centre en garantizar que se pueda viajar de forma segura, implantando medidas como las pruebas de detecci\u00f3n r\u00e1pidas y ampliamente accesibles a la salida. Ese tipo de medidas proteger\u00e1n la salud de los viajeros, as\u00ed como de los trabajadores de los viajes y el turismo, al tiempo que fomentar\u00e1n e impulsar\u00e1n la confianza.<\/strong><\/span><\/em><\/p>\n","protected":false},"excerpt":{"rendered":"<p>Mont des Arts Mirador Bruselas 14\/10\/2020\/ Bruselas.-El secretario general de la Organizaci\u00f3n Mundial del Turismo (OMT) ha encabezado una delegaci\u00f3n de alto nivel que ha viajado a Bruselas para mantener una serie de reuniones encaminadas a asegurar que el turismo permanezca en lo alto de la agenda pol\u00edtica de las instituciones europeas. La OMT est\u00e1 guiando el reinicio global del turismo y el secretario general, Zurab Pololikashvili, ha estado trabajando estrechamente con los dirigentes europeos para garantizar que el sector reciba el apoyo pol\u00edtico y financiero necesario para proteger el empleo y salvaguardar las empresas. Durante su visita a Bruselas,&#8230;<\/p>\n","protected":false},"author":1,"featured_media":0,"comment_status":"open","ping_status":"open","sticky":false,"template":"","format":"standard","meta":{"footnotes":""},"categories":[4,84],"tags":[10353,6238,9598,126,129],"class_list":["post-47481","post","type-post","status-publish","format-standard","hentry","category-breaking-news","category-internacionales","tag-zurabpololikashvili","tag-bruselas","tag-covid-19","tag-omt","tag-secretario-general-de-la-omt"],"_links":{"self":[{"href":"https:\/\/www.turistamagazine.com\/v2\/index.php?rest_route=\/wp\/v2\/posts\/47481","targetHints":{"allow":["GET"]}}],"collection":[{"href":"https:\/\/www.turistamagazine.com\/v2\/index.php?rest_route=\/wp\/v2\/posts"}],"about":[{"href":"https:\/\/www.turistamagazine.com\/v2\/index.php?rest_route=\/wp\/v2\/types\/post"}],"author":[{"embeddable":true,"href":"https:\/\/www.turistamagazine.com\/v2\/index.php?rest_route=\/wp\/v2\/users\/1"}],"replies":[{"embeddable":true,"href":"https:\/\/www.turistamagazine.com\/v2\/index.php?rest_route=%2Fwp%2Fv2%2Fcomments&post=47481"}],"version-history":[{"count":3,"href":"https:\/\/www.turistamagazine.com\/v2\/index.php?rest_route=\/wp\/v2\/posts\/47481\/revisions"}],"predecessor-version":[{"id":47484,"href":"https:\/\/www.turistamagazine.com\/v2\/index.php?rest_route=\/wp\/v2\/posts\/47481\/revisions\/47484"}],"wp:attachment":[{"href":"https:\/\/www.turistamagazine.com\/v2\/index.php?rest_route=%2Fwp%2Fv2%2Fmedia&parent=47481"}],"wp:term":[{"taxonomy":"category","embeddable":true,"href":"https:\/\/www.turistamagazine.com\/v2\/index.php?rest_route=%2Fwp%2Fv2%2Fcategories&post=47481"},{"taxonomy":"post_tag","embeddable":true,"href":"https:\/\/www.turistamagazine.com\/v2\/index.php?rest_route=%2Fwp%2Fv2%2Ftags&post=47481"}],"curies":[{"name":"wp","href":"https:\/\/api.w.org\/{rel}","templated":true}]}}