{"id":47388,"date":"2020-10-07T11:42:27","date_gmt":"2020-10-07T16:42:27","guid":{"rendered":"http:\/\/www.turistamagazine.com\/v2\/?p=47388"},"modified":"2020-10-07T11:42:27","modified_gmt":"2020-10-07T16:42:27","slug":"canatur-los-vuelos-a-europa-se-podrian-reanudar-en-noviembre-o-diciembre","status":"publish","type":"post","link":"https:\/\/www.turistamagazine.com\/v2\/?p=47388","title":{"rendered":"CANATUR: LOS  VUELOS A EUROPA SE  PODR\u00cdAN REANUDAR EN NOVIEMBRE O DICIEMBRE"},"content":{"rendered":"<h4 style=\"text-align: justify;\">07\/10\/2020\/ Lima.-Desde este lunes 5 de octubre se reanudaron las fronteras de manera parcial al reanudar los vuelos internacionales. Son 11 destinos en siete pa\u00edses de la regi\u00f3n (Colombia, Ecuador, Panam\u00e1, Paraguay, Uruguay, Bolivia y Chile) a los que se autorizan los viajes. \u00bfQu\u00e9 pasa con destinos como Estados Unidos, Argentina, Brasil o Europa?<\/h4>\n<h4 style=\"text-align: justify;\">Carlos Canales, presidente de la C\u00e1mara Nacional de Turismo (Canatur), explic\u00f3 que en la medida que Canciller\u00eda vaya mostrando la reducci\u00f3n de casos de contagios en nuestro pa\u00eds se ir\u00e1n abriendo m\u00e1s destinos.<\/h4>\n<h4 style=\"text-align: justify;\"><em><span style=\"color: #800080;\">\u201cSi los resultados siguen a la baja en los pr\u00f3ximos 15 d\u00edas, ya tenemos el sustento necesario para pedirle a la Uni\u00f3n Europea para que levante la restricci\u00f3n que tenemos Colombia, Brasil, M\u00e9xico, Argentina, Chile y Per\u00fa. Calculamos que se reanude entre noviembre y diciembre\u201d<\/span><\/em>, apunt\u00f3 Canales.<\/h4>\n<h4 style=\"text-align: justify;\">Por el lado de Estados Unidos, lo que hay es una advertencia ya que estamos en Fase 4 de la pandemia, con una situaci\u00f3n de contagio alarmante. Va a depender de las condiciones sanitarias y la negociaci\u00f3n de Relaciones Exteriores para reanudar los vuelos a estos destinos.<\/h4>\n<h4 style=\"text-align: justify;\">Para Canales todos los pa\u00edses van a retornar a la nueva normalidad y aceptar\u00e1n vuelos desde Per\u00fa, apenas tengamos los indicadores sanitarios. <em><span style=\"color: #800080;\">\u201cEsa discrecionalidad es la que las oficinas migratorias est\u00e1n aplicando. De paseo no te reciben. Y si tienes una urgencia, para eso est\u00e1n los vuelos especiales\u201d.<\/span><\/em><\/h4>\n<h4 style=\"text-align: justify;\">Con respecto a retomar viajes con Brasil, los aeropuertos est\u00e1n abiertos y es cuesti\u00f3n de negociar a nivel Canciller\u00eda, subray\u00f3 Canales. Mientras que en Buenos Aires reci\u00e9n est\u00e1n poniendo fecha para abrir. El aeropuerto est\u00e1 cerrado desde marzo y no tienen vuelos comerciales. Seguramente en las pr\u00f3ximas semanas se autorizar\u00e1 a las aerol\u00edneas que vuelen a Buenos Aires y Sao Paulo, a\u00f1adi\u00f3\u2026<\/h4>\n<p>F\/ALN NEWS<\/p>\n","protected":false},"excerpt":{"rendered":"<p>07\/10\/2020\/ Lima.-Desde este lunes 5 de octubre se reanudaron las fronteras de manera parcial al reanudar los vuelos internacionales. Son 11 destinos en siete pa\u00edses de la regi\u00f3n (Colombia, Ecuador, Panam\u00e1, Paraguay, Uruguay, Bolivia y Chile) a los que se autorizan los viajes. \u00bfQu\u00e9 pasa con destinos como Estados Unidos, Argentina, Brasil o Europa? Carlos Canales, presidente de la C\u00e1mara Nacional de Turismo (Canatur), explic\u00f3 que en la medida que Canciller\u00eda vaya mostrando la reducci\u00f3n de casos de contagios en nuestro pa\u00eds se ir\u00e1n abriendo m\u00e1s destinos. \u201cSi los resultados siguen a la baja en los pr\u00f3ximos 15 d\u00edas, ya&#8230;<\/p>\n","protected":false},"author":1,"featured_media":47390,"comment_status":"open","ping_status":"open","sticky":false,"template":"","format":"standard","meta":{"footnotes":""},"categories":[4,82],"tags":[10338,167,169,9598,749,10337],"class_list":["post-47388","post","type-post","status-publish","format-standard","has-post-thumbnail","hentry","category-breaking-news","category-nacionales","tag-covidenperu","tag-canatur","tag-carlos-canales","tag-covid-19","tag-turistamagazine","tag-vuelos-a-europa-en-diciembre"],"_links":{"self":[{"href":"https:\/\/www.turistamagazine.com\/v2\/index.php?rest_route=\/wp\/v2\/posts\/47388","targetHints":{"allow":["GET"]}}],"collection":[{"href":"https:\/\/www.turistamagazine.com\/v2\/index.php?rest_route=\/wp\/v2\/posts"}],"about":[{"href":"https:\/\/www.turistamagazine.com\/v2\/index.php?rest_route=\/wp\/v2\/types\/post"}],"author":[{"embeddable":true,"href":"https:\/\/www.turistamagazine.com\/v2\/index.php?rest_route=\/wp\/v2\/users\/1"}],"replies":[{"embeddable":true,"href":"https:\/\/www.turistamagazine.com\/v2\/index.php?rest_route=%2Fwp%2Fv2%2Fcomments&post=47388"}],"version-history":[{"count":2,"href":"https:\/\/www.turistamagazine.com\/v2\/index.php?rest_route=\/wp\/v2\/posts\/47388\/revisions"}],"predecessor-version":[{"id":47391,"href":"https:\/\/www.turistamagazine.com\/v2\/index.php?rest_route=\/wp\/v2\/posts\/47388\/revisions\/47391"}],"wp:featuredmedia":[{"embeddable":true,"href":"https:\/\/www.turistamagazine.com\/v2\/index.php?rest_route=\/wp\/v2\/media\/47390"}],"wp:attachment":[{"href":"https:\/\/www.turistamagazine.com\/v2\/index.php?rest_route=%2Fwp%2Fv2%2Fmedia&parent=47388"}],"wp:term":[{"taxonomy":"category","embeddable":true,"href":"https:\/\/www.turistamagazine.com\/v2\/index.php?rest_route=%2Fwp%2Fv2%2Fcategories&post=47388"},{"taxonomy":"post_tag","embeddable":true,"href":"https:\/\/www.turistamagazine.com\/v2\/index.php?rest_route=%2Fwp%2Fv2%2Ftags&post=47388"}],"curies":[{"name":"wp","href":"https:\/\/api.w.org\/{rel}","templated":true}]}}