{"id":47365,"date":"2020-10-03T15:56:37","date_gmt":"2020-10-03T20:56:37","guid":{"rendered":"http:\/\/www.turistamagazine.com\/v2\/?p=47365"},"modified":"2020-10-03T15:56:37","modified_gmt":"2020-10-03T20:56:37","slug":"tenemos-nuevo-viceministro-de-turismo-carlos-benites","status":"publish","type":"post","link":"https:\/\/www.turistamagazine.com\/v2\/?p=47365","title":{"rendered":"TENEMOS \u00a0NUEVO VICEMINISTRO DE TURISMO: CARLOS BENITES"},"content":{"rendered":"<p style=\"text-align: justify;\"><em><span style=\"color: #333399;\"><strong>03\/10\/2020\/Lima.- El Gobierno Peruano design\u00f3 a Carlos Ernesto Benites Saravia como el nuevo viceministro de Turismo.<\/strong><\/span><\/em><\/p>\n<p style=\"text-align: justify;\"><em><span style=\"color: #333399;\"><strong>TRAYECTORIA PROFESIONAL<\/strong><\/span><\/em><\/p>\n<p style=\"text-align: justify;\"><strong>El viceministro Carlos Benites es integrante del Cuerpo de Gerentes P\u00fablicos de Servir, con amplia experiencia en la administraci\u00f3n p\u00fablica y en la direcci\u00f3n y gerencia de entidades gubernamentales. Es Soci\u00f3logo y Bachiller en Derecho, habiendo cursado, adem\u00e1s, estudios de Econom\u00eda. Posee, tambi\u00e9n, el grado de Mag\u00edster en Sociolog\u00eda por la Pontificia Universidad Cat\u00f3lica del Per\u00fa y Master en Regulaci\u00f3n por la Universidad Peruana de Ciencias Aplicadas.<\/strong><\/p>\n<p style=\"text-align: justify;\"><em><span style=\"color: #333399;\"><strong>Entre los cargos desempe\u00f1ados se pueden mencionar el de Superintendente de SUNAFIL, habiendo ejercido previamente el puesto de Intendente Nacional de Supervisi\u00f3n del Sistema Inspectivo e Intendente Nacional de prevenci\u00f3n y Asesor\u00eda de dicha instituci\u00f3n. Adem\u00e1s, fue Director Ejecutivo del PRONAA, donde antes ejerci\u00f3 el cargo de Jefe del Equipo Zonal PRONAA \u2013 Callao, asumiendo posteriormente el cargo de Director General de Pol\u00edticas de Desarrollo Social del Ministerio de la Mujer y Desarrollo Social.<\/strong><\/span><\/em><\/p>\n<p style=\"text-align: justify;\"><strong>En el sector saneamiento, se desempe\u00f1\u00f3 como Director Ejecutivo de Saneamiento B\u00e1sico de DIGESA, adem\u00e1s de Supervisor, Gerente de Usuarios y recientemente Asesor de la Presidencia Ejecutiva de la SUNASS. De otro lado, en el sector Producci\u00f3n, se desempe\u00f1\u00f3 como Asesor de Secretar\u00eda General del Instituto Nacional de Calidad<\/strong><\/p>\n<p style=\"text-align: justify;\"><span style=\"color: #333399;\"><strong>Es importante mencionar que el Viceministro Carlos Benites ha laborado como asesor parlamentario y ejercido la docencia en la Universidad Nacional Federico Villarreal, entidad que en el a\u00f1o 1997 le otorg\u00f3 las Palmas Universitarias por haber obtenido el 1er. Lugar de su promoci\u00f3n durante los cinco a\u00f1os de estudios en la Facultad de Ciencias Sociales, y lo distingui\u00f3 en el a\u00f1o 2007 por su destacada trayectoria profesional.<\/strong><\/span><\/p>\n","protected":false},"excerpt":{"rendered":"<p>03\/10\/2020\/Lima.- El Gobierno Peruano design\u00f3 a Carlos Ernesto Benites Saravia como el nuevo viceministro de Turismo. TRAYECTORIA PROFESIONAL El viceministro Carlos Benites es integrante del Cuerpo de Gerentes P\u00fablicos de Servir, con amplia experiencia en la administraci\u00f3n p\u00fablica y en la direcci\u00f3n y gerencia de entidades gubernamentales. Es Soci\u00f3logo y Bachiller en Derecho, habiendo cursado, adem\u00e1s, estudios de Econom\u00eda. Posee, tambi\u00e9n, el grado de Mag\u00edster en Sociolog\u00eda por la Pontificia Universidad Cat\u00f3lica del Per\u00fa y Master en Regulaci\u00f3n por la Universidad Peruana de Ciencias Aplicadas. Entre los cargos desempe\u00f1ados se pueden mencionar el de Superintendente de SUNAFIL, habiendo ejercido previamente&#8230;<\/p>\n","protected":false},"author":1,"featured_media":47366,"comment_status":"open","ping_status":"open","sticky":false,"template":"","format":"standard","meta":{"footnotes":""},"categories":[4,82],"tags":[10328,7471,10329,749,5078],"class_list":["post-47365","post","type-post","status-publish","format-standard","has-post-thumbnail","hentry","category-breaking-news","category-nacionales","tag-carlos-ernesto-benites-saravia","tag-elenita-villar-asesora-de-tesis-en-turismo","tag-nuevo-viceministro-de-turismo","tag-turistamagazine","tag-ver-todos"],"_links":{"self":[{"href":"https:\/\/www.turistamagazine.com\/v2\/index.php?rest_route=\/wp\/v2\/posts\/47365","targetHints":{"allow":["GET"]}}],"collection":[{"href":"https:\/\/www.turistamagazine.com\/v2\/index.php?rest_route=\/wp\/v2\/posts"}],"about":[{"href":"https:\/\/www.turistamagazine.com\/v2\/index.php?rest_route=\/wp\/v2\/types\/post"}],"author":[{"embeddable":true,"href":"https:\/\/www.turistamagazine.com\/v2\/index.php?rest_route=\/wp\/v2\/users\/1"}],"replies":[{"embeddable":true,"href":"https:\/\/www.turistamagazine.com\/v2\/index.php?rest_route=%2Fwp%2Fv2%2Fcomments&post=47365"}],"version-history":[{"count":1,"href":"https:\/\/www.turistamagazine.com\/v2\/index.php?rest_route=\/wp\/v2\/posts\/47365\/revisions"}],"predecessor-version":[{"id":47367,"href":"https:\/\/www.turistamagazine.com\/v2\/index.php?rest_route=\/wp\/v2\/posts\/47365\/revisions\/47367"}],"wp:featuredmedia":[{"embeddable":true,"href":"https:\/\/www.turistamagazine.com\/v2\/index.php?rest_route=\/wp\/v2\/media\/47366"}],"wp:attachment":[{"href":"https:\/\/www.turistamagazine.com\/v2\/index.php?rest_route=%2Fwp%2Fv2%2Fmedia&parent=47365"}],"wp:term":[{"taxonomy":"category","embeddable":true,"href":"https:\/\/www.turistamagazine.com\/v2\/index.php?rest_route=%2Fwp%2Fv2%2Fcategories&post=47365"},{"taxonomy":"post_tag","embeddable":true,"href":"https:\/\/www.turistamagazine.com\/v2\/index.php?rest_route=%2Fwp%2Fv2%2Ftags&post=47365"}],"curies":[{"name":"wp","href":"https:\/\/api.w.org\/{rel}","templated":true}]}}