{"id":4729,"date":"2014-05-22T16:59:53","date_gmt":"2014-05-22T21:59:53","guid":{"rendered":"http:\/\/www.turistamagazine.com\/v2\/?p=4729"},"modified":"2014-05-22T16:59:53","modified_gmt":"2014-05-22T21:59:53","slug":"peru-inauguran-muestra-fotografica-de-julio-ramon-ribeyro","status":"publish","type":"post","link":"https:\/\/www.turistamagazine.com\/v2\/?p=4729","title":{"rendered":"PERU: INAUGURAN MUESTRA FOTOGR\u00c1FICA DE JULIO RAM\u00d3N RIBEYRO"},"content":{"rendered":"<p style=\"text-align: justify;\">Lima.- . Al cumplirse dos d\u00e9cadas de su fallecimiento, la Casa de la Literatura Peruana anunci\u00f3 para este jueves la inauguraci\u00f3n de la exposici\u00f3n el eterno forastero: homenaje a Julio Ram\u00f3n Ribeyro.<\/p>\n<p style=\"text-align: justify;\">Destaca que al haber sido Ribeyro una persona t\u00edmida que rehu\u00eda las c\u00e1maras y las entrevistas, el material fotogr\u00e1fico que registra algunos momentos de su vida tienen hoy m\u00e1s que nunca un valor especial.<\/p>\n<p style=\"text-align: justify;\">Se trata de una selecci\u00f3n de retratos del gran escritor realizados entre la d\u00e9cada del sesenta hasta 1994, a\u00f1o en que falleci\u00f3.<\/p>\n<p style=\"text-align: justify;\">Esta muestra es un homenaje que re\u00fane los trabajos de Baldomero Pestana, Carlos \u201cChino\u201d Dom\u00ednguez, Jorge Deustua, Ana Cecilia Gonzales Vigil, V\u00edctor Ch. Vargas y Herman Schwarz.<\/p>\n<p style=\"text-align: justify;\">Asimismo, podr\u00e1n apreciarse fotograf\u00edas in\u00e9ditas captadas por los lentes de Vera Lentz y Alicia Benavides, as\u00ed como algunas im\u00e1genes de la revista Caretas.<\/p>\n<p style=\"text-align: justify;\">A esta selecci\u00f3n se sumar\u00e1n algunas fotograf\u00edas extra\u00eddas del \u00e1lbum familiar de Ribeyro, as\u00ed como un audiovisual con im\u00e1genes suyas y la m\u00e1quina de escribir que este utiliz\u00f3. La muestra estar\u00e1 conformada por aproximadamente 50 fotograf\u00edas.<\/p>\n<p style=\"text-align: justify;\">Tambi\u00e9n formar\u00e1n parte de la exposici\u00f3n dos litograf\u00edas de Herman Braun Vega elaboradas con intervenci\u00f3n de Ribeyro, en las que podr\u00e1 apreciarse su caligraf\u00eda; fotograf\u00edas intervenidas por los artistas pl\u00e1sticos Jes\u00fas Ruiz Durand y Carlos Enrique Polanco, y un dibujo a carboncillo\u00a0 del pintor Alberto Quintanilla sobre el autor de La palabra del mudo realizado en el a\u00f1o 1962, en Par\u00eds.<\/p>\n<p style=\"text-align: justify;\">Esta exposici\u00f3n, que forma parte de la Bienal de Fotograf\u00eda de Lima, podr\u00e1 ser visitada por el p\u00fablico en general hasta el 22 de agosto, en el horario de 10:30 horas a las 19:00 horas, de martes a domingo. La entrada es libre.<\/p>\n<p style=\"text-align: justify;\">\u00a0En la ceremonia de inauguraci\u00f3n de la muestra, que se realizar\u00e1 participar\u00e1n los familiares del autor homenajeado.<\/p>\n<p style=\"text-align: justify;\">En la mesa estar\u00e1n sus sobrinos Juan Ram\u00f3n Ribeyro, hijo de su hermano Juan Antonio, y Gonzalo de la Puente Ribeyro, hijo de su hermana Mercedes.<\/p>\n","protected":false},"excerpt":{"rendered":"<p>Lima.- . Al cumplirse dos d\u00e9cadas de su fallecimiento, la Casa de la Literatura Peruana anunci\u00f3 para este jueves la inauguraci\u00f3n de la exposici\u00f3n el eterno forastero: homenaje a Julio Ram\u00f3n Ribeyro. Destaca que al haber sido Ribeyro una persona t\u00edmida que rehu\u00eda las c\u00e1maras y las entrevistas, el material fotogr\u00e1fico que registra algunos momentos de su vida tienen hoy m\u00e1s que nunca un valor especial. Se trata de una selecci\u00f3n de retratos del gran escritor realizados entre la d\u00e9cada del sesenta hasta 1994, a\u00f1o en que falleci\u00f3. Esta muestra es un homenaje que re\u00fane los trabajos de Baldomero Pestana,&#8230;<\/p>\n","protected":false},"author":1,"featured_media":0,"comment_status":"open","ping_status":"open","sticky":false,"template":"","format":"standard","meta":{"footnotes":""},"categories":[4,82],"tags":[1717,1718,1716,321,340],"class_list":["post-4729","post","type-post","status-publish","format-standard","hentry","category-breaking-news","category-nacionales","tag-casa-de-la-literatura-peruana","tag-herman-braun","tag-julio-ramon-ribeyro","tag-lima","tag-peru"],"_links":{"self":[{"href":"https:\/\/www.turistamagazine.com\/v2\/index.php?rest_route=\/wp\/v2\/posts\/4729","targetHints":{"allow":["GET"]}}],"collection":[{"href":"https:\/\/www.turistamagazine.com\/v2\/index.php?rest_route=\/wp\/v2\/posts"}],"about":[{"href":"https:\/\/www.turistamagazine.com\/v2\/index.php?rest_route=\/wp\/v2\/types\/post"}],"author":[{"embeddable":true,"href":"https:\/\/www.turistamagazine.com\/v2\/index.php?rest_route=\/wp\/v2\/users\/1"}],"replies":[{"embeddable":true,"href":"https:\/\/www.turistamagazine.com\/v2\/index.php?rest_route=%2Fwp%2Fv2%2Fcomments&post=4729"}],"version-history":[{"count":2,"href":"https:\/\/www.turistamagazine.com\/v2\/index.php?rest_route=\/wp\/v2\/posts\/4729\/revisions"}],"predecessor-version":[{"id":4733,"href":"https:\/\/www.turistamagazine.com\/v2\/index.php?rest_route=\/wp\/v2\/posts\/4729\/revisions\/4733"}],"wp:attachment":[{"href":"https:\/\/www.turistamagazine.com\/v2\/index.php?rest_route=%2Fwp%2Fv2%2Fmedia&parent=4729"}],"wp:term":[{"taxonomy":"category","embeddable":true,"href":"https:\/\/www.turistamagazine.com\/v2\/index.php?rest_route=%2Fwp%2Fv2%2Fcategories&post=4729"},{"taxonomy":"post_tag","embeddable":true,"href":"https:\/\/www.turistamagazine.com\/v2\/index.php?rest_route=%2Fwp%2Fv2%2Ftags&post=4729"}],"curies":[{"name":"wp","href":"https:\/\/api.w.org\/{rel}","templated":true}]}}