{"id":47284,"date":"2020-10-01T12:05:38","date_gmt":"2020-10-01T17:05:38","guid":{"rendered":"http:\/\/www.turistamagazine.com\/v2\/?p=47284"},"modified":"2020-10-01T12:28:02","modified_gmt":"2020-10-01T17:28:02","slug":"viva-air-la-aerolinea-de-bajo-costo-cruza-fronteras-y-reactiva-sus-vuelos-comerciales-internacionales-a-colombia","status":"publish","type":"post","link":"https:\/\/www.turistamagazine.com\/v2\/?p=47284","title":{"rendered":"VIVA AIR LA AEROL\u00cdNEA DE BAJO COSTO CRUZA FRONTERAS Y REACTIVA SUS VUELOS COMERCIALES INTERNACIONALES A COLOMBIA"},"content":{"rendered":"<p style=\"text-align: center;\"><em><span style=\"color: #800080;\"><strong>Igualmente, desde octubre, los viajeros podr\u00e1n contar nuevamente con vuelos hacia Cusco, Juliaca y Tacna.<\/strong><\/span><\/em><\/p>\n<p style=\"text-align: justify;\"><strong>01\/10\/2020\/ Lima.- <em><span style=\"color: #800080;\">Viva Air cruza fronteras y anuncia el reinicio de sus operaciones internacionales con vuelos hacia Colombia, a las ciudades de Bogot\u00e1 y Medell\u00edn, iniciado los d\u00edas 15 y 18 de octubre respectivamente. Desde hoy, los viajeros ya pueden adquirir los pasajes para ambos destinos, desde USD 176.5 para Lima \u2013 Bogot\u00e1 \u2013 Lima y desde USD 152.9 para Lima \u2013 Medell\u00edn \u2013 Lima, ingresando a www.vivaair.com.<\/span><\/em><\/strong><\/p>\n<p style=\"text-align: justify;\"><strong>As\u00ed mismo, reactiva toda su red de rutas nacionales activando nuevamente vuelos dom\u00e9sticos hacia las ciudades de Cusco, Tacna y Juliaca a partir del mes de octubre. La ruta de Lima \u2013 Cusco \u2013 Lima iniciar\u00e1 con 4 vuelos a la semana y a partir de la quincena, contar\u00e1 con una frecuencia diaria. Con respecto a Lima \u2013 Tacna \u2013 Lima y Lima \u2013 Juliaca \u2013 Lima, ambas rutas tendr\u00e1n vuelos los d\u00edas lunes y jueves durante la primera quincena de octubre para ir incrementando la operaci\u00f3n paulatinamente. Los precios de los pasajes van desde USD 27.9 en el tramo de Cusco \u2013 Lima; USD 32.0 en el tramo de Tacna \u2013 Lima y USD 28.5 en el tramo de Juliaca \u2013 Lima.<\/strong><\/p>\n<div id=\"attachment_47285\" style=\"width: 437px\" class=\"wp-caption aligncenter\"><a href=\"https:\/\/www.turistamagazine.com\/v2\/wp-content\/uploads\/2020\/10\/2.jpg\"><img decoding=\"async\" aria-describedby=\"caption-attachment-47285\" class=\"wp-image-47285 size-full\" src=\"https:\/\/www.turistamagazine.com\/v2\/wp-content\/uploads\/2020\/10\/2.jpg\" alt=\"\" width=\"427\" height=\"457\" srcset=\"https:\/\/www.turistamagazine.com\/v2\/wp-content\/uploads\/2020\/10\/2.jpg 427w, https:\/\/www.turistamagazine.com\/v2\/wp-content\/uploads\/2020\/10\/2-280x300.jpg 280w, https:\/\/www.turistamagazine.com\/v2\/wp-content\/uploads\/2020\/10\/2-392x420.jpg 392w\" sizes=\"(max-width: 427px) 100vw, 427px\" \/><\/a><p id=\"caption-attachment-47285\" class=\"wp-caption-text\"><em><span style=\"color: #333399;\">Stephen Rapp, CEO de Viva Air Per\u00fa<\/span><\/em><\/p><\/div>\n<p>&nbsp;<\/p>\n<p style=\"text-align: justify;\"><strong><em><span style=\"color: #800080;\">\u201cNos llena de emoci\u00f3n volver a ofrecerle conectividad a nuestros viajeros, en destinos que esperaban desde hace mucho tiempo y que, adem\u00e1s, representan para ellos una serie de oportunidades laborales, as\u00ed como el poder planificar actividades familiares y tur\u00edsticas nuevamente\u201d<\/span>,<\/em> declar\u00f3 <em><span style=\"color: #333399;\">Stephen Rapp, CEO de Viva Air Per\u00fa. Por otro lado, agreg\u00f3 que, tanto la reapertura de los destinos nacionales pendientes como las rutas internacionales, permitir\u00e1n que la econom\u00eda peruana se siga recuperando gradualmente y que el sector tur\u00edstico y aerocomercial preserven su sustentabilidad.<\/span><\/em><\/strong><\/p>\n<p style=\"text-align: justify;\"><strong>Viva Air est\u00e1 totalmente preparada para retomar estos vuelos y que, para viajar a los destinos internacionales, adem\u00e1s de seguir con los protocolos de bioseguridad previamente establecidos y que se han cumplido al 100% en cada vuelo de Viva, los viajeros que deseen ingresar a Colombia deber\u00e1n contar con una prueba PCR negativa, realizada con una anterioridad no menor a las 96 horas, la cual se presentar\u00e1 para ingresar al vecino pa\u00eds.<\/strong><\/p>\n<p style=\"text-align: justify;\"><strong>De este modo, y en el medio de transporte m\u00e1s seguro a nivel mundial, Viva garantiza el bienestar y la salud de cada uno de sus pasajeros y colaboradores, teniendo el certificado de <em><span style=\"color: #800080;\">\u201cOperaciones Bioseguras\u201d<\/span><\/em> de ICONTEC y aeronaves de \u00faltima tecnolog\u00eda, las cuales cuentan con los filtros HEPA, que purifican el aire del avi\u00f3n cada 3 minutos, absorbiendo las part\u00edculas hasta un 99,9 %, tal como sucede en un quir\u00f3fano. Es as\u00ed que los peruanos tienen la oportunidad de viajar nuevamente a los destinos que tanto esperaban, de la manera m\u00e1s segura. La reactivaci\u00f3n del turismo empieza gracias al compromiso de Viva y sus viajeros con la conexi\u00f3n de la regi\u00f3n.<\/strong><\/p>\n<p>&nbsp;<\/p>\n","protected":false},"excerpt":{"rendered":"<p>Igualmente, desde octubre, los viajeros podr\u00e1n contar nuevamente con vuelos hacia Cusco, Juliaca y Tacna. 01\/10\/2020\/ Lima.- Viva Air cruza fronteras y anuncia el reinicio de sus operaciones internacionales con vuelos hacia Colombia, a las ciudades de Bogot\u00e1 y Medell\u00edn, iniciado los d\u00edas 15 y 18 de octubre respectivamente. Desde hoy, los viajeros ya pueden adquirir los pasajes para ambos destinos, desde USD 176.5 para Lima \u2013 Bogot\u00e1 \u2013 Lima y desde USD 152.9 para Lima \u2013 Medell\u00edn \u2013 Lima, ingresando a www.vivaair.com. As\u00ed mismo, reactiva toda su red de rutas nacionales activando nuevamente vuelos dom\u00e9sticos hacia las ciudades de&#8230;<\/p>\n","protected":false},"author":1,"featured_media":45632,"comment_status":"open","ping_status":"open","sticky":false,"template":"","format":"standard","meta":{"footnotes":""},"categories":[4,82],"tags":[10240,9598,9339,330,749],"class_list":["post-47284","post","type-post","status-publish","format-standard","has-post-thumbnail","hentry","category-breaking-news","category-nacionales","tag-ceo-de-viva-air-peru","tag-covid-19","tag-stephen-rapp","tag-turismo-en-el-peru","tag-turistamagazine"],"_links":{"self":[{"href":"https:\/\/www.turistamagazine.com\/v2\/index.php?rest_route=\/wp\/v2\/posts\/47284","targetHints":{"allow":["GET"]}}],"collection":[{"href":"https:\/\/www.turistamagazine.com\/v2\/index.php?rest_route=\/wp\/v2\/posts"}],"about":[{"href":"https:\/\/www.turistamagazine.com\/v2\/index.php?rest_route=\/wp\/v2\/types\/post"}],"author":[{"embeddable":true,"href":"https:\/\/www.turistamagazine.com\/v2\/index.php?rest_route=\/wp\/v2\/users\/1"}],"replies":[{"embeddable":true,"href":"https:\/\/www.turistamagazine.com\/v2\/index.php?rest_route=%2Fwp%2Fv2%2Fcomments&post=47284"}],"version-history":[{"count":2,"href":"https:\/\/www.turistamagazine.com\/v2\/index.php?rest_route=\/wp\/v2\/posts\/47284\/revisions"}],"predecessor-version":[{"id":47291,"href":"https:\/\/www.turistamagazine.com\/v2\/index.php?rest_route=\/wp\/v2\/posts\/47284\/revisions\/47291"}],"wp:featuredmedia":[{"embeddable":true,"href":"https:\/\/www.turistamagazine.com\/v2\/index.php?rest_route=\/wp\/v2\/media\/45632"}],"wp:attachment":[{"href":"https:\/\/www.turistamagazine.com\/v2\/index.php?rest_route=%2Fwp%2Fv2%2Fmedia&parent=47284"}],"wp:term":[{"taxonomy":"category","embeddable":true,"href":"https:\/\/www.turistamagazine.com\/v2\/index.php?rest_route=%2Fwp%2Fv2%2Fcategories&post=47284"},{"taxonomy":"post_tag","embeddable":true,"href":"https:\/\/www.turistamagazine.com\/v2\/index.php?rest_route=%2Fwp%2Fv2%2Ftags&post=47284"}],"curies":[{"name":"wp","href":"https:\/\/api.w.org\/{rel}","templated":true}]}}