{"id":47265,"date":"2020-09-30T13:05:24","date_gmt":"2020-09-30T18:05:24","guid":{"rendered":"http:\/\/www.turistamagazine.com\/v2\/?p=47265"},"modified":"2020-09-30T13:05:24","modified_gmt":"2020-09-30T18:05:24","slug":"covid-19-impacto-en-los-aeropuertos-del-peru-y-reinicio-vuelos-internacionales","status":"publish","type":"post","link":"https:\/\/www.turistamagazine.com\/v2\/?p=47265","title":{"rendered":"COVID-19: IMPACTO EN LOS AEROPUERTOS DEL PER\u00da Y REINICIO VUELOS INTERNACIONALES"},"content":{"rendered":"<p style=\"text-align: justify;\"><span style=\"color: #800080;\"><strong>30\/09\/2020\/Lima.- ACI-LAC, la organizaci\u00f3n internacional de aeropuertos para Am\u00e9rica Latina y el Caribe, celebra la decisi\u00f3n del gobierno peruano de permitir la reanudaci\u00f3n de las operaciones regulares internacionales a partir del 5 de octubre. A pesar de que el n\u00famero de pa\u00edses con los que se restablecer\u00e1n los enlaces a\u00e9reos es limitado, es un buen primer paso para la recuperaci\u00f3n de la industria del transporte a\u00e9reo, la econom\u00eda peruana y en beneficio de la sociedad en general.<\/strong><\/span><\/p>\n<p style=\"text-align: justify;\"><strong>Los vuelos dom\u00e9sticos se restablecieron el 15 de julio pero la recuperaci\u00f3n del tr\u00e1fico de pasajeros ha sido muy lenta debido a las restricciones que todav\u00eda aplican a la actividad econom\u00eda y sociedad peruana. Esperamos que con la reactivaci\u00f3n de los vuelos internacionales dentro de la Fase 4, la recuperaci\u00f3n de la actividad en los aeropuertos se acelere.<\/strong><\/p>\n<p style=\"text-align: justify;\"><em><span style=\"color: #800080;\"><strong>En particular, hacemos un llamamiento al gobierno peruano para que permita ampliar y flexibilice los horarios operativos de los aeropuertos con el fin de que no supongan un impedimento a la recuperaci\u00f3n del tr\u00e1fico a\u00e9reo. Los aeropuertos peruanos han implementado los protocolos sanitarios recomendados por las autoridades internacionales de aviaci\u00f3n civil, con el fin de proteger a los viajeros, los trabajadores de la industria y la poblaci\u00f3n.<\/strong><\/span><\/em><\/p>\n<p style=\"text-align: justify;\"><em><span style=\"color: #800080;\"><strong>ACI-LAC tambi\u00e9n anima a los pa\u00edses de la regi\u00f3n a que armonicen los protocolos sanitarios y que no impongan cuarentenas ya que \u00e9stas destruyen la demanda. ACI-LAC recomienda a los estados latinoamericanos que la mejor alternativa a las cuarentenas son las pruebas PCR administradas antes del inicio del viaje.<\/strong><\/span><\/em><\/p>\n<p style=\"text-align: justify;\"><em><span style=\"color: #800080;\"><strong>ACI-LAC, con la colaboraci\u00f3n de los operadores aeroportuarios peruanos, recopil\u00f3 datos diarios de tr\u00e1fico de los aeropuertos del pa\u00eds con el fin de analizar la situaci\u00f3n actual del sector y poder proyectar el impacto a medio y largo plazo.<\/strong><\/span><\/em><\/p>\n<p><a href=\"https:\/\/www.turistamagazine.com\/v2\/wp-content\/uploads\/2020\/09\/aci-lac.jpg\"><img decoding=\"async\" class=\"wp-image-47267 aligncenter\" src=\"https:\/\/www.turistamagazine.com\/v2\/wp-content\/uploads\/2020\/09\/aci-lac.jpg\" alt=\"\" width=\"620\" height=\"469\" srcset=\"https:\/\/www.turistamagazine.com\/v2\/wp-content\/uploads\/2020\/09\/aci-lac.jpg 796w, https:\/\/www.turistamagazine.com\/v2\/wp-content\/uploads\/2020\/09\/aci-lac-300x227.jpg 300w, https:\/\/www.turistamagazine.com\/v2\/wp-content\/uploads\/2020\/09\/aci-lac-768x581.jpg 768w, https:\/\/www.turistamagazine.com\/v2\/wp-content\/uploads\/2020\/09\/aci-lac-555x420.jpg 555w\" sizes=\"(max-width: 620px) 100vw, 620px\" \/><\/a><\/p>\n<p style=\"text-align: justify;\"><strong>El a\u00f1o comenz\u00f3 con un crecimiento del 11% y el 16% en los meses de enero y febrero respectivamente pero a mediados de marzo se produjo el cierre pr\u00e1cticamente total de la actividad a\u00e9rea, lo que supuso una ca\u00edda del tr\u00e1fico del 45% en ese mes. El par\u00f3n de la actividad a\u00e9rea en el Per\u00fa se tradujo en una ca\u00edda del 99.7% en los meses de abril, mayo y junio con respecto a los niveles de 2019. A pesar de que los aeropuertos se mantuvieron abiertos durante esos tres meses para atender los vuelos de carga a\u00e9rea y de rescate humanitario, hubieron varios d\u00edas en los que el total de pasajeros en todo el pa\u00eds fue de menos de 50 personas y el d\u00eda 17 de mayo el tr\u00e1fico fue de tan solo cinco pasajeros en todo el pa\u00eds.<\/strong><\/p>\n<p style=\"text-align: justify;\"><span style=\"color: #800080;\"><strong>Aunque en julio y agosto el tr\u00e1fico dom\u00e9stico comenz\u00f3 a recuperarse, el volumen de tr\u00e1fico de pasajeros fue de -96% y -94% con respecto al a\u00f1o anterior. El acumulado de del 1 de enero al 31 de agosto de 2020 es de una ca\u00edda del 65.4% con respecto a 2019, lo que representa una p\u00e9rdida de 14.4 millones de pasajeros.<\/strong><\/span><\/p>\n<p style=\"text-align: justify;\"><strong>ACI-LAC estima que el a\u00f1o 2020 cerrar\u00e1 con una ca\u00edda del transporte a\u00e9reo en la regi\u00f3n de Am\u00e9rica Latina y el Caribe de entre un 60% y un 70% con respecto a 2019, perdi\u00e9ndose unos 450 millones de pasajeros y una reducci\u00f3n en los ingresos de unos 7,000 millones de d\u00f3lares. Se espera que se regrese a los niveles de tr\u00e1fico del a\u00f1o 2019 en tres o cuatro a\u00f1os.<\/strong><\/p>\n<p style=\"text-align: justify;\">\n<p style=\"text-align: justify;\">\n<p>&nbsp;<\/p>\n<p>Datos: ACI-LAC<\/p>\n","protected":false},"excerpt":{"rendered":"<p>30\/09\/2020\/Lima.- ACI-LAC, la organizaci\u00f3n internacional de aeropuertos para Am\u00e9rica Latina y el Caribe, celebra la decisi\u00f3n del gobierno peruano de permitir la reanudaci\u00f3n de las operaciones regulares internacionales a partir del 5 de octubre. A pesar de que el n\u00famero de pa\u00edses con los que se restablecer\u00e1n los enlaces a\u00e9reos es limitado, es un buen primer paso para la recuperaci\u00f3n de la industria del transporte a\u00e9reo, la econom\u00eda peruana y en beneficio de la sociedad en general. Los vuelos dom\u00e9sticos se restablecieron el 15 de julio pero la recuperaci\u00f3n del tr\u00e1fico de pasajeros ha sido muy lenta debido a las&#8230;<\/p>\n","protected":false},"author":1,"featured_media":0,"comment_status":"open","ping_status":"open","sticky":false,"template":"","format":"standard","meta":{"footnotes":""},"categories":[4,82],"tags":[9857,6052,9904,9598,10182,749],"class_list":["post-47265","post","type-post","status-publish","format-standard","hentry","category-breaking-news","category-nacionales","tag-aci-lac","tag-aeropuerto-internacional-jorge-chavez-en-emergencia","tag-america-latina-y-el-caribe","tag-covid-19","tag-reinicio-de-vuelos-internacionales-en-el-peru","tag-turistamagazine"],"_links":{"self":[{"href":"https:\/\/www.turistamagazine.com\/v2\/index.php?rest_route=\/wp\/v2\/posts\/47265","targetHints":{"allow":["GET"]}}],"collection":[{"href":"https:\/\/www.turistamagazine.com\/v2\/index.php?rest_route=\/wp\/v2\/posts"}],"about":[{"href":"https:\/\/www.turistamagazine.com\/v2\/index.php?rest_route=\/wp\/v2\/types\/post"}],"author":[{"embeddable":true,"href":"https:\/\/www.turistamagazine.com\/v2\/index.php?rest_route=\/wp\/v2\/users\/1"}],"replies":[{"embeddable":true,"href":"https:\/\/www.turistamagazine.com\/v2\/index.php?rest_route=%2Fwp%2Fv2%2Fcomments&post=47265"}],"version-history":[{"count":1,"href":"https:\/\/www.turistamagazine.com\/v2\/index.php?rest_route=\/wp\/v2\/posts\/47265\/revisions"}],"predecessor-version":[{"id":47268,"href":"https:\/\/www.turistamagazine.com\/v2\/index.php?rest_route=\/wp\/v2\/posts\/47265\/revisions\/47268"}],"wp:attachment":[{"href":"https:\/\/www.turistamagazine.com\/v2\/index.php?rest_route=%2Fwp%2Fv2%2Fmedia&parent=47265"}],"wp:term":[{"taxonomy":"category","embeddable":true,"href":"https:\/\/www.turistamagazine.com\/v2\/index.php?rest_route=%2Fwp%2Fv2%2Fcategories&post=47265"},{"taxonomy":"post_tag","embeddable":true,"href":"https:\/\/www.turistamagazine.com\/v2\/index.php?rest_route=%2Fwp%2Fv2%2Ftags&post=47265"}],"curies":[{"name":"wp","href":"https:\/\/api.w.org\/{rel}","templated":true}]}}