{"id":47259,"date":"2020-09-28T11:49:06","date_gmt":"2020-09-28T16:49:06","guid":{"rendered":"http:\/\/www.turistamagazine.com\/v2\/?p=47259"},"modified":"2020-09-28T11:49:06","modified_gmt":"2020-09-28T16:49:06","slug":"iata-reactivacion-de-vuelos-internacionales-en-peru-requiere-infraestructura-adecuada","status":"publish","type":"post","link":"https:\/\/www.turistamagazine.com\/v2\/?p=47259","title":{"rendered":"IATA: REACTIVACI\u00d3N DE VUELOS INTERNACIONALES EN PER\u00da REQUIERE INFRAESTRUCTURA ADECUADA"},"content":{"rendered":"<p style=\"text-align: justify;\"><strong>28\/09\/2020\/Lima.-<span style=\"color: #800080;\"><em>La Asociaci\u00f3n de Transporte A\u00e9reo Internacional (IATA, en siglas en ingl\u00e9s) agradece al gobierno de Per\u00fa por su decisi\u00f3n de reanudar los vuelos internacionales el pr\u00f3ximo 5 de octubre, seg\u00fan lo anunci\u00f3 el viernes el presidente de la naci\u00f3n, Mart\u00edn Vizcarra.<\/em><\/span><\/strong><\/p>\n<p style=\"text-align: justify;\"><strong><em><span style=\"color: #800080;\">\u201cEl anuncio del presidente Vizcarra es el primer paso para reactivar la conectividad internacional del pa\u00eds. Para que las l\u00edneas a\u00e9reas puedan planificar el reinicio de los vuelos se requiere que las autoridades publiquen los protocolos necesarios lo m\u00e1s pronto posible\u201d<\/span><\/em>, coment\u00f3 Peter Cerd\u00e1, Vicepresidente Regional Las Am\u00e9ricas \u2013 IATA.<\/strong><\/p>\n<p style=\"text-align: justify;\"><em><span style=\"color: #800080;\"><strong>Adem\u00e1s pidi\u00f3 que las autoridades pertinentes:<\/strong><\/span><\/em><br \/>\n<strong>\u2022<em><span style=\"color: #333399;\"> Aumenten la cantidad de vuelos por d\u00eda y ampl\u00eden los horarios de atenci\u00f3n de los aeropuertos y reduzcan el actual tiempo de separaci\u00f3n entre los vuelos, ya que el inicio de las operaciones internacionales incrementar\u00e1 la cantidad de operaciones por d\u00eda.<\/span><\/em><\/strong><br \/>\n<em><span style=\"color: #333399;\"><strong>\u2022 Restablezcan por completo los servicios de aeronavegaci\u00f3n en los aeropuertos. Para ello se solicite a CORPAC el restablecimiento de su capacidad, hoy que el pa\u00eds ha incrementado sus necesidades de transporte seguro.<\/strong><\/span><\/em><br \/>\n<em><span style=\"color: #333399;\"><strong>\u2022 Resuelvan las restricciones actuales de capacidad con la finalidad de contar con horarios para incrementar las operaciones habituales de Lima con los aeropuertos de provincia.<\/strong><\/span><\/em><br \/>\n<em><span style=\"color: #333399;\"><strong>\u2022 Aseguren la sostenibilidad del sector a mediano y largo plazo, continuando con los proyectos de infraestructura aeroportuaria en el pa\u00eds.<\/strong><\/span><\/em><\/p>\n<p style=\"text-align: justify;\"><em><span style=\"color: #333399;\"><strong>\u201cEstamos convencidos de que las autoridades dar\u00e1n prioridad a estos pedidos urgentes, ya que son cruciales para la reactivaci\u00f3n de la econom\u00eda, as\u00ed como para una adecuada y oportuna planificaci\u00f3n de las operaciones a\u00e9reas, las cuales permitir\u00e1n atender las necesidades de viaje para pasajeros nacionales e internacionales, con los altos est\u00e1ndares de seguridad ya conocidos del sector aeron\u00e1utico\u201d, indic\u00f3 Cerd\u00e1.<\/strong><\/span><\/em><\/p>\n<p style=\"text-align: justify;\"><em><span style=\"color: #333399;\"><strong>La noticia que se autorizar\u00e1 el transporte a\u00e9reo internacional con los pa\u00edses vecinos tiene lugar un d\u00eda despu\u00e9s de la realizaci\u00f3n del Webinar: <span style=\"color: #800080;\">\u2018Per\u00fa: Listos para despegar\u2019,<\/span> evento organizado por IATA, con el apoyo de la Asociaci\u00f3n Latinoamericana y del Caribe de Transporte A\u00e9reo (ALTA) y la Asociaci\u00f3n de Empresas de Transporte A\u00e9reo Internacional (AETAI).<\/strong><\/span><\/em><\/p>\n<p style=\"text-align: justify;\"><em><span style=\"color: #333399;\"><strong>En la conferencia, los participantes coincidieron en la importancia de la relaci\u00f3n y coordinaci\u00f3n de las autoridades con el sector privado, que permita devolver la confianza a los usuarios, resaltar el mensaje que la industria es segura y contar, lo antes posible, con la aprobaci\u00f3n de los protocolos necesarios para las operaciones internacionales que comenzar\u00e1n pr\u00f3ximamente.<\/strong><\/span><\/em><\/p>\n<p style=\"text-align: justify;\"><strong>Para acceder a un resumen del webinar \u2013 Per\u00fa: Listos para despegar \u2013 puede ingresar\u00a0<span style=\"color: #ff0000;\"><a style=\"color: #ff0000;\" href=\"https:\/\/www.iata.org\/contentassets\/0b6d1c34ebb24fa390b6030be3327751\/200925-peru-webinar-summary-esp-final.pdf\">aqu\u00ed<\/a>.<\/span><\/strong><\/p>\n<p style=\"text-align: justify;\">\n","protected":false},"excerpt":{"rendered":"<p>28\/09\/2020\/Lima.-La Asociaci\u00f3n de Transporte A\u00e9reo Internacional (IATA, en siglas en ingl\u00e9s) agradece al gobierno de Per\u00fa por su decisi\u00f3n de reanudar los vuelos internacionales el pr\u00f3ximo 5 de octubre, seg\u00fan lo anunci\u00f3 el viernes el presidente de la naci\u00f3n, Mart\u00edn Vizcarra. \u201cEl anuncio del presidente Vizcarra es el primer paso para reactivar la conectividad internacional del pa\u00eds. Para que las l\u00edneas a\u00e9reas puedan planificar el reinicio de los vuelos se requiere que las autoridades publiquen los protocolos necesarios lo m\u00e1s pronto posible\u201d, coment\u00f3 Peter Cerd\u00e1, Vicepresidente Regional Las Am\u00e9ricas \u2013 IATA. Adem\u00e1s pidi\u00f3 que las autoridades pertinentes: \u2022 Aumenten la&#8230;<\/p>\n","protected":false},"author":1,"featured_media":47260,"comment_status":"open","ping_status":"open","sticky":false,"template":"","format":"standard","meta":{"footnotes":""},"categories":[4,82],"tags":[10305,9598,2447,7926,330,749],"class_list":["post-47259","post","type-post","status-publish","format-standard","has-post-thumbnail","hentry","category-breaking-news","category-nacionales","tag-peru-listos-para-despegar","tag-covid-19","tag-iata","tag-martin-vizcarra-presidente-del-peru","tag-turismo-en-el-peru","tag-turistamagazine"],"_links":{"self":[{"href":"https:\/\/www.turistamagazine.com\/v2\/index.php?rest_route=\/wp\/v2\/posts\/47259","targetHints":{"allow":["GET"]}}],"collection":[{"href":"https:\/\/www.turistamagazine.com\/v2\/index.php?rest_route=\/wp\/v2\/posts"}],"about":[{"href":"https:\/\/www.turistamagazine.com\/v2\/index.php?rest_route=\/wp\/v2\/types\/post"}],"author":[{"embeddable":true,"href":"https:\/\/www.turistamagazine.com\/v2\/index.php?rest_route=\/wp\/v2\/users\/1"}],"replies":[{"embeddable":true,"href":"https:\/\/www.turistamagazine.com\/v2\/index.php?rest_route=%2Fwp%2Fv2%2Fcomments&post=47259"}],"version-history":[{"count":1,"href":"https:\/\/www.turistamagazine.com\/v2\/index.php?rest_route=\/wp\/v2\/posts\/47259\/revisions"}],"predecessor-version":[{"id":47261,"href":"https:\/\/www.turistamagazine.com\/v2\/index.php?rest_route=\/wp\/v2\/posts\/47259\/revisions\/47261"}],"wp:featuredmedia":[{"embeddable":true,"href":"https:\/\/www.turistamagazine.com\/v2\/index.php?rest_route=\/wp\/v2\/media\/47260"}],"wp:attachment":[{"href":"https:\/\/www.turistamagazine.com\/v2\/index.php?rest_route=%2Fwp%2Fv2%2Fmedia&parent=47259"}],"wp:term":[{"taxonomy":"category","embeddable":true,"href":"https:\/\/www.turistamagazine.com\/v2\/index.php?rest_route=%2Fwp%2Fv2%2Fcategories&post=47259"},{"taxonomy":"post_tag","embeddable":true,"href":"https:\/\/www.turistamagazine.com\/v2\/index.php?rest_route=%2Fwp%2Fv2%2Ftags&post=47259"}],"curies":[{"name":"wp","href":"https:\/\/api.w.org\/{rel}","templated":true}]}}