{"id":47217,"date":"2020-09-25T16:08:30","date_gmt":"2020-09-25T21:08:30","guid":{"rendered":"http:\/\/www.turistamagazine.com\/v2\/?p=47217"},"modified":"2020-09-25T17:34:10","modified_gmt":"2020-09-25T22:34:10","slug":"peruvuelos-internacionales-de-pasajeros-vuelven-desde-el-5-de-octubre-con-fase-4","status":"publish","type":"post","link":"https:\/\/www.turistamagazine.com\/v2\/?p=47217","title":{"rendered":"PERU:VUELOS INTERNACIONALES DE PASAJEROS VUELVEN DESDE EL 5 DE OCTUBRE CON FASE 4"},"content":{"rendered":"<p style=\"text-align: center;\"><strong><em><span style=\"color: #800080;\">Se comenzar\u00e1 con algunos pa\u00edses vecinos de la regi\u00f3n<\/span><\/em><\/strong><\/p>\n<p style=\"text-align: justify;\">\u00a0<strong>25\/09\/2020\/ Lima.-El Presidente de la Rep\u00fablica, Mart\u00edn Vizcarra, inform\u00f3 hoy que desde el 5 de octubre se reanudar\u00e1n los vuelos internacionales para el transporte de pasajeros.<\/strong><\/p>\n<p style=\"text-align: justify;\"><strong><em><span style=\"color: #800080;\">\u201cEstamos autorizando el inicio de transporte de pasajeros, por v\u00eda a\u00e9rea, en vuelos internacionales a partir del 5 de octubre, en funci\u00f3n de las normas espec\u00edficas que dar\u00e1n el Ministerio de Transportes y el Ministerio de Salud\u201d<\/span><\/em>, anunci\u00f3.<\/strong><\/p>\n<p style=\"text-align: justify;\"><strong><em><span style=\"color: #800080;\">\u201cSe van a iniciar los vuelos internacionales, pero con destinos que sean seguros desde el punto de vista sanitario. Comenzaremos con algunos pa\u00edses vecinos de la regi\u00f3n, lo hemos conversado con los presidentes de los pa\u00edses de Sudam\u00e9rica\u201d,<\/span> <\/em>agreg\u00f3.<\/strong><\/p>\n<p style=\"text-align: justify;\"><strong>El Jefe del Estado aclar\u00f3 que gradualmente se reanudar\u00e1n los vuelos internacionales hacia otras regiones y continentes, pero con todo el cuidado del caso.<\/strong><\/p>\n<p style=\"text-align: justify;\"><strong><em><span style=\"color: #800080;\">\u201cEl pa\u00eds har\u00e1 el protocolo correspondiente para recibir al viajero del exterior, al cual se le exigir\u00e1, entre otras cosas, que presente prueba molecular con una vigencia m\u00e1xima de 48 horas\u201d<\/span><\/em>, sostuvo.<\/strong><\/p>\n<p style=\"text-align: justify;\"><strong><em><span style=\"color: #800080;\">\u201cHabr\u00e1 otros aspectos que el ministro de Transporte con la ministra de Salud detallar\u00e1n cuando se ampl\u00ede esta informaci\u00f3n, pero desde la primera semana reanudaremos los vuelos internacionales con algunos destinos\u201d,<\/span> <\/em>a\u00f1adi\u00f3.<\/strong><\/p>\n","protected":false},"excerpt":{"rendered":"<p>Se comenzar\u00e1 con algunos pa\u00edses vecinos de la regi\u00f3n \u00a025\/09\/2020\/ Lima.-El Presidente de la Rep\u00fablica, Mart\u00edn Vizcarra, inform\u00f3 hoy que desde el 5 de octubre se reanudar\u00e1n los vuelos internacionales para el transporte de pasajeros. \u201cEstamos autorizando el inicio de transporte de pasajeros, por v\u00eda a\u00e9rea, en vuelos internacionales a partir del 5 de octubre, en funci\u00f3n de las normas espec\u00edficas que dar\u00e1n el Ministerio de Transportes y el Ministerio de Salud\u201d, anunci\u00f3. \u201cSe van a iniciar los vuelos internacionales, pero con destinos que sean seguros desde el punto de vista sanitario. Comenzaremos con algunos pa\u00edses vecinos de la regi\u00f3n,&#8230;<\/p>\n","protected":false},"author":1,"featured_media":28043,"comment_status":"open","ping_status":"open","sticky":false,"template":"","format":"standard","meta":{"footnotes":""},"categories":[4,82],"tags":[9598,9016,10294,7926,340,330,749],"class_list":["post-47217","post","type-post","status-publish","format-standard","has-post-thumbnail","hentry","category-breaking-news","category-nacionales","tag-covid-19","tag-elena-honores-coordinadora-de-ciestca-peru","tag-esde-el-5-de-octubre-se-reanudaran-los-vuelos-internacionales","tag-martin-vizcarra-presidente-del-peru","tag-peru","tag-turismo-en-el-peru","tag-turistamagazine"],"_links":{"self":[{"href":"https:\/\/www.turistamagazine.com\/v2\/index.php?rest_route=\/wp\/v2\/posts\/47217","targetHints":{"allow":["GET"]}}],"collection":[{"href":"https:\/\/www.turistamagazine.com\/v2\/index.php?rest_route=\/wp\/v2\/posts"}],"about":[{"href":"https:\/\/www.turistamagazine.com\/v2\/index.php?rest_route=\/wp\/v2\/types\/post"}],"author":[{"embeddable":true,"href":"https:\/\/www.turistamagazine.com\/v2\/index.php?rest_route=\/wp\/v2\/users\/1"}],"replies":[{"embeddable":true,"href":"https:\/\/www.turistamagazine.com\/v2\/index.php?rest_route=%2Fwp%2Fv2%2Fcomments&post=47217"}],"version-history":[{"count":3,"href":"https:\/\/www.turistamagazine.com\/v2\/index.php?rest_route=\/wp\/v2\/posts\/47217\/revisions"}],"predecessor-version":[{"id":47224,"href":"https:\/\/www.turistamagazine.com\/v2\/index.php?rest_route=\/wp\/v2\/posts\/47217\/revisions\/47224"}],"wp:featuredmedia":[{"embeddable":true,"href":"https:\/\/www.turistamagazine.com\/v2\/index.php?rest_route=\/wp\/v2\/media\/28043"}],"wp:attachment":[{"href":"https:\/\/www.turistamagazine.com\/v2\/index.php?rest_route=%2Fwp%2Fv2%2Fmedia&parent=47217"}],"wp:term":[{"taxonomy":"category","embeddable":true,"href":"https:\/\/www.turistamagazine.com\/v2\/index.php?rest_route=%2Fwp%2Fv2%2Fcategories&post=47217"},{"taxonomy":"post_tag","embeddable":true,"href":"https:\/\/www.turistamagazine.com\/v2\/index.php?rest_route=%2Fwp%2Fv2%2Ftags&post=47217"}],"curies":[{"name":"wp","href":"https:\/\/api.w.org\/{rel}","templated":true}]}}