{"id":472,"date":"2014-01-14T06:25:30","date_gmt":"2014-01-14T06:25:30","guid":{"rendered":"http:\/\/www.turistamagazine.com\/v2\/?p=472"},"modified":"2014-01-23T00:43:36","modified_gmt":"2014-01-23T00:43:36","slug":"prensatur-peru-celebro-xxxix-anos-de-vida-institucional","status":"publish","type":"post","link":"https:\/\/www.turistamagazine.com\/v2\/?p=472","title":{"rendered":"PRENSATUR PERU CELEBRO XXXIX A\u00d1OS DE VIDA INSTITUCIONAL"},"content":{"rendered":"<p style=\"text-align: justify;\"><strong>PRENSATUR PERU<\/strong> celebr\u00f3 su Trig\u00e9simo Noveno aniversario de vida institucional, el 8 de enero y lo celebr\u00f3 con un acto protocolar que cont\u00f3 con la presencia de la Directora de Turismo y Cultura de barranco, nuestra amiga Mar\u00eda Emilia Espich\u00e1n, Dr. Carlos Canales presidente de Canatur, Sra. Isabel de Qui\u00f1ones Presidenta de AFFET, Don Carlos L\u00f3pez Presidente del KAL CLUB de Lima el representante de AHORA Miguel Arevalo, y asimismo contamos con \u00a0representantes de la polic\u00eda de Turismo, y de la SOCIEDAD DE HOTELES y nuestros distinguidos socios y amigos, la ceremonia tuvo lugar \u00a0en el Sal\u00f3n de Actos de la municipalidad del tradicional distrito barranquino, despu\u00e9s del emotivo acto recordatorio de la larga vida institucional de PRENSATUR, donde se record\u00f3 las gestiones de los presidentes que tuvieron a su cargo de esta Instituci\u00f3n period\u00edstica, \u00a0en la que estuvieron\u00a0 presente \u00a0los past presidente, Vicente Nisizaka, Fernando Flores Araos, igualmente se record\u00f3 a los que ya nos dejaron con mucho cari\u00f1o, especialmente a los periodistas, Celia Barrios, Alfredo Ordo\u00f1ez, Dr. Sixtilio Dalmau Casta\u00f1\u00f3n, Jos\u00e9 Ug\u00e1z, entre otros. Asimismo, \u00a0todos desearon que el Dr. Hern\u00e1n Villar, tres veces presidente de la Instituci\u00f3n period\u00edstica y presidente de la fenecida -CLAPTUR- se restableciera en su salud.<\/p>\n<p style=\"text-align: justify;\">La \u00a0presidenta, Elena Villar dio lectura a las cartas de felicitaci\u00f3n, que nos hicieran llegar por esta fecha especial,\u00a0 el Dr. Eduardo Goldenh\u00f6rn \u00a0Abogado y Consultor Tur\u00edstico, desde Argentina. \u00a0Igualmente se leyeron cartas de felicitaci\u00f3n por el 9\u00ba aniversario, del Presidente del F\u00f3rum Iberoamericano, Roque Baudean y de la secretar\u00eda General Mar\u00eda Shaw, a la par se ley\u00f3 la carta de nuestros colegas de APTUR Chile, con el saludo expreso del Basko Asun Vicepresidente de esa honorable instituci\u00f3n chilena. Luego la presidenta, \u00a0\u00a0hizo una breve exposici\u00f3n de su primera y segunda gesti\u00f3n que finalizara en agosto 2014. A su turno la\u00a0 Directora de Turismo y Cultura Barranco,\u00a0 a nombre de la alcaldesa hizo un emotivo discurso acerca de esta ceremonia y record\u00f3 con gran cari\u00f1o la siembra del \u00e1rbol de la Integraci\u00f3n Tur\u00edstica Iberoamericana en junio del 2011.<\/p>\n<p style=\"text-align: justify;\">\u00a0En\u00a0 el mismo acto protocolar, la Filial PrensaturPeru de la REGION NOR AMAZONICA DEL PERU, presidida por Enrique Mas\u00edas \u00a0hizo entrega de un reconocimiento \u00a0a la Presidenta Elena Villar, por <em>\u201cSu identificaci\u00f3n y valioso apoyo a las actividades Institucionales y al turismo en la Regi\u00f3n Nor Amaz\u00f3nica del Per\u00fa\u201d.<\/em><\/p>\n<p style=\"text-align: justify;\">Palabras muy reconocidas hacia la Instituci\u00f3n period\u00edstica tuvo la Sra. Isabel Qui\u00f1ones quien reconoci\u00f3 la importancia de la prensa en general y de la prensa tur\u00edstica en particular quien dijo <strong>\u201cQue ser\u00eda de nuestras planes y proyectos si no estuviera la prensa para darle difusi\u00f3n\u201d<\/strong> \u00a1Gracias por lo que nos toca!\u2026<\/p>\n<p style=\"text-align: justify;\">Terminada la ceremonia protocolar, se realiz\u00f3 la riega simb\u00f3lica del \u00e1rbol, que est\u00e1 precioso gracias a los cuidados del municipio de barranco.<\/p>\n<p style=\"text-align: justify;\">Finalmente todos compartieron un delicioso almuerzo criollo en un tradicional restaurante barranquino.<\/p>\n<p style=\"text-align: justify;\">La Presidenta de PRENSATUR PERU Mg. Elena Villar y toda su Junta Directiva agradecen a todos y cada uno, su asistencia \u00a0a este acto tan significativo para la Asociaci\u00f3n de la Prensa Tur\u00edstica Peruana.<\/p>\n<p style=\"text-align: justify;\">Las fotos son fina cortes\u00eda de nuestro distinguido socio Carlos L\u00f3pez Gallegos<\/p>\n<p>&nbsp;<\/p>\n\n","protected":false},"excerpt":{"rendered":"<p>PRENSATUR PERU celebr\u00f3 su Trig\u00e9simo Noveno aniversario de vida institucional, el 8 de enero y lo celebr\u00f3 con un acto protocolar que cont\u00f3 con la presencia de la Directora de Turismo y Cultura de barranco, nuestra amiga Mar\u00eda Emilia Espich\u00e1n, Dr. Carlos Canales presidente de Canatur, Sra. Isabel de Qui\u00f1ones Presidenta de AFFET, Don Carlos L\u00f3pez Presidente del KAL CLUB de Lima el representante de AHORA Miguel Arevalo, y asimismo contamos con \u00a0representantes de la polic\u00eda de Turismo, y de la SOCIEDAD DE HOTELES y nuestros distinguidos socios y amigos, la ceremonia tuvo lugar \u00a0en el Sal\u00f3n de Actos de&#8230;<\/p>\n","protected":false},"author":1,"featured_media":0,"comment_status":"open","ping_status":"open","sticky":false,"template":"","format":"standard","meta":{"footnotes":""},"categories":[4,82],"tags":[242,99,98,243],"class_list":["post-472","post","type-post","status-publish","format-standard","hentry","category-breaking-news","category-nacionales","tag-aptur-chile","tag-elenita-villar","tag-prensatur-peru","tag-roque-baudean"],"_links":{"self":[{"href":"https:\/\/www.turistamagazine.com\/v2\/index.php?rest_route=\/wp\/v2\/posts\/472","targetHints":{"allow":["GET"]}}],"collection":[{"href":"https:\/\/www.turistamagazine.com\/v2\/index.php?rest_route=\/wp\/v2\/posts"}],"about":[{"href":"https:\/\/www.turistamagazine.com\/v2\/index.php?rest_route=\/wp\/v2\/types\/post"}],"author":[{"embeddable":true,"href":"https:\/\/www.turistamagazine.com\/v2\/index.php?rest_route=\/wp\/v2\/users\/1"}],"replies":[{"embeddable":true,"href":"https:\/\/www.turistamagazine.com\/v2\/index.php?rest_route=%2Fwp%2Fv2%2Fcomments&post=472"}],"version-history":[{"count":20,"href":"https:\/\/www.turistamagazine.com\/v2\/index.php?rest_route=\/wp\/v2\/posts\/472\/revisions"}],"predecessor-version":[{"id":502,"href":"https:\/\/www.turistamagazine.com\/v2\/index.php?rest_route=\/wp\/v2\/posts\/472\/revisions\/502"}],"wp:attachment":[{"href":"https:\/\/www.turistamagazine.com\/v2\/index.php?rest_route=%2Fwp%2Fv2%2Fmedia&parent=472"}],"wp:term":[{"taxonomy":"category","embeddable":true,"href":"https:\/\/www.turistamagazine.com\/v2\/index.php?rest_route=%2Fwp%2Fv2%2Fcategories&post=472"},{"taxonomy":"post_tag","embeddable":true,"href":"https:\/\/www.turistamagazine.com\/v2\/index.php?rest_route=%2Fwp%2Fv2%2Ftags&post=472"}],"curies":[{"name":"wp","href":"https:\/\/api.w.org\/{rel}","templated":true}]}}