{"id":47166,"date":"2020-09-24T13:49:07","date_gmt":"2020-09-24T18:49:07","guid":{"rendered":"http:\/\/www.turistamagazine.com\/v2\/?p=47166"},"modified":"2020-09-25T17:55:08","modified_gmt":"2020-09-25T22:55:08","slug":"por-19-dias-mas-panama-extiende-suspension-de-vuelos-internacionales","status":"publish","type":"post","link":"https:\/\/www.turistamagazine.com\/v2\/?p=47166","title":{"rendered":"POR 19 D\u00cdAS M\u00c1S PANAM\u00c1 EXTIENDE SUSPENSI\u00d3N DE VUELOS INTERNACIONALES"},"content":{"rendered":"<p style=\"text-align: justify;\"><strong>24\/09\/2020\/ <em><span style=\"color: #800080;\">Panam\u00e1.- El Gobierno de Panam\u00e1 prorrog\u00f3 una vez m\u00e1s la suspensi\u00f3n de vuelos internacionales, en esta ocasi\u00f3n por un periodo de 19 d\u00edas calendario.<\/span><\/em><\/strong><\/p>\n<p style=\"text-align: justify;\"><em><span style=\"color: #800080;\"><strong>Mediante Resoluci\u00f3n 150 de la Autoridad Aeron\u00e1utica Civil se establece que el plazo ser\u00e1 contado a partir de las 11:59 p.m. del 22 de septiembre. A partir del 12 de octubre se reactiva la aviaci\u00f3n internacional.<\/strong><\/span><\/em><\/p>\n<p style=\"text-align: justify;\"><strong>Para viajar, el pasajero debe presentar a la aerol\u00ednea el certificado de prueba de hisopado, con un m\u00e1ximo de 96 horas previo al abordaje. Adem\u00e1s, deber\u00e1 cumplir con las medidas de bioseguridad establecidas por el Ministerio de Salud.<\/strong><\/p>\n<p style=\"text-align: justify;\"><strong>D\u00edas despu\u00e9s de registrarse el primer caso de COVID-19 en Panam\u00e1, las autoridades ordenaron la suspensi\u00f3n de llegadas y salidas de vuelos internacionales <em><span style=\"color: #800080;\">\u201cpor motivos de salud p\u00fablica\u201d,<\/span><\/em> permitiendo \u00fanicamente los vuelos para transporte de carga, productos y equipos m\u00e9dicos e insumos, as\u00ed como los vuelos humanitarios.<\/strong><\/p>\n<p style=\"text-align: justify;\"><em><span style=\"color: #800080;\"><strong>El pasado mes de agosto el Aeropuerto Internacional de Tocumen habilit\u00f3 un Centro de Operaciones Controladas para la interconexi\u00f3n de aviaci\u00f3n comercial internacional.<\/strong><\/span><\/em><\/p>\n<p><a href=\"https:\/\/www.turistamagazine.com\/v2\/wp-content\/uploads\/2020\/09\/EimV65zXYAEa2ql.jpg\"><img decoding=\"async\" class=\"wp-image-47168 aligncenter\" src=\"https:\/\/www.turistamagazine.com\/v2\/wp-content\/uploads\/2020\/09\/EimV65zXYAEa2ql.jpg\" alt=\"\" width=\"620\" height=\"620\" \/><\/a><\/p>\n","protected":false},"excerpt":{"rendered":"<p>24\/09\/2020\/ Panam\u00e1.- El Gobierno de Panam\u00e1 prorrog\u00f3 una vez m\u00e1s la suspensi\u00f3n de vuelos internacionales, en esta ocasi\u00f3n por un periodo de 19 d\u00edas calendario. Mediante Resoluci\u00f3n 150 de la Autoridad Aeron\u00e1utica Civil se establece que el plazo ser\u00e1 contado a partir de las 11:59 p.m. del 22 de septiembre. A partir del 12 de octubre se reactiva la aviaci\u00f3n internacional. Para viajar, el pasajero debe presentar a la aerol\u00ednea el certificado de prueba de hisopado, con un m\u00e1ximo de 96 horas previo al abordaje. Adem\u00e1s, deber\u00e1 cumplir con las medidas de bioseguridad establecidas por el Ministerio de Salud. D\u00edas&#8230;<\/p>\n","protected":false},"author":1,"featured_media":47167,"comment_status":"open","ping_status":"open","sticky":false,"template":"","format":"standard","meta":{"footnotes":""},"categories":[4,84],"tags":[9598,10278,1039,10277,749,5078],"class_list":["post-47166","post","type-post","status-publish","format-standard","has-post-thumbnail","hentry","category-breaking-news","category-internacionales","tag-covid-19","tag-gobierno-de-panama-prorrogo-vuelos-internacionales","tag-panama","tag-reabrira-fronteras-el-12-de-octubre","tag-turistamagazine","tag-ver-todos"],"_links":{"self":[{"href":"https:\/\/www.turistamagazine.com\/v2\/index.php?rest_route=\/wp\/v2\/posts\/47166","targetHints":{"allow":["GET"]}}],"collection":[{"href":"https:\/\/www.turistamagazine.com\/v2\/index.php?rest_route=\/wp\/v2\/posts"}],"about":[{"href":"https:\/\/www.turistamagazine.com\/v2\/index.php?rest_route=\/wp\/v2\/types\/post"}],"author":[{"embeddable":true,"href":"https:\/\/www.turistamagazine.com\/v2\/index.php?rest_route=\/wp\/v2\/users\/1"}],"replies":[{"embeddable":true,"href":"https:\/\/www.turistamagazine.com\/v2\/index.php?rest_route=%2Fwp%2Fv2%2Fcomments&post=47166"}],"version-history":[{"count":3,"href":"https:\/\/www.turistamagazine.com\/v2\/index.php?rest_route=\/wp\/v2\/posts\/47166\/revisions"}],"predecessor-version":[{"id":47226,"href":"https:\/\/www.turistamagazine.com\/v2\/index.php?rest_route=\/wp\/v2\/posts\/47166\/revisions\/47226"}],"wp:featuredmedia":[{"embeddable":true,"href":"https:\/\/www.turistamagazine.com\/v2\/index.php?rest_route=\/wp\/v2\/media\/47167"}],"wp:attachment":[{"href":"https:\/\/www.turistamagazine.com\/v2\/index.php?rest_route=%2Fwp%2Fv2%2Fmedia&parent=47166"}],"wp:term":[{"taxonomy":"category","embeddable":true,"href":"https:\/\/www.turistamagazine.com\/v2\/index.php?rest_route=%2Fwp%2Fv2%2Fcategories&post=47166"},{"taxonomy":"post_tag","embeddable":true,"href":"https:\/\/www.turistamagazine.com\/v2\/index.php?rest_route=%2Fwp%2Fv2%2Ftags&post=47166"}],"curies":[{"name":"wp","href":"https:\/\/api.w.org\/{rel}","templated":true}]}}