{"id":47084,"date":"2020-09-18T10:26:01","date_gmt":"2020-09-18T15:26:01","guid":{"rendered":"http:\/\/www.turistamagazine.com\/v2\/?p=47084"},"modified":"2020-09-18T10:33:36","modified_gmt":"2020-09-18T15:33:36","slug":"choquequirao-el-otro-machu-picchu-y-la-memoria","status":"publish","type":"post","link":"https:\/\/www.turistamagazine.com\/v2\/?p=47084","title":{"rendered":"CHOQUEQUIRAO EL OTRO MACHU PICCHU Y LA MEMORIA&#8230;"},"content":{"rendered":"<p style=\"text-align: center;\">\u00a0<strong><em><span style=\"color: #800080;\">Han pasado 6 a\u00f1os de esta propuesta y toda v\u00eda sigue en\u00a0 el proyecto en viabilidad&#8230; y con el presupuesto triplicado&#8230; FRAN-CA-MENTE&#8230;No decimos m\u00e1s lea\u00a0 hasta el final&#8230; as\u00ed no se hace patria&#8230;<\/span><\/em><\/strong><\/p>\n<p style=\"text-align: justify;\"><em><span style=\"color: #800080;\"><strong>La \u00fanica forma de\u00a0llegar a Choquequirao\u00a0es v\u00eda terrestre. Actualmente, la principal ruta es dirigi\u00e9ndose al pueblo de Cachora (2,903 m.s.n.m.), a 3 \u00f3 4 horas por carretera desde la ciudad del\u00a0Cusco\u00a0(a 2 horas desde la ciudad de Abancay). All\u00ed, inicia la caminata hasta el sitio arqueol\u00f3gico inca.<\/strong><\/span><\/em><\/p>\n<p style=\"text-align: justify;\"><strong>El Poder Ejecutivo espera que el proyecto del telef\u00e9rico en el Parque Arqueol\u00f3gico de Choquequirao en Cusco <span style=\"color: #800080;\">\u201calcance su viabilidad en diciembre de este a\u00f1o\u201d, afirm\u00f3 el jefe del Gabinete Ministerial, Pedro Cateriano, durante su presentaci\u00f3n en el Congreso para solicitar el voto de confianza.<\/span><\/strong><\/p>\n<p style=\"text-align: justify;\"><strong>\u201cA diciembre de 2020, se espera tener la <em><span style=\"color: #800080;\">\u201cviabilidad del proyecto\u201d<\/span><\/em>, el cual tiene un monto estimado de inversi\u00f3n de <span style=\"color: #800080;\">US$ 260 millones ( D\u00f3lares)<\/span> que luego pasar\u00e1 a fase de estructuraci\u00f3n de la APP (Asociaci\u00f3n P\u00fablico-Privada) a cargo de Proinversi\u00f3n. <em><span style=\"color: #800080;\">Esto nos permitir\u00e1 hacer la convocatoria en 2021 y adjudicar el proyecto en 2022\u201d, refiri\u00f3.<\/span><\/em><\/strong><\/p>\n<p style=\"text-align: justify;\"><strong>Las mejoras tur\u00edsticas implican la implementaci\u00f3n de un sistema de acceso por cable desde el sur por Apur\u00edmac (tramo 1) y desde el norte por Cusco (tramo 2).<\/strong><\/p>\n<p style=\"text-align: justify;\"><strong><em><span style=\"color: #800080;\">\u201cLas obras tambi\u00e9n incluyen la mejora de los senderos peatonales, lo que permitir\u00e1 pasar de 10,000 visitantes anuales a 1 mill\u00f3n por a\u00f1o\u201d<\/span><\/em>.<\/strong><\/p>\n<p style=\"text-align: justify;\"><strong>Cateriano detall\u00f3 que el Gobierno apoyar\u00e1 en el financiamiento del tramo de carretera <em><span style=\"color: #800080;\">Mollepata-Abra Camas-Colcapampa-Santa Teresa, con una longitud aproximada de 92.1 kil\u00f3metros y una inversi\u00f3n estimada de S\/ 1,616 millones.<\/span><\/em><\/strong><\/p>\n<p style=\"text-align: justify;\"><strong>Asimismo, se brindar\u00e1 apoyo a la salida de la producci\u00f3n agropecuaria del valle de La Convenci\u00f3n v\u00eda Mollepata hacia la V\u00eda Nacional Cusco-Abancay-Nasca, lo cual permitir\u00e1 <em><span style=\"color: #800080;\">\u201coptimizar costos de operaci\u00f3n ahorro de tiempo y distancia, con el consiguiente desarrollo del gran potencial de la zona con un corredor de ida y vuelta\u201d.<\/span><\/em><\/strong><\/p>\n<p style=\"text-align: justify;\"><strong><em><span style=\"color: #800080;\">\u201cEllo permitir\u00e1 el desarrollo econ\u00f3mico y el fortalecimiento de la actividad tur\u00edstica desde el lado amaz\u00f3nico hacia Machu Picchu y Choquequirao\u201d<\/span><\/em>, puntualiz\u00f3 Cateriano. <em><span style=\"color: #333399;\">Esto lo acaba de decir pr\u00e1cticamente el Premier Cateriano que s\u00f3lo duro en el cargo 20 d\u00edas,<\/span><\/em><\/strong><\/p>\n<p style=\"text-align: justify;\"><em><span style=\"color: #333399;\"><strong>Pues ahora la Ministra Rosario Barrios titular del Mincetur sostuvo que se ha previsto, este a\u00f1o, la puesta en marcha del proyecto del parque arqueol\u00f3gico Choquequirao, que permitir\u00e1 pasar de 10 mil a un mill\u00f3n de visitantes anuales.<\/strong><\/span><\/em><\/p>\n<p style=\"text-align: justify;\"><em><b style=\"color: #800080;\">No vamos a agregar nada m\u00e1s simplemente como somos memoriosos en el\u00a0 31 de Marzo 2014 el Diario Gesti\u00f3n public\u00f3\u2026 HACE YA 6 A\u00d1OS LO SIGUIENTE&#8230;Era otro <\/b><span style=\"color: #800080;\"><b>presidente,<\/b><\/span><b style=\"color: #800080;\">\u00a0era otro presupuesto&#8230;<\/b><\/em><\/p>\n<p style=\"text-align: center;\"><span style=\"color: #800080;\"><strong><em>PERU: LOS TELEF\u00c9RICOS QUE BUSCAR\u00c1N POTENCIAR LOS ATRACTIVOS TUR\u00cdSTICOS DEL PER\u00da<\/em><\/strong><\/span><\/p>\n<p style=\"text-align: justify;\"><em><span style=\"color: #333399;\"><strong>Lima.- Mientras el telef\u00e9rico de Lima requerir\u00e1 una inversi\u00f3n de US$ 8 millones, el de Choquequirao demandar\u00e1 aproximadamente S\/. 152 millones sin incluir IGV. Ambos megaproyectos apuntan a beneficiar el turismo en el pa\u00eds.<\/strong><\/span><\/em><\/p>\n<p style=\"text-align: justify;\"><strong>Dos proyectos de telef\u00e9ricos est\u00e1n en agenda. Uno se construir\u00e1 en Lima, el otro en Choquequirao, ciudad hermana de Machu Picchu. Los dos sistemas buscar\u00e1n convertirse en aliados del turismo en el Per\u00fa.<\/strong><\/p>\n<p style=\"text-align: justify;\"><span style=\"color: #800080;\"><strong><em>El telef\u00e9rico de Lima<\/em><\/strong><\/span><\/p>\n<p style=\"text-align: justify;\"><strong>Con una inversi\u00f3n aproximada de <em><span style=\"color: #800080;\">US$ 8 millones,<\/span><\/em> este sistema de transporte conectar\u00e1 el Centro de Lima (Malec\u00f3n del R\u00edo) con el cerro San Crist\u00f3bal. En solo unos 8 minutos, el telef\u00e9rico recorrer\u00e1 una distancia de 1.2 kil\u00f3metros. Ascender en pocos minutos el cerro San Crist\u00f3bal de Lima y observar las vistas panor\u00e1micas del lugar son algunos de los prop\u00f3sitos de la m\u00e1quina, que, por cierto, potenciar\u00e1 los atractivos tur\u00edsticos de la capital.<\/strong><\/p>\n<p style=\"text-align: justify;\"><strong>E<em><span style=\"color: #333399;\">l sistema contar\u00e1 con once telecabinas de transporte, las cuales estar\u00e1n dise\u00f1adas para soportar diversas situaciones climatol\u00f3gicas. La velocidad con la que ser\u00e1n transportados los pasajeros podr\u00e1 ser seleccionada por el operador. El cerro San Crist\u00f3bal podr\u00e1 potenciar sus atractivos con un restaurante tur\u00edstico, una galer\u00eda mirador y servicios higi\u00e9nicos. La construcci\u00f3n se iniciar\u00e1 entre abril y mayo. Se tiene previsto que comience a funcionar este mismo a\u00f1o, dado a que el tiempo de ejecuci\u00f3n de la obra es de nueve meses. Cada pasaje de ida y vuelta costar\u00e1 S\/. 3.50.<\/span><\/em><\/strong><\/p>\n<p style=\"text-align: justify;\"><em><span style=\"color: #800080;\"><strong>El telef\u00e9rico de Choquequirao<\/strong><\/span><\/em><\/p>\n<p style=\"text-align: justify;\"><em><span style=\"color: #800080;\"><strong>Hacia este semestre se iniciar\u00e1 la construcci\u00f3n de este sistema que permitir\u00e1 acceder al sitio Arqueol\u00f3gico de Choquequirao, al que solo se puede llegar caminando durante dos d\u00edas desde Cachora, una zona ubicada a cuatro horas del Cusco.<\/strong><\/span><\/em><\/p>\n<p style=\"text-align: justify;\"><strong>El sistema de transporte no solo permitir\u00e1 un f\u00e1cil y r\u00e1pida acceso a las personas que no pueden cumplir largas caminatas, sino que tambi\u00e9n servir\u00e1 para descongestionar las ruinas de Machu Picchu.<\/strong><\/p>\n<p style=\"text-align: justify;\"><em><span style=\"color: #800080;\"><strong>El telef\u00e9rico quedar\u00e1 suspendido a m\u00e1s de un kil\u00f3metro de altura sobre el ca\u00f1\u00f3n del r\u00edo Apur\u00edmac y, considerando que a la fecha el acceso al Parque Arqueol\u00f3gico de Choquequirao est\u00e1 limitado por dificultades geogr\u00e1ficas, se podr\u00e1 aprovechar un equipo que puede formar parte de la oferta tur\u00edstica y potenciar el circuito actual. El tiempo de viaje, desde la estaci\u00f3n de salida a la estaci\u00f3n de llegada, se estima en 15 minutos<\/strong><\/span><\/em><\/p>\n<p style=\"text-align: justify;\"><em><span style=\"color: #800080;\"><strong>F\/ Diario gesti\u00f3n<\/strong><\/span><\/em><\/p>\n<p style=\"text-align: justify;\"><strong>31 de marzo 2014<\/strong><\/p>\n","protected":false},"excerpt":{"rendered":"<p>\u00a0Han pasado 6 a\u00f1os de esta propuesta y toda v\u00eda sigue en\u00a0 el proyecto en viabilidad&#8230; y con el presupuesto triplicado&#8230; FRAN-CA-MENTE&#8230;No decimos m\u00e1s lea\u00a0 hasta el final&#8230; as\u00ed no se hace patria&#8230; La \u00fanica forma de\u00a0llegar a Choquequirao\u00a0es v\u00eda terrestre. Actualmente, la principal ruta es dirigi\u00e9ndose al pueblo de Cachora (2,903 m.s.n.m.), a 3 \u00f3 4 horas por carretera desde la ciudad del\u00a0Cusco\u00a0(a 2 horas desde la ciudad de Abancay). All\u00ed, inicia la caminata hasta el sitio arqueol\u00f3gico inca. El Poder Ejecutivo espera que el proyecto del telef\u00e9rico en el Parque Arqueol\u00f3gico de Choquequirao en Cusco \u201calcance su viabilidad&#8230;<\/p>\n","protected":false},"author":1,"featured_media":0,"comment_status":"open","ping_status":"open","sticky":false,"template":"","format":"standard","meta":{"footnotes":""},"categories":[87],"tags":[134,7471,117,1111,749,5078],"class_list":["post-47084","post","type-post","status-publish","format-standard","hentry","category-actualidad","tag-cusco","tag-elenita-villar-asesora-de-tesis-en-turismo","tag-promocion-turistica","tag-proyecto-teleferico-de-choquequirao","tag-turistamagazine","tag-ver-todos"],"_links":{"self":[{"href":"https:\/\/www.turistamagazine.com\/v2\/index.php?rest_route=\/wp\/v2\/posts\/47084","targetHints":{"allow":["GET"]}}],"collection":[{"href":"https:\/\/www.turistamagazine.com\/v2\/index.php?rest_route=\/wp\/v2\/posts"}],"about":[{"href":"https:\/\/www.turistamagazine.com\/v2\/index.php?rest_route=\/wp\/v2\/types\/post"}],"author":[{"embeddable":true,"href":"https:\/\/www.turistamagazine.com\/v2\/index.php?rest_route=\/wp\/v2\/users\/1"}],"replies":[{"embeddable":true,"href":"https:\/\/www.turistamagazine.com\/v2\/index.php?rest_route=%2Fwp%2Fv2%2Fcomments&post=47084"}],"version-history":[{"count":3,"href":"https:\/\/www.turistamagazine.com\/v2\/index.php?rest_route=\/wp\/v2\/posts\/47084\/revisions"}],"predecessor-version":[{"id":47087,"href":"https:\/\/www.turistamagazine.com\/v2\/index.php?rest_route=\/wp\/v2\/posts\/47084\/revisions\/47087"}],"wp:attachment":[{"href":"https:\/\/www.turistamagazine.com\/v2\/index.php?rest_route=%2Fwp%2Fv2%2Fmedia&parent=47084"}],"wp:term":[{"taxonomy":"category","embeddable":true,"href":"https:\/\/www.turistamagazine.com\/v2\/index.php?rest_route=%2Fwp%2Fv2%2Fcategories&post=47084"},{"taxonomy":"post_tag","embeddable":true,"href":"https:\/\/www.turistamagazine.com\/v2\/index.php?rest_route=%2Fwp%2Fv2%2Ftags&post=47084"}],"curies":[{"name":"wp","href":"https:\/\/api.w.org\/{rel}","templated":true}]}}