{"id":4682,"date":"2014-05-19T16:30:22","date_gmt":"2014-05-19T21:30:22","guid":{"rendered":"http:\/\/www.turistamagazine.com\/v2\/?p=4682"},"modified":"2014-05-19T16:30:22","modified_gmt":"2014-05-19T21:30:22","slug":"colombia-cfo-del-ano-en-colombia-por-latin-trade","status":"publish","type":"post","link":"https:\/\/www.turistamagazine.com\/v2\/?p=4682","title":{"rendered":"COLOMBIA: CFO DEL A\u00d1O EN COLOMBIA POR LATIN TRADE"},"content":{"rendered":"<p style=\"text-align: justify;\">La revista de negocios regional Latin Trade eligi\u00f3 a Gerardo Grajales, Vicepresidente Ejecutivo Financiero de Avianca Holdings, como Chief Financial Officer CFO del A\u00f1o 2014 en Colombia.<\/p>\n<p style=\"text-align: justify;\">De acuerdo con la publicaci\u00f3n, Gerardo Grajales es exaltado por su rol en la consecuci\u00f3n de algunos de los resultados financieros m\u00e1s significativos del grupo Avianca Holdings S.A. La rentabilidad operacional anual de la compa\u00f1\u00eda en 2013 fue 8.4%, mientras que el \u00edndice de la Bolsa de Valores de Colombia, Colcap, declin\u00f3 cerca de 11.9%. Los ingresos de la compa\u00f1\u00eda aumentaron un 8% durante el a\u00f1o, al pasar de USD$ 4.270 millones a USD$.609 millones, en tanto que la econom\u00eda de Am\u00e9rica Latina creci\u00f3 un 2,6 %, y la industria a\u00e9rea lo hizo en 5,2 %, seg\u00fan la IATA. El margen EBITDAR de Avianca alcanz\u00f3\u00a0 un 18% en 2013 en comparaci\u00f3n con 15,4 % a fines del a\u00f1o 2012, y su margen EBIT tambi\u00e9n aumento a 8,4% a partir de 6,6 % en el mismo periodo de 2012.<\/p>\n<p style=\"text-align: justify;\">Entre las contribuciones m\u00e1s significativas de Grajales se cuenta su participaci\u00f3n en el dise\u00f1o y ejecuci\u00f3n del programa para financiar la renovaci\u00f3n de flota que ha impulsado la transformaci\u00f3n de Avianca en una de las mayores aerol\u00edneas de Am\u00e9rica Latina. Uno de los elementos fundamentales en el \u00e9xito de este proyecto ha sido la financiaci\u00f3n de cerca de USD$ 4.0 billones de d\u00f3lares con entidades multilaterales y la incursi\u00f3n en los mercados de capitales internacionales, que le permitieron a la compa\u00f1\u00eda acceder a m\u00e1s de USD$ 1 bill\u00f3n.<\/p>\n<p style=\"text-align: justify;\">Como se recordar\u00e1, el 20 de mayo de 2013 la compa\u00f1\u00eda debut\u00f3 en el mercado internacional de deuda con una emisi\u00f3n de bonos a siete a\u00f1os por USD$ 300 millones. El 5 de noviembre, la compa\u00f1\u00eda llev\u00f3 sus acciones al mercado de Estados Unidos con un ADR nivel 3, lo que le permiti\u00f3 aumentar su capital en USD$ 187,5 millones. Adicionalmente la organizaci\u00f3n reabri\u00f3 con \u00e9xito su bono internacional el 8 de abril de 2014 colocando USD$ 250 millones con una sobredemanda de 3.5 veces.<\/p>\n<p style=\"text-align: justify;\">Con esas operaciones, Avianca pudo adicionar en arriendo 15 aeronaves (2013) y reducir as\u00ed la edad promedio de su flota a 5,2 a\u00f1os, convirtiendo la flota de la compa\u00f1\u00eda en una de las m\u00e1s j\u00f3venes y rentables en el \u00e1mbito internacional. A esto se suma, la disposici\u00f3n de \u00f3rdenes por 90 aviones que ser\u00e1n incorporados en los pr\u00f3ximos cinco a\u00f1os, lo que aumentar\u00e1 en 14% el tama\u00f1o de la flota Avianca.<\/p>\n<p style=\"text-align: justify;\">Gerardo Grajales es Administrador de empresas con un M\u00e1ster en Finanzas de la Universidad de Baltimore. Fue nombrado Vicepresidente Financiero de Avianca en mayo de 2000 y designado Vicepresidente Ejecutivo Financiero de Avianca Holdings desde la creaci\u00f3n de la Holdings en 2011. Anteriormente se hab\u00eda desempe\u00f1ado en funciones financieras en Gillette y Baxter.<\/p>\n","protected":false},"excerpt":{"rendered":"<p>La revista de negocios regional Latin Trade eligi\u00f3 a Gerardo Grajales, Vicepresidente Ejecutivo Financiero de Avianca Holdings, como Chief Financial Officer CFO del A\u00f1o 2014 en Colombia. De acuerdo con la publicaci\u00f3n, Gerardo Grajales es exaltado por su rol en la consecuci\u00f3n de algunos de los resultados financieros m\u00e1s significativos del grupo Avianca Holdings S.A. La rentabilidad operacional anual de la compa\u00f1\u00eda en 2013 fue 8.4%, mientras que el \u00edndice de la Bolsa de Valores de Colombia, Colcap, declin\u00f3 cerca de 11.9%. Los ingresos de la compa\u00f1\u00eda aumentaron un 8% durante el a\u00f1o, al pasar de USD$ 4.270 millones a&#8230;<\/p>\n","protected":false},"author":1,"featured_media":0,"comment_status":"open","ping_status":"open","sticky":false,"template":"","format":"standard","meta":{"footnotes":""},"categories":[4,84],"tags":[802,1702,206,1701],"class_list":["post-4682","post","type-post","status-publish","format-standard","hentry","category-breaking-news","category-internacionales","tag-avianca-holdings-s-a","tag-chief-financial-officer-cfo-2014","tag-colombia","tag-gerardo-grajales"],"_links":{"self":[{"href":"https:\/\/www.turistamagazine.com\/v2\/index.php?rest_route=\/wp\/v2\/posts\/4682","targetHints":{"allow":["GET"]}}],"collection":[{"href":"https:\/\/www.turistamagazine.com\/v2\/index.php?rest_route=\/wp\/v2\/posts"}],"about":[{"href":"https:\/\/www.turistamagazine.com\/v2\/index.php?rest_route=\/wp\/v2\/types\/post"}],"author":[{"embeddable":true,"href":"https:\/\/www.turistamagazine.com\/v2\/index.php?rest_route=\/wp\/v2\/users\/1"}],"replies":[{"embeddable":true,"href":"https:\/\/www.turistamagazine.com\/v2\/index.php?rest_route=%2Fwp%2Fv2%2Fcomments&post=4682"}],"version-history":[{"count":3,"href":"https:\/\/www.turistamagazine.com\/v2\/index.php?rest_route=\/wp\/v2\/posts\/4682\/revisions"}],"predecessor-version":[{"id":4686,"href":"https:\/\/www.turistamagazine.com\/v2\/index.php?rest_route=\/wp\/v2\/posts\/4682\/revisions\/4686"}],"wp:attachment":[{"href":"https:\/\/www.turistamagazine.com\/v2\/index.php?rest_route=%2Fwp%2Fv2%2Fmedia&parent=4682"}],"wp:term":[{"taxonomy":"category","embeddable":true,"href":"https:\/\/www.turistamagazine.com\/v2\/index.php?rest_route=%2Fwp%2Fv2%2Fcategories&post=4682"},{"taxonomy":"post_tag","embeddable":true,"href":"https:\/\/www.turistamagazine.com\/v2\/index.php?rest_route=%2Fwp%2Fv2%2Ftags&post=4682"}],"curies":[{"name":"wp","href":"https:\/\/api.w.org\/{rel}","templated":true}]}}