{"id":46682,"date":"2020-08-21T11:45:05","date_gmt":"2020-08-21T16:45:05","guid":{"rendered":"http:\/\/www.turistamagazine.com\/v2\/?p=46682"},"modified":"2020-08-21T11:45:05","modified_gmt":"2020-08-21T16:45:05","slug":"lufthansa-no-reanudara-vuelos-a-panama-hasta-2021","status":"publish","type":"post","link":"https:\/\/www.turistamagazine.com\/v2\/?p=46682","title":{"rendered":"LUFTHANSA NO REANUDAR\u00c1 VUELOS A PANAM\u00c1 HASTA 2021"},"content":{"rendered":"<p style=\"text-align: center;\"><span style=\"color: #800080;\"><em><strong>La aerol\u00ednea alemana Lufthansa no reanundar\u00e1 por ahora sus vuelos entre Panam\u00e1 y Frankfurt, seg\u00fan informaci\u00f3n de los itinerarios de vuelos que confirmaron fuentes de la empresa en Centroam\u00e9rica.<\/strong><\/em><\/span><\/p>\n<p><strong>21\/08\/2020\/ Panam\u00e1.- <em><span style=\"color: #333399;\">Voceros informaron al diario La Prensa que \u201cdebido a la continuaci\u00f3n de la suspensi\u00f3n de los vuelos comerciales en el Aeropuerto Internacional de Tocumen en la ciudad de Panam\u00e1 y, a la falta de demanda regional provocada por la pandemia del coronavirus, Lufthansa confirma que no reanudar\u00e1 los vuelos entre Frankfurt y ciudad de Panam\u00e1 en las semanas restantes de la temporada de verano de este a\u00f1o, ni en la pr\u00f3xima temporada de invierno de 2020-2021\u201d, que culmina a finales de marzo de 2021.<\/span><\/em><\/strong><\/p>\n<p><strong>Indicaron que aunque se abri\u00f3 el mini hub de interconexi\u00f3n a\u00e9rea controlada que permite que los pasajeros que lleguen a la terminal paname\u00f1a puedan hacer escala por un m\u00e1ximo de seis horas y seguir hacia algunos destinos; el flujo de pasajeros y la conectividad es muy baja para volver a una operaci\u00f3n regular. A eso se suma las restricciones para viajar a varios pa\u00edses de la regi\u00f3n, incluyendo Panam\u00e1 donde solo pueden ingresar nacionales y residentes con la prueba de PCR negativa de Covid-19. O las alertas en algunos pa\u00edses de la Uni\u00f3n Europe para no viajar a Panam\u00e1.<\/strong><\/p>\n<p><strong><em><span style=\"color: #333399;\">\u201cLufthansa Group continuar\u00e1 monitoreando el desarrollo del mercado y la demanda para 2021\u201d,<\/span><\/em> indicaron voceros de la compa\u00f1\u00eda al se\u00f1alar que si la situaci\u00f3n mejora volver\u00e1n a reactivar los vuelos antes. Lufthansa operaba seis vuelos semanales desde y hacia Panam\u00e1.<\/strong><\/p>\n<p><em><span style=\"color: #800080;\"><strong>\u201cLas personas que ten\u00edan boletos comprados o reservados desde y hacia Panam\u00e1 ser\u00e1n reacomodadas seg\u00fan la pol\u00edtica general de cancelaciones. Se les dar\u00e1 dentro de lo posible una nueva opci\u00f3n de viaje con aerol\u00edneas aliadas o se analizar\u00e1 caso por caso\u201d.<\/strong><\/span><\/em><\/p>\n<p><strong>Por Reyna Katiuska Hern\u00e1ndez \u2013 La Prensa<\/strong><\/p>\n","protected":false},"excerpt":{"rendered":"<p>La aerol\u00ednea alemana Lufthansa no reanundar\u00e1 por ahora sus vuelos entre Panam\u00e1 y Frankfurt, seg\u00fan informaci\u00f3n de los itinerarios de vuelos que confirmaron fuentes de la empresa en Centroam\u00e9rica. 21\/08\/2020\/ Panam\u00e1.- Voceros informaron al diario La Prensa que \u201cdebido a la continuaci\u00f3n de la suspensi\u00f3n de los vuelos comerciales en el Aeropuerto Internacional de Tocumen en la ciudad de Panam\u00e1 y, a la falta de demanda regional provocada por la pandemia del coronavirus, Lufthansa confirma que no reanudar\u00e1 los vuelos entre Frankfurt y ciudad de Panam\u00e1 en las semanas restantes de la temporada de verano de este a\u00f1o, ni en&#8230;<\/p>\n","protected":false},"author":1,"featured_media":0,"comment_status":"open","ping_status":"open","sticky":false,"template":"","format":"standard","meta":{"footnotes":""},"categories":[4,84],"tags":[9598,7471,386,1039,749,5078],"class_list":["post-46682","post","type-post","status-publish","format-standard","hentry","category-breaking-news","category-internacionales","tag-covid-19","tag-elenita-villar-asesora-de-tesis-en-turismo","tag-lufthansa","tag-panama","tag-turistamagazine","tag-ver-todos"],"_links":{"self":[{"href":"https:\/\/www.turistamagazine.com\/v2\/index.php?rest_route=\/wp\/v2\/posts\/46682","targetHints":{"allow":["GET"]}}],"collection":[{"href":"https:\/\/www.turistamagazine.com\/v2\/index.php?rest_route=\/wp\/v2\/posts"}],"about":[{"href":"https:\/\/www.turistamagazine.com\/v2\/index.php?rest_route=\/wp\/v2\/types\/post"}],"author":[{"embeddable":true,"href":"https:\/\/www.turistamagazine.com\/v2\/index.php?rest_route=\/wp\/v2\/users\/1"}],"replies":[{"embeddable":true,"href":"https:\/\/www.turistamagazine.com\/v2\/index.php?rest_route=%2Fwp%2Fv2%2Fcomments&post=46682"}],"version-history":[{"count":1,"href":"https:\/\/www.turistamagazine.com\/v2\/index.php?rest_route=\/wp\/v2\/posts\/46682\/revisions"}],"predecessor-version":[{"id":46683,"href":"https:\/\/www.turistamagazine.com\/v2\/index.php?rest_route=\/wp\/v2\/posts\/46682\/revisions\/46683"}],"wp:attachment":[{"href":"https:\/\/www.turistamagazine.com\/v2\/index.php?rest_route=%2Fwp%2Fv2%2Fmedia&parent=46682"}],"wp:term":[{"taxonomy":"category","embeddable":true,"href":"https:\/\/www.turistamagazine.com\/v2\/index.php?rest_route=%2Fwp%2Fv2%2Fcategories&post=46682"},{"taxonomy":"post_tag","embeddable":true,"href":"https:\/\/www.turistamagazine.com\/v2\/index.php?rest_route=%2Fwp%2Fv2%2Ftags&post=46682"}],"curies":[{"name":"wp","href":"https:\/\/api.w.org\/{rel}","templated":true}]}}