{"id":46657,"date":"2020-08-20T21:56:56","date_gmt":"2020-08-21T02:56:56","guid":{"rendered":"http:\/\/www.turistamagazine.com\/v2\/?p=46657"},"modified":"2020-08-20T22:00:25","modified_gmt":"2020-08-21T03:00:25","slug":"nos-escriben-30","status":"publish","type":"post","link":"https:\/\/www.turistamagazine.com\/v2\/?p=46657","title":{"rendered":"NOS ESCRIBEN&#8230;LO COMENTAN"},"content":{"rendered":"<p style=\"text-align: center;\"><em><strong><span style=\"color: #800080;\">Para Turistamagazine, es muy grato e incentivador todos los mensajes recibidos, por el sencillo pero emotivo reconocimiento que dedic\u00e1ramos \u00a0a nuestro distinguido colaborador, Dr. Antonio-Pedro\u00a0 Tejera Reyes, por su art\u00edculo colaboraci\u00f3n N\u00b0 500 de diferentes pa\u00edses, aqu\u00ed compartimos algunos de ellos.<\/span><\/strong><\/em><\/p>\n<p style=\"text-align: justify;\"><span style=\"color: #333399;\"><em><strong>Querido Antonio-Pedro Nunca es demasiado el agradecer, pues es el m\u00e1s noble de los gestos humanos, ya que amar es vivir y quien agradece ama.<\/strong><\/em><\/span><\/p>\n<p style=\"text-align: justify;\"><span style=\"color: #333399;\"><em><strong>Pero ese grupo de forjadores peruanos no solo agradecen, sino que reconocen una labor, una cooperaci\u00f3n, una constancia, un \u201caqu\u00ed estoy\u201d con el sol Inca, con la lluvia andina, en las luchas y las alegr\u00edas, sin pensar en retribuciones, pues aqu\u00ed viene la clave de todo, solo pensabas en la felicidad de dar.<\/strong><\/em><\/span><\/p>\n<p style=\"text-align: justify;\"><span style=\"color: #333399;\"><em><strong>Para ellos y para vos, mi reconocimiento y mi amistad con un fuerte abrazo! Alejandro Jos\u00e9\u00a0 Gallard Prio<\/strong><\/em><\/span><\/p>\n<p style=\"text-align: justify;\"><span style=\"color: #333399;\"><em><strong>\u00a0Buga\/Colombia<\/strong><\/em><\/span><\/p>\n<p style=\"text-align: justify;\"><strong>&#8212;&#8212;&#8212;&#8212;&#8212;&#8212;&#8212;&#8212;&#8212;&#8212;&#8212;&#8212;&#8212;&#8212;&#8212;&#8212;&#8212;&#8212;&#8212;&#8212;&#8212;&#8212;-<\/strong><\/p>\n<p style=\"text-align: justify;\"><span style=\"color: #800080;\"><em><strong>Querido amigo: Si, \u00a0muchas veces te he dicho que tus trabajos son aut\u00e9nticas lecciones para todo aquel interesado o responsable del mundo del Turismo, en el caso de los dos que me env\u00edas hoy no tengo m\u00e1s que decirte que te has superado a ti mismo con tan completos como profundos estudios, visionado un futuro que se antoja dif\u00edcil y m\u00e1s en las circunstancias actuales.\u00a0<\/strong><\/em><\/span><\/p>\n<p style=\"text-align: justify;\"><span style=\"color: #800080;\"><em><strong>Creo que tu trabajo es s\u00faper oportuno, pues ya hay voces aqu\u00ed en Tenerife que cuestionan el Turismo al ver sus problemas actuales.\u00a0<\/strong><\/em><\/span><\/p>\n<p style=\"text-align: justify;\"><span style=\"color: #800080;\"><em><strong>ENHORABUENA por tu trabajo.<\/strong><\/em><\/span><\/p>\n<p style=\"text-align: justify;\"><span style=\"color: #800080;\"><em><strong>Un fuerte abrazo.\u00a0<\/strong><\/em><\/span><\/p>\n<p style=\"text-align: justify;\"><span style=\"color: #800080;\"><em><strong>Juan Alfredo Amig\u00f3<\/strong><\/em><\/span><\/p>\n<p style=\"text-align: justify;\"><span style=\"color: #800080;\"><em><strong>\u00a0Tenerife- Islas Canarias<\/strong><\/em><\/span><\/p>\n<p style=\"text-align: justify;\"><em><strong>&#8212;&#8212;&#8212;&#8212;&#8212;&#8212;&#8212;&#8212;&#8212;&#8212;&#8212;&#8212;&#8212;&#8212;&#8212;&#8212;&#8212;&#8212;&#8212;&#8212;-<\/strong><\/em><\/p>\n<p style=\"text-align: justify;\"><span style=\"color: #333399;\"><em><strong>Felicitaciones a quienes logran estos triunfos en momentos que en el resto del mundo se encuentran esperando lo que pueda acontecer\u00a0pasado ma\u00f1ana, magnifico art\u00edculo, en hora buena.<\/strong><\/em><\/span><\/p>\n<p style=\"text-align: justify;\"><span style=\"color: #333399;\"><em><strong>Es estos momentos de pandemia, el turismo en Cusco se encuentra herido de muerte, ojala todo vuelva a la normalidad aunque sea medianamente, esperamos vuestra visita para tomar buenos rumbos,<\/strong><\/em><\/span><\/p>\n<p style=\"text-align: justify;\"><span style=\"color: #333399;\"><em><strong>Un cordial abrazo<\/strong><\/em><\/span><\/p>\n<p style=\"text-align: justify;\"><span style=\"color: #333399;\"><em><strong>Fedor Rubatto<\/strong><\/em><\/span><\/p>\n<p style=\"text-align: justify;\"><span style=\"color: #333399;\"><em><strong>Cusco\/Per\u00fa<\/strong><\/em><\/span><\/p>\n<p style=\"text-align: justify;\"><em><strong>&#8212;&#8212;&#8212;&#8212;&#8212;&#8212;&#8212;&#8212;&#8212;&#8212;&#8212;&#8212;&#8212;&#8212;-<\/strong><\/em><\/p>\n<p style=\"text-align: justify;\"><span style=\"color: #800080;\"><em><strong>SER AGRADECIDO ES DE BIEN NACIDO: COLABORACI\u00d3N N\u00b0 500<\/strong><\/em><\/span><\/p>\n<p style=\"text-align: justify;\"><span style=\"color: #800080;\"><em><strong>Publicado en Turistamagazine<\/strong><\/em><\/span><\/p>\n<p style=\"text-align: justify;\"><span style=\"color: #800080;\"><em><strong>FELICIDAD EN TIEMPOS DE GUERRA<\/strong><\/em><\/span><\/p>\n<p style=\"text-align: justify;\"><span style=\"color: #800080;\"><em><strong>\u00a1Cu\u00e1nto me alegro de este reconocimiento p\u00fablico!, del todo merecido, mi querido amigo, tantos a\u00f1os (toda nuestra vida), sin decaer nuestra firme amistad; por ello me siento contento como si fuera para mi este \u201cgalard\u00f3n \u201c. Siempre adelante.<\/strong><\/em><\/span><\/p>\n<p style=\"text-align: justify;\"><span style=\"color: #800080;\"><em><strong>Un fuerte abrazo.\u00a0<\/strong><\/em><\/span><\/p>\n<p style=\"text-align: justify;\"><span style=\"color: #800080;\"><em><strong>Gabriel \u00a0Morales<\/strong><\/em><\/span><\/p>\n<p style=\"text-align: justify;\"><span style=\"color: #800080;\"><em><strong>Islas Canarias<\/strong><\/em><\/span><\/p>\n<p style=\"text-align: justify;\"><em><strong>&#8212;&#8212;&#8212;&#8212;&#8212;&#8212;&#8212;&#8212;&#8212;&#8212;&#8212;&#8212;&#8212;&#8212;&#8212;&#8212;&#8212;<\/strong><\/em><\/p>\n<p style=\"text-align: justify;\"><span style=\"color: #333399;\"><em><strong>Mis m\u00e1s caras felicitaciones por ese extraordinario logro, Dr. y amigo Antonio Tejera-Reyes: No es f\u00e1cil escribir 500 art\u00edculos en un medio de comunicaci\u00f3n, con diferentes tem\u00e1ticas para no repetir. Eso es solamente logro de sabios.<\/strong><\/em><\/span><\/p>\n<p style=\"text-align: justify;\"><span style=\"color: #333399;\"><em><strong>\u00a0ATTE.\u00a0<\/strong><\/em><\/span><\/p>\n<p style=\"text-align: justify;\"><span style=\"color: #333399;\"><em><strong>Bol\u00edvar Troncoso Morales.\u00a0<\/strong><\/em><\/span><\/p>\n<p style=\"text-align: justify;\"><span style=\"color: #333399;\"><em><strong>Rep\u00fablica Dominicana<\/strong><\/em><\/span><\/p>\n<p style=\"text-align: justify;\"><em><strong>&#8212;&#8212;&#8212;&#8212;&#8212;&#8212;&#8212;&#8212;&#8212;&#8212;&#8212;&#8212;&#8212;&#8212;&#8212;&#8212;&#8212;&#8212;&#8212;<\/strong><\/em><\/p>\n<p style=\"text-align: justify;\"><span style=\"color: #800080;\"><em><strong>SER AGRADECIDO ES DE BIEN NACIDO: COLABORACI\u00d3N N\u00b0 500<\/strong><\/em><\/span><\/p>\n<p style=\"text-align: justify;\"><span style=\"color: #800080;\"><em><strong>Gracias a Dios que a\u00fan existen Docentes que no mueren que no se retiran que aun prosiguen dando lo mejor de s\u00ed y que en ese batallar participan con lo mejor de lo mejor.<\/strong><\/em><\/span><\/p>\n<p style=\"text-align: justify;\"><span style=\"color: #800080;\"><em><strong>\u00a0Al Dr. Antonio Pedro Tejera Reyes mis reconocimientos y ese valor civil por darnos el aliento para aquellos quienes hemos escogido esta interesante Profesi\u00f3n. Larga Vida para este Gran Se\u00f1or. Dios le bendiga y le de esa iluminaci\u00f3n para plasmar palabras y recuerdos de todas sus andaduras por el Globo terraqueo.<\/strong><\/em><\/span><\/p>\n<p style=\"text-align: justify;\"><span style=\"color: #800080;\"><em><strong>Manuel Antol\u00ednez Villarreal.<\/strong><\/em><\/span><\/p>\n<p style=\"text-align: justify;\"><span style=\"color: #800080;\"><em><strong>Santander\/Colombia<\/strong><\/em><\/span><\/p>\n<p style=\"text-align: justify;\">&#8212;&#8212;&#8212;&#8212;&#8212;&#8212;&#8212;&#8212;&#8212;&#8212;&#8212;&#8212;&#8212;&#8212;&#8212;&#8212;&#8212;&#8212;&#8212;&#8212;&#8212;&#8212;&#8212;&#8211;<\/p>\n<p style=\"text-align: justify;\"><span style=\"color: #333399;\"><em><strong>QUERIDO ANTONIO-PEDRO<\/strong><\/em><\/span><\/p>\n<p style=\"text-align: justify;\"><span style=\"color: #333399;\"><em><strong>Mi FELICITACION por tu ingente trabajo y labor durante tantos a\u00f1os. Hasta pronto. Un abrazo y a por los otros 500 !!!!!!<\/strong><\/em><\/span><\/p>\n<p style=\"text-align: justify;\"><span style=\"color: #333399;\"><em><strong>Me alegra\u00a0 mucho ese reconocimiento y te felicito por esa c\u00faspide de 500 art\u00edculos publicados, aunque ya mi admiraci\u00f3n vengo expres\u00e1ndotela cada vez que tengo la suerte de leerte uno de ellos.<\/strong><\/em><\/span><\/p>\n<p style=\"text-align: justify;\"><span style=\"color: #333399;\"><em><strong>Gracias por esos art\u00edculos tan elaborados y bien ilustrados. Vamos a ver si alguien aprovecha tus ense\u00f1anzas, que buena falta har\u00eda ante la tragedia mundial que se preludia.<\/strong><\/em><\/span><\/p>\n<p style=\"text-align: justify;\"><span style=\"color: #333399;\"><em><strong>Un fuerte abrazo.<\/strong><\/em><\/span><\/p>\n<p style=\"text-align: justify;\"><span style=\"color: #333399;\"><em><strong>Miguel \u00c1ngel Garc\u00eda Brera<\/strong><\/em><\/span><\/p>\n<p style=\"text-align: justify;\"><span style=\"color: #800080;\"><em><strong>\u00a0<span style=\"color: #333399;\">Madrid- Espa\u00f1a.<\/span><\/strong><\/em><\/span><\/p>\n<p style=\"text-align: justify;\"><em><strong>&#8212;&#8212;&#8212;&#8212;&#8212;&#8212;&#8212;&#8212;&#8212;&#8212;&#8212;&#8212;&#8212;&#8212;&#8212;-<\/strong><\/em><\/p>\n<p style=\"text-align: justify;\"><span style=\"color: #800080;\"><em><strong>Buenos d\u00edas Antonio , muy contento de tu impresionante trayectoria en el mundo tur\u00edstico , ahora \u00a0a por otros 500 .<\/strong><\/em><\/span><\/p>\n<p style=\"text-align: justify;\"><span style=\"color: #800080;\"><em><strong>Un abrazo.<\/strong><\/em><\/span><\/p>\n<p style=\"text-align: justify;\"><span style=\"color: #800080;\"><em><strong>Jose Fernando Cabrera .<\/strong><\/em><\/span><\/p>\n<p style=\"text-align: justify;\"><span style=\"color: #800080;\"><em><strong>Enviado desde mi iPad ( En alg\u00fan lugar del mundo)<\/strong><\/em><\/span><\/p>\n<p style=\"text-align: justify;\">&#8212;&#8212;&#8212;&#8212;&#8212;&#8212;&#8212;&#8212;&#8212;&#8212;&#8212;&#8212;&#8212;&#8212;&#8212;&#8212;&#8212;&#8212;&#8212;&#8212;&#8212;&#8212;&#8212;&#8212;&#8212;-<\/p>\n<p style=\"text-align: justify;\"><span style=\"color: #333399;\"><em><strong>Sr Tejera, \u00a1Qu\u00e9 maravilla que le den tan merecido reconocimiento! u es un hombre ejemplar que merece respeto y admiraci\u00f3n por cada una de sus acciones.<\/strong><\/em><\/span><\/p>\n<p style=\"text-align: justify;\"><span style=\"color: #333399;\"><em><strong>\u00a1Felicidades, enhorabuena!\u00a0<\/strong><\/em><\/span><\/p>\n<p style=\"text-align: justify;\"><span style=\"color: #333399;\"><em><strong>Veronica Nu\u00f1ez<\/strong><\/em><\/span><\/p>\n<p style=\"text-align: justify;\"><span style=\"color: #333399;\"><b><i>M\u00e9xico<\/i><\/b><\/span><\/p>\n<hr \/>\n<p><span style=\"color: #800080;\"><em><strong>Mil gracias a todos<\/strong><\/em><\/span><\/p>\n<p><span style=\"color: #800080;\"><em><strong>La Direcci\u00f3n<\/strong><\/em><\/span><\/p>\n<p style=\"text-align: justify;\">\n","protected":false},"excerpt":{"rendered":"<p>Para Turistamagazine, es muy grato e incentivador todos los mensajes recibidos, por el sencillo pero emotivo reconocimiento que dedic\u00e1ramos \u00a0a nuestro distinguido colaborador, Dr. Antonio-Pedro\u00a0 Tejera Reyes, por su art\u00edculo colaboraci\u00f3n N\u00b0 500 de diferentes pa\u00edses, aqu\u00ed compartimos algunos de ellos. Querido Antonio-Pedro Nunca es demasiado el agradecer, pues es el m\u00e1s noble de los gestos humanos, ya que amar es vivir y quien agradece ama. Pero ese grupo de forjadores peruanos no solo agradecen, sino que reconocen una labor, una cooperaci\u00f3n, una constancia, un \u201caqu\u00ed estoy\u201d con el sol Inca, con la lluvia andina, en las luchas y las&#8230;<\/p>\n","protected":false},"author":1,"featured_media":0,"comment_status":"open","ping_status":"open","sticky":false,"template":"","format":"standard","meta":{"footnotes":""},"categories":[97],"tags":[284,7471,340,749],"class_list":["post-46657","post","type-post","status-publish","format-standard","hentry","category-nos-escriben","tag-antonio-pedro-tejera-reyes","tag-elenita-villar-asesora-de-tesis-en-turismo","tag-peru","tag-turistamagazine"],"_links":{"self":[{"href":"https:\/\/www.turistamagazine.com\/v2\/index.php?rest_route=\/wp\/v2\/posts\/46657","targetHints":{"allow":["GET"]}}],"collection":[{"href":"https:\/\/www.turistamagazine.com\/v2\/index.php?rest_route=\/wp\/v2\/posts"}],"about":[{"href":"https:\/\/www.turistamagazine.com\/v2\/index.php?rest_route=\/wp\/v2\/types\/post"}],"author":[{"embeddable":true,"href":"https:\/\/www.turistamagazine.com\/v2\/index.php?rest_route=\/wp\/v2\/users\/1"}],"replies":[{"embeddable":true,"href":"https:\/\/www.turistamagazine.com\/v2\/index.php?rest_route=%2Fwp%2Fv2%2Fcomments&post=46657"}],"version-history":[{"count":4,"href":"https:\/\/www.turistamagazine.com\/v2\/index.php?rest_route=\/wp\/v2\/posts\/46657\/revisions"}],"predecessor-version":[{"id":46661,"href":"https:\/\/www.turistamagazine.com\/v2\/index.php?rest_route=\/wp\/v2\/posts\/46657\/revisions\/46661"}],"wp:attachment":[{"href":"https:\/\/www.turistamagazine.com\/v2\/index.php?rest_route=%2Fwp%2Fv2%2Fmedia&parent=46657"}],"wp:term":[{"taxonomy":"category","embeddable":true,"href":"https:\/\/www.turistamagazine.com\/v2\/index.php?rest_route=%2Fwp%2Fv2%2Fcategories&post=46657"},{"taxonomy":"post_tag","embeddable":true,"href":"https:\/\/www.turistamagazine.com\/v2\/index.php?rest_route=%2Fwp%2Fv2%2Ftags&post=46657"}],"curies":[{"name":"wp","href":"https:\/\/api.w.org\/{rel}","templated":true}]}}