{"id":46654,"date":"2020-08-20T20:49:23","date_gmt":"2020-08-21T01:49:23","guid":{"rendered":"http:\/\/www.turistamagazine.com\/v2\/?p=46654"},"modified":"2020-08-20T20:49:23","modified_gmt":"2020-08-21T01:49:23","slug":"conversando-con-fernando-valencia-herena-expresidente-de-agotur-de-una-realidad-covid-19","status":"publish","type":"post","link":"https:\/\/www.turistamagazine.com\/v2\/?p=46654","title":{"rendered":"CONVERSANDO CON FERNANDO VALENCIA HERE\u00d1A EXPRESIDENTE DE AGOTUR DE UNA REALIDAD:\u00a0 COVID-19"},"content":{"rendered":"<p><span style=\"color: #800080;\"><strong>1 .- \u00bfQui\u00e9n es Fernando Valencia?\u00a0<\/strong><\/span><\/p>\n<p style=\"text-align: justify;\"><em><span style=\"color: #333399;\"><strong>Soy un entusiasta y muy flexible\u00a0Gu\u00eda Oficial de Turismo y Tour L\u00edder Independiente con m\u00e1s de 20 a\u00f1os de experiencia laboral organizando, dirigiendo, acompa\u00f1ando y guiando\u00a0diversos grupos de familias extranjeras por todo el Per\u00fa. He sido presidente de la Asociaci\u00f3n de la Asociaci\u00f3n de Gu\u00edas de Turismo &#8211; AGOTUR Lima del a\u00f1o 2017 al 2019, periodo en el que represente a la AGOTUR como miembro del Consejo Directivo de la C\u00e1mara Nacional de Turismo &#8211; CANATUR y miembro de la Federaci\u00f3n Nacional de Gu\u00edas Oficiales de Turismo del Per\u00fa &#8211; FENAGUITURP.\u00a0<\/strong><\/span><\/em><\/p>\n<p style=\"text-align: justify;\"><span style=\"color: #800080;\"><strong>2.- \u00bfCuantos a\u00f1os de fundado tiene AGOTUR?\u00a0<\/strong><\/span><\/p>\n<p style=\"text-align: justify;\"><em><span style=\"color: #333399;\"><strong>La AGOTUR es la Asociaci\u00f3n m\u00e1s antigua de Latino Am\u00e9rica fundada en el a\u00f1o de 1940, este a\u00f1o cumplimos 80 a\u00f1os de fundaci\u00f3n.\u00a0\u00a0<\/strong><\/span><\/em><\/p>\n<p style=\"text-align: justify;\"><strong>3<em><span style=\"color: #800080;\">.- \u00bfFernando que me puedes contar de la situaci\u00f3n de los gu\u00edas de turismo en este momento de pandemia?\u00a0<\/span><\/em><\/strong><\/p>\n<p style=\"text-align: justify;\"><em><span style=\"color: #333399;\"><strong>La situaci\u00f3n actual es de una enorme preocupaci\u00f3n e incertidumbre por la situaci\u00f3n que atraviesan las personas, la cual afecta al desarrollo de la actividad tur\u00edstica en el \u00e1mbito mundial, encontr\u00e1ndonos en estos momentos desempleados, ya sea como trabajador dependiente de una empresa, as\u00ed como prestadores independientes de servicios tur\u00edsticos. No tenemos en estos momentos actividad alguna, oblig\u00e1ndonos a tener que buscar otras opciones de empleo, lo cual nos es dif\u00edcil encontrar al no contar con los recursos suficientes para crear un nuevo emprendimiento que sea viable y nos permita generar ingresos para cubrir nuestros gastos fijos mensuales como jefes o cabeza de familia. No tenemos idea real de cu\u00e1nto tiempo se va a prolongar \u00a0esta situaci\u00f3n y hasta d\u00f3nde llegar\u00e1 la crisis econ\u00f3mica. A la vez no contamos con un apoyo por parte del gobierno, debido a que todo rescate o ayuda est\u00e1 siendo dirigido a las personas en estado de vulnerabilidad por vivir antes de la pandemia en estado de pobreza o a las empresas y no a los prestadores de servicios independientes que no contamos con un negocio constituido.\u00a0<\/strong><\/span><\/em><\/p>\n<p style=\"text-align: justify;\"><span style=\"color: #800080;\"><strong>4.-\u00a0\u00bfCu\u00e9ntame\u00a0que\u00a0proyectos se han frustrado con la ca\u00edda total del turismo en nuestro pa\u00eds?\u00a0<\/strong><\/span><\/p>\n<p style=\"text-align: justify;\"><em><span style=\"color: #333399;\"><strong>Todos. En este momento nadie invierte, vende o produce en el sector turismo.\u00a0<\/strong><\/span><\/em><\/p>\n<p style=\"text-align: justify;\"><em><span style=\"color: #333399;\"><strong>Es muy arriesgado apostar si no tenemos a quienes vender, hay que esperar primero que la ola de contagios, los enfermos sean controlada, para reducir el n\u00famero de personas fallecidas, reci\u00e9n \u00a0hablaremos de zonas seguras en cualquier parte. Existe el temor a los rebrotes y eso lleva a crear resistencias a los viajes.<\/strong><\/span><\/em><\/p>\n<p style=\"text-align: justify;\"><em><span style=\"color: #333399;\"><strong>No obstante, \u00a0en un futuro cercano podemos hablar \u00a0de las actividades que ya ten\u00edamos programadas para la celebraci\u00f3n del Bicentenario de la Independencia del Per\u00fa para el a\u00f1o 2021, el cual se puede perder en su totalidad, ya que\u00a0 estaremos en un a\u00f1o electoral con cambio de mando presidencial, crisis econ\u00f3mica, pol\u00edtica y otros factores como la pandemia si es que no se act\u00faa con previsi\u00f3n y apostando a que esa podr\u00eda ser una oportunidad para \u00a0la reapertura y promocionar las actividades tur\u00edsticas con fuerza.<\/strong><\/span><\/em><\/p>\n<p style=\"text-align: justify;\"><em><span style=\"color: #333399;\"><strong>Pensamos que \u00a0es donde se deber\u00eda de canalizar las mejoras e implementaciones de las infraestructuras tur\u00edsticas generando inversi\u00f3n interna.\u00a0<\/strong><\/span><\/em><\/p>\n<p style=\"text-align: justify;\"><span style=\"color: #800080;\"><strong>5.- Cuales crees que ser\u00edan las medidas a adoptar para salir de esta crisis tur\u00edstica teniendo en cuenta que no estamos solos en el mundo y que todos los pa\u00edses desarrollado o no, emprender\u00e1n campa\u00f1as muy agresivas o sugestivas de promoci\u00f3n para ser parte de la torta de los 1,400\u00a0millones de turistas que circularon por el mundo en el 2019.<\/strong><\/span><\/p>\n<p style=\"text-align: justify;\"><em><span style=\"color: #333399;\"><strong>Las medidas primar\u00edas deben ser la de garantizar la salud, que los hospitales o cl\u00ednicas no se encuentren sobrepasados en su capacidad de atenci\u00f3n, si en alg\u00fan momento un visitante for\u00e1neo requiriese de asistencia se le pueda garantizar atenci\u00f3n. Eso ya es bastante.<\/strong><\/span><\/em><\/p>\n<p style=\"text-align: justify;\"><em><span style=\"color: #333399;\"><strong>Otra es poder lograr trabajar juntos como un solo equipo todos los actores de la industria tur\u00edstica para apoyarnos, dejando nuestras propias diferencias a un lado.<\/strong><\/span><\/em><\/p>\n<p style=\"text-align: justify;\"><em><span style=\"color: #333399;\"><strong>\u00a0De \u00a0parte del gobierno un respaldo financiero y desarrollar un programa de cultura tur\u00edstica dirigido al ciudadano peruano para que comprenda que significa hacer realmente turismo en su propio pa\u00eds y cuanto de hacer turismo interno lo beneficia, no s\u00f3lo en lo recreacional, hablamos de salud, econom\u00eda y de la mejora de todas las industrias, al generar un mayor consumo de su propia producci\u00f3n, esto les permite garantizar sus propios empleos.\u00a0<\/strong><\/span><\/em><\/p>\n<p style=\"text-align: justify;\"><span style=\"color: #800080;\"><strong>\u00bfLos Gu\u00edas de turismo est\u00e1n contemplados en alg\u00fan programa de ayuda al turismo del gobierno?\u00a0<\/strong><\/span><\/p>\n<p style=\"text-align: justify;\"><em><span style=\"color: #333399;\"><strong>Los gu\u00edas de Turismo supuestamente estamos contemplados en programas de ayuda del gobierno como Turismo Emprende o FAE TURISMO, pero en la realidad no los estamos, solo se nos menciona, debido a que las condiciones o las bases que estos programas contemplan para acceder a ellos hacen imposible que nosotros seamos realmente beneficiarios de los mismos. En el caso de Turismo Emprende, un requisito es contar con un local propio o rentado, lo que le hace imposible a un gu\u00eda en este momento el tomar un arriendo o mantener un local si no hay actividad tur\u00edstica. En el caso de FAE Turismo es para apoyo a MYPES, PYMES o persona natural con negocio que existiera antes de la pandemia, Los gu\u00edas en su gran mayor\u00eda no cuentan con un negocio, \u201cprestamos servicios como personas naturales\u201d que emitimos recibos por honorarios con renta de 4ta. Categor\u00eda, poseemos registro de contribuyente, pero con n\u00famero 10, y lo que te exigen es que factures con registro de contribuyente con n\u00famero 20 que es de negocio.<\/strong><\/span><\/em><\/p>\n<p style=\"text-align: justify;\"><strong>\u00a0<em><span style=\"color: #800080;\">Lo que requerimos realmente los gu\u00edas de turismo es de un cr\u00e9dito que nos permita iniciar y\/o constituirnos como empresa desde cero, para invertir en una actividad creadora o generadora de ingresos a corto y mediano plazo en alguna actividad que no sea turismo, Eso no hay.\u00a0<\/span><\/em><\/strong><\/p>\n<p style=\"text-align: justify;\"><em><span style=\"color: #800080;\"><strong>Gracias por todo y quedo de usted a cualquier consulta o coordinaci\u00f3n que desee.<\/strong><\/span><\/em><\/p>\n<p style=\"text-align: justify;\"><strong>*Profesional en Turismo<\/strong><\/p>\n<p style=\"text-align: justify;\"><strong>Gu\u00eda Oficial de Turismo<\/strong><\/p>\n<p><strong>Carn\u00e9 MINCETUR N\u00b0084<\/strong><\/p>\n<p><strong>Asociado AGOTUR Lima<\/strong><\/p>\n<p><strong>Tlf. +51 3329188 Casa<\/strong><\/p>\n<p><strong>Cel. +51 993526847 RPC Claro<\/strong><\/p>\n<p><strong>Redacci\u00f3n Turistamagazine<\/strong><\/p>\n","protected":false},"excerpt":{"rendered":"<p>1 .- \u00bfQui\u00e9n es Fernando Valencia?\u00a0 Soy un entusiasta y muy flexible\u00a0Gu\u00eda Oficial de Turismo y Tour L\u00edder Independiente con m\u00e1s de 20 a\u00f1os de experiencia laboral organizando, dirigiendo, acompa\u00f1ando y guiando\u00a0diversos grupos de familias extranjeras por todo el Per\u00fa. He sido presidente de la Asociaci\u00f3n de la Asociaci\u00f3n de Gu\u00edas de Turismo &#8211; AGOTUR Lima del a\u00f1o 2017 al 2019, periodo en el que represente a la AGOTUR como miembro del Consejo Directivo de la C\u00e1mara Nacional de Turismo &#8211; CANATUR y miembro de la Federaci\u00f3n Nacional de Gu\u00edas Oficiales de Turismo del Per\u00fa &#8211; FENAGUITURP.\u00a0 2.- \u00bfCuantos a\u00f1os&#8230;<\/p>\n","protected":false},"author":1,"featured_media":46655,"comment_status":"open","ping_status":"open","sticky":false,"template":"","format":"standard","meta":{"footnotes":""},"categories":[87],"tags":[1566,7471,10186,330,749],"class_list":["post-46654","post","type-post","status-publish","format-standard","has-post-thumbnail","hentry","category-actualidad","tag-agotur","tag-elenita-villar-asesora-de-tesis-en-turismo","tag-fernando-valencia-herena","tag-turismo-en-el-peru","tag-turistamagazine"],"_links":{"self":[{"href":"https:\/\/www.turistamagazine.com\/v2\/index.php?rest_route=\/wp\/v2\/posts\/46654","targetHints":{"allow":["GET"]}}],"collection":[{"href":"https:\/\/www.turistamagazine.com\/v2\/index.php?rest_route=\/wp\/v2\/posts"}],"about":[{"href":"https:\/\/www.turistamagazine.com\/v2\/index.php?rest_route=\/wp\/v2\/types\/post"}],"author":[{"embeddable":true,"href":"https:\/\/www.turistamagazine.com\/v2\/index.php?rest_route=\/wp\/v2\/users\/1"}],"replies":[{"embeddable":true,"href":"https:\/\/www.turistamagazine.com\/v2\/index.php?rest_route=%2Fwp%2Fv2%2Fcomments&post=46654"}],"version-history":[{"count":1,"href":"https:\/\/www.turistamagazine.com\/v2\/index.php?rest_route=\/wp\/v2\/posts\/46654\/revisions"}],"predecessor-version":[{"id":46656,"href":"https:\/\/www.turistamagazine.com\/v2\/index.php?rest_route=\/wp\/v2\/posts\/46654\/revisions\/46656"}],"wp:featuredmedia":[{"embeddable":true,"href":"https:\/\/www.turistamagazine.com\/v2\/index.php?rest_route=\/wp\/v2\/media\/46655"}],"wp:attachment":[{"href":"https:\/\/www.turistamagazine.com\/v2\/index.php?rest_route=%2Fwp%2Fv2%2Fmedia&parent=46654"}],"wp:term":[{"taxonomy":"category","embeddable":true,"href":"https:\/\/www.turistamagazine.com\/v2\/index.php?rest_route=%2Fwp%2Fv2%2Fcategories&post=46654"},{"taxonomy":"post_tag","embeddable":true,"href":"https:\/\/www.turistamagazine.com\/v2\/index.php?rest_route=%2Fwp%2Fv2%2Ftags&post=46654"}],"curies":[{"name":"wp","href":"https:\/\/api.w.org\/{rel}","templated":true}]}}