{"id":46638,"date":"2020-08-20T10:15:46","date_gmt":"2020-08-20T15:15:46","guid":{"rendered":"http:\/\/www.turistamagazine.com\/v2\/?p=46638"},"modified":"2020-08-20T10:15:46","modified_gmt":"2020-08-20T15:15:46","slug":"reinicio-de-vuelos-internacionales-en-el-peru-sera-solo-para-casos-de-extrema-necesidad","status":"publish","type":"post","link":"https:\/\/www.turistamagazine.com\/v2\/?p=46638","title":{"rendered":"REINICIO DE VUELOS INTERNACIONALES EN EL PER\u00da SER\u00c1 SOLO PARA CASOS DE EXTREMA NECESIDAD"},"content":{"rendered":"<p style=\"text-align: center;\"><em><span style=\"color: #800080;\"><strong>El ministro de Transportes y Comunicaciones, Carlos Estremadoyro, indic\u00f3 que la reapertura de vuelos internacionales en el Per\u00fa ser\u00e1 solo para casos de extrema necesidad.<\/strong><\/span><\/em><\/p>\n<p><strong>20\/08\/2020\/ <em><span style=\"color: #800080;\">\u201cPosiblemente vayamos a abrir en un periodo corto los vuelos internacionales, pero solo se va a mover ese peque\u00f1o porcentaje que tiene que viajar por una extrema necesidad\u201d,<\/span> <\/em>afirm\u00f3 en Andina Canal Online.<\/strong><\/p>\n<p><strong>Precis\u00f3 que este tipo de viajes autorizados ser\u00e1n por motivos de salud, trabajo o estudios.<\/strong><\/p>\n<p><strong>\u201cSin embargo no es un vuelo comercial netamente hablando\u201d, subray\u00f3.<\/strong><\/p>\n<p><strong>Refiri\u00f3 que estos vuelos ser\u00e1n gestionados y organizados a trav\u00e9s de la Canciller\u00eda, coordinando con las embajadas del Per\u00fa y sus pares en los pa\u00edses donde se encuentran ubicadas.<\/strong><\/p>\n<p><strong>Mayor control<\/strong><\/p>\n<p><strong>Tambi\u00e9n anticip\u00f3 que tras estos vuelos internacionales de necesidad extrema se pasar\u00e1 a tener vuelos con mayores controles.<\/strong><\/p>\n<p><strong><span style=\"color: #800080;\"><em>\u201cEn un momento vamos a migrar a un sistema de vuelos controlados\u201d,<\/em> <\/span>agreg\u00f3.<\/strong><\/p>\n<p><strong>En ese sentido, se\u00f1al\u00f3 que tendr\u00e1n que aumentarse los requisitos y controles sanitarios, tanto para las personas que salen del pa\u00eds como para los que llegasen del extranjero.<\/strong><\/p>\n<p><strong><em><span style=\"color: #800080;\">\u201cTenemos que asegurarnos que las personas que suban a esos aviones sean sanas y cuando vengan ac\u00e1 vuelvan a pasar una prueba que les de la seguridad que son personas sanas antes que salgan a la calle\u201d<\/span>,<\/em> explic\u00f3.<\/strong><\/p>\n<p><strong>Refiri\u00f3 que se tendr\u00edan que aplicar pruebas moleculares para esta finalidad.<\/strong><\/p>\n<p><strong>Asimismo, indic\u00f3 que se flexibilizar\u00e1n las restricciones a los vuelos internacionales cuando se disminuya la cantidad de contagios y la capacidad sanitaria del pa\u00eds sea m\u00e1s holgada para atender a los pacientes.<\/strong><\/p>\n<p><span style=\"color: #800080;\"><strong>En ese sentido, dijo que los vuelos por razones tur\u00edsticas se ir\u00e1n reiniciando progresivamente conforme mejoren las condiciones sanitarias ante la pandemia del coronavirus, covid-19<\/strong>.<\/span><\/p>\n","protected":false},"excerpt":{"rendered":"<p>El ministro de Transportes y Comunicaciones, Carlos Estremadoyro, indic\u00f3 que la reapertura de vuelos internacionales en el Per\u00fa ser\u00e1 solo para casos de extrema necesidad. 20\/08\/2020\/ \u201cPosiblemente vayamos a abrir en un periodo corto los vuelos internacionales, pero solo se va a mover ese peque\u00f1o porcentaje que tiene que viajar por una extrema necesidad\u201d, afirm\u00f3 en Andina Canal Online. Precis\u00f3 que este tipo de viajes autorizados ser\u00e1n por motivos de salud, trabajo o estudios. \u201cSin embargo no es un vuelo comercial netamente hablando\u201d, subray\u00f3. Refiri\u00f3 que estos vuelos ser\u00e1n gestionados y organizados a trav\u00e9s de la Canciller\u00eda, coordinando con las&#8230;<\/p>\n","protected":false},"author":1,"featured_media":39007,"comment_status":"open","ping_status":"open","sticky":false,"template":"","format":"standard","meta":{"footnotes":""},"categories":[4,82],"tags":[166,9598,10182,749],"class_list":["post-46638","post","type-post","status-publish","format-standard","has-post-thumbnail","hentry","category-breaking-news","category-nacionales","tag-aeropuerto-internacional-jorge-chavez","tag-covid-19","tag-reinicio-de-vuelos-internacionales-en-el-peru","tag-turistamagazine"],"_links":{"self":[{"href":"https:\/\/www.turistamagazine.com\/v2\/index.php?rest_route=\/wp\/v2\/posts\/46638","targetHints":{"allow":["GET"]}}],"collection":[{"href":"https:\/\/www.turistamagazine.com\/v2\/index.php?rest_route=\/wp\/v2\/posts"}],"about":[{"href":"https:\/\/www.turistamagazine.com\/v2\/index.php?rest_route=\/wp\/v2\/types\/post"}],"author":[{"embeddable":true,"href":"https:\/\/www.turistamagazine.com\/v2\/index.php?rest_route=\/wp\/v2\/users\/1"}],"replies":[{"embeddable":true,"href":"https:\/\/www.turistamagazine.com\/v2\/index.php?rest_route=%2Fwp%2Fv2%2Fcomments&post=46638"}],"version-history":[{"count":1,"href":"https:\/\/www.turistamagazine.com\/v2\/index.php?rest_route=\/wp\/v2\/posts\/46638\/revisions"}],"predecessor-version":[{"id":46639,"href":"https:\/\/www.turistamagazine.com\/v2\/index.php?rest_route=\/wp\/v2\/posts\/46638\/revisions\/46639"}],"wp:featuredmedia":[{"embeddable":true,"href":"https:\/\/www.turistamagazine.com\/v2\/index.php?rest_route=\/wp\/v2\/media\/39007"}],"wp:attachment":[{"href":"https:\/\/www.turistamagazine.com\/v2\/index.php?rest_route=%2Fwp%2Fv2%2Fmedia&parent=46638"}],"wp:term":[{"taxonomy":"category","embeddable":true,"href":"https:\/\/www.turistamagazine.com\/v2\/index.php?rest_route=%2Fwp%2Fv2%2Fcategories&post=46638"},{"taxonomy":"post_tag","embeddable":true,"href":"https:\/\/www.turistamagazine.com\/v2\/index.php?rest_route=%2Fwp%2Fv2%2Ftags&post=46638"}],"curies":[{"name":"wp","href":"https:\/\/api.w.org\/{rel}","templated":true}]}}