{"id":46625,"date":"2020-08-19T18:29:13","date_gmt":"2020-08-19T23:29:13","guid":{"rendered":"http:\/\/www.turistamagazine.com\/v2\/?p=46625"},"modified":"2020-08-20T10:24:25","modified_gmt":"2020-08-20T15:24:25","slug":"el-desarrollo-turistico-de-un-pais-iii","status":"publish","type":"post","link":"https:\/\/www.turistamagazine.com\/v2\/?p=46625","title":{"rendered":"EL DESARROLLO TUR\u00cdSTICO\u00a0DE UN PAIS (III)"},"content":{"rendered":"<p style=\"text-align: center;\"><em><span style=\"color: #800080;\">Una impresionante imagen de las Cataratas de Iguaz\u00fa, en la frontera de Brasil, Argentina y Paraguay, uno de los recursos tur\u00edsticos Naturales, de Am\u00e9rica del Sur<\/span><\/em><\/p>\n<p><em><span style=\"color: #333399;\"><strong>\u201cNing\u00fan pa\u00eds del mundo podr\u00e1 desarrollarse debidamente en su entorno socio-econ\u00f3mico, sin adecuarse a la estructura sociol\u00f3gica que ha motivado el movimiento de personas en el mundo: el turismo\u201d<\/strong><\/span><\/em><\/p>\n<p style=\"text-align: center;\"><span style=\"color: #800080;\"><strong>M\u00c1S QUE UNA EVIDENTE NECESIDAD<\/strong><\/span><\/p>\n<p>\u00a0<strong>Por. Antonio-Pedro Tejera Reyes*<\/strong><\/p>\n<p style=\"text-align: center;\"><strong><span style=\"color: #333399;\"> SERIOS ANTECEDENTES<\/span><\/strong><\/p>\n<p style=\"text-align: justify;\">S<strong>iguiendo con las l\u00edneas generales de nuestras dos publicaciones anteriores, queremos resaltar que en ambas nos hemos referido a unas conclusiones y recomendaciones de mas de mil personas involucradas en el movimiento tur\u00edstico, asistentes a nuestros seminarios-debate celebrados en Brasil en 1973-1975, y a los cientos de graduados en turismo que durante mas de doce a\u00f1os participaron en nuestros estudios de maestr\u00eda <\/strong><em><span style=\"color: #333399;\"><strong>\u201cCalidad Tur\u00edstica-Ambiental Sostenible y<\/strong> <strong>Promoci\u00f3n de la Paz\u201d<\/strong> <strong>desarrollada en las Islas Canarias, con la participaci\u00f3n activa de la Universidad para La Paz, UPAZ<\/strong>, de las <strong>Naciones Unidas<\/strong>, <strong>ONU<\/strong>. <strong>he impartida por nuestros institutos educativos especializados en la ense\u00f1anza del\u00a0 turismo, con mas de cincuenta a\u00f1os de historia. No somos unos advenedizos.<\/strong><\/span><\/em><\/p>\n<p style=\"text-align: justify;\"><span style=\"color: #800080;\"><strong><em>Analizando, como decimos, todo lo que hemos expuesto anteriormente, nos encontramos con un escenario donde son m\u00faltiples las situaciones con elementos intr\u00e9pidos que pululan de forma indiscriminada, alrededor del desarrollo del turismo en sus pa\u00edses &#8211; a veces hasta internacionalmente \u2013 aprovechando para si mismos la marcha poderosa y diligente del sector, sin saber ni tener en cuenta el inmenso e insustituible valor que este movimiento de personas tiene para todo el mundo, tal como hemos desarrollado en las pasadas publicaciones<\/em><\/strong><\/span>.<\/p>\n<div id=\"attachment_46628\" style=\"width: 630px\" class=\"wp-caption aligncenter\"><a href=\"https:\/\/www.turistamagazine.com\/v2\/wp-content\/uploads\/2020\/08\/Torre-de-San-Antonio.jpg\"><img decoding=\"async\" aria-describedby=\"caption-attachment-46628\" class=\"wp-image-46628\" src=\"https:\/\/www.turistamagazine.com\/v2\/wp-content\/uploads\/2020\/08\/Torre-de-San-Antonio.jpg\" alt=\"\" width=\"620\" height=\"443\" srcset=\"https:\/\/www.turistamagazine.com\/v2\/wp-content\/uploads\/2020\/08\/Torre-de-San-Antonio.jpg 800w, https:\/\/www.turistamagazine.com\/v2\/wp-content\/uploads\/2020\/08\/Torre-de-San-Antonio-300x214.jpg 300w, https:\/\/www.turistamagazine.com\/v2\/wp-content\/uploads\/2020\/08\/Torre-de-San-Antonio-768x548.jpg 768w, https:\/\/www.turistamagazine.com\/v2\/wp-content\/uploads\/2020\/08\/Torre-de-San-Antonio-588x420.jpg 588w\" sizes=\"(max-width: 620px) 100vw, 620px\" \/><\/a><p id=\"caption-attachment-46628\" class=\"wp-caption-text\"><span style=\"color: #333399;\"><em>El impresionante restaurante giratorio en la Torre de las Am\u00e9ricas de San Antonio de Texas. Punto \u00fanico de atracci\u00f3n tur\u00edstica de prestigio mundial, obra del ingenio humano y una capacidad profesional de muy alto valor <\/em><\/span><\/p><\/div>\n<p style=\"text-align: justify;\"><strong>No es de extra\u00f1ar entonces, que nos refiramos a nuestras actividades en casi todos los pa\u00edses de Am\u00e9rica, desde las fronteras de M\u00e9xico con EE.UU. hasta la propia Argentina o Uruguay, ya en el cono sur de Suram\u00e9rica. San Antonio de Texas, tambi\u00e9n tiene algo que ver con todo este panorama.<\/strong><\/p>\n<p style=\"text-align: justify;\"><span style=\"color: #800080;\"><strong>LA SITUACI\u00d3N ACTUAL<\/strong><\/span><\/p>\n<p style=\"text-align: justify;\">S<strong>i hacemos un an\u00e1lisis profundo de cuanto hemos expuesto en esas publicaciones y de la postura e intervenci\u00f3n de gobernantes pol\u00edticos y privados, ante el desarrollo del turismo en los pueblos del mundo, podemos emitir un juicio &#8211;\u00a0 y estamos conscientes de ello \u2013que podr\u00e1 ser atinado o no, pero que est\u00e1 sustentado a experiencias, buenas y malas, que servir\u00e1n de punto de partida para la actuaci\u00f3n en los pr\u00f3ximos a\u00f1os en aquellos lugares donde de verdad se quiera trabajar para el desarrollo de la sociedad mundial, sin las taras que suponen las decisiones personales amparadas por la ambici\u00f3n ya sea pol\u00edtica o econ\u00f3mica.<\/strong><\/p>\n<p style=\"text-align: justify;\"><strong>El movimiento tur\u00edstico atraviesa una fase terriblemente conflictiva donde los elementos humanos capacitados deben intervenir <span style=\"color: #800080;\">\u201cde facto\u201d<\/span> si queremos de verdad que la situaci\u00f3n actual se normalice, entendiendo esta <\/strong><strong>normalidad, no como recuperar lo perdido <em>\u2013<span style=\"color: #800080;\"> imposible en la mayor\u00eda de los casos<\/span> \u2013<\/em> sino imbuyendo a la humanidad en la necesidad de olvidar la resiliencia y volver a transitar por el mundo con la alegr\u00eda, el inter\u00e9s, y los deseos de conocimiento que nos estaban acercando a lo que ser\u00eda al mundo en paz que todos debemos desear.<\/strong><\/p>\n<div id=\"attachment_27320\" style=\"width: 630px\" class=\"wp-caption aligncenter\"><a href=\"https:\/\/www.turistamagazine.com\/v2\/wp-content\/uploads\/2017\/01\/La-Estatua-de-la-Libertad-en-Nueva-York-760x500.jpg\"><img decoding=\"async\" aria-describedby=\"caption-attachment-27320\" class=\"wp-image-27320\" src=\"https:\/\/www.turistamagazine.com\/v2\/wp-content\/uploads\/2017\/01\/La-Estatua-de-la-Libertad-en-Nueva-York-760x500.jpg\" alt=\"\" width=\"620\" height=\"408\" \/><\/a><p id=\"caption-attachment-27320\" class=\"wp-caption-text\"><span style=\"color: #333399;\"><em>Impresionante vista de la Estatua de La Libertad, una motivaci\u00f3n suficiente para visitar Nueva York, irresistible para la mayor\u00eda de los habitantes del mundo, con postales como la presente, difundida con la tecnolog\u00eda digital<\/em><\/span><\/p><\/div>\n<p style=\"text-align: justify;\"><strong>En el fondo de todo esto, una econom\u00eda dominante est\u00e1 creando situaciones conflictivas que de no poder remediarse a tiempo, ocasionar\u00e1 a corto y largo plazo, desequilibrios extraordinarios en el mundo, que pueden producir riesgos catastr\u00f3ficos en los pa\u00edses donde sus gobernantes no apoyen obligatoriamente la producci\u00f3n nacional, sus se\u00f1as de identidad naturales y exclusivas, y una educaci\u00f3n selectiva que afiance el conocimientos de todos sus habitantes.<\/strong><\/p>\n<p style=\"text-align: justify;\"><span style=\"color: #800080;\"><strong><em>La estructura humana es la base del sistema donde descansa todo el desarrollo de un pa\u00eds,<\/em><em> por lo cual se hace necesario todo el apoyo posible a este cap\u00edtulo de la ense\u00f1anza y el conocimiento, imprescindibles para consolidar con car\u00e1cter permanente su avance socio-econ\u00f3mico<\/em>.<\/strong><\/span><\/p>\n<p style=\"text-align: justify;\"><span style=\"color: #800080;\"><strong>MOVIMIENTO TUR\u00cdSTICO BASE DE DESARROLLO<\/strong><\/span><\/p>\n<div id=\"attachment_33431\" style=\"width: 630px\" class=\"wp-caption aligncenter\"><a href=\"https:\/\/www.turistamagazine.com\/v2\/wp-content\/uploads\/2018\/02\/Cartagena.jpg\"><img decoding=\"async\" aria-describedby=\"caption-attachment-33431\" class=\"wp-image-33431\" src=\"https:\/\/www.turistamagazine.com\/v2\/wp-content\/uploads\/2018\/02\/Cartagena.jpg\" alt=\"\" width=\"620\" height=\"429\" \/><\/a><p id=\"caption-attachment-33431\" class=\"wp-caption-text\"><em><span style=\"color: #333399;\">Cartagena de Indias, una de las joyas tur\u00edsticas de Colombia, cargada de an\u00e9cdotas y vivencias, en nuestros cursos de turismo, donde incluso ofrecimos uno especial a los polic\u00edas de ciudad, en el a\u00f1o 1973. Esto no exist\u00eda <\/span><\/em><\/p><\/div>\n<p style=\"text-align: justify;\"><strong>Ya no es discutible la influencia de este movimiento sobre el aumento y equilibrio de la calidad de vida de los pueblos. Lo que parec\u00eda una quimera, el turismo lo convirti\u00f3 en una realidad que gracias a las nuevas tecnolog\u00edas podemos comprobar y disfrutar desde nuestras propias casas.<\/strong><\/p>\n<p style=\"text-align: justify;\"><span style=\"color: #800080;\"><em><strong>\u201c<\/strong><\/em><em><strong>Los pueblos ya no dependen de la loter\u00eda, de una mina, o de una victoria militar, saben que su desarrollo es posible con una promoci\u00f3n conjunta y planificada de todos sus recursos naturales y humanos, y que este debe ser el objetivo primordial de su\u00a0 pol\u00edtica\u201d, <\/strong><\/em><\/span><strong><span style=\"color: #333399;\"><em>Manuel Fraga Iribarne, Villa del Mar.1969<\/em><\/span><\/strong><\/p>\n<p style=\"text-align: justify;\"><strong>El mundo necesita de gobernantes ilustrados y capacitados que defiendan sus pa\u00edses sin despreciar el contexto mundial<\/strong> <strong>que le permite ser una parte del todo que mueve a sus habitantes en el deseo de conocer, distribuyendo de paso la riqueza y revalorizando desde sus recursos naturales, hist\u00f3ricos y humanos, hasta la m\u00e1s humilde artesan\u00eda.<\/strong><\/p>\n<div id=\"attachment_19665\" style=\"width: 630px\" class=\"wp-caption aligncenter\"><a href=\"https:\/\/www.turistamagazine.com\/v2\/wp-content\/uploads\/2016\/01\/El-parten\u00f3n.jpg\"><img decoding=\"async\" aria-describedby=\"caption-attachment-19665\" class=\"wp-image-19665\" src=\"https:\/\/www.turistamagazine.com\/v2\/wp-content\/uploads\/2016\/01\/El-parten\u00f3n.jpg\" alt=\"\" width=\"620\" height=\"470\" \/><\/a><p id=\"caption-attachment-19665\" class=\"wp-caption-text\"><span style=\"color: #333399;\"><em>El Parten\u00f3n, Atenas, Grecia. Uno de los monumentos hist\u00f3ricos mas visitados del mundo, meta segura del turismo cultural. F\/ www.tripadvisor.com.pe<\/em><\/span><\/p><\/div>\n<p style=\"text-align: justify;\"><strong>Estamos atravesando una delicada situaci\u00f3n imprevisible donde, una vez m\u00e1s, gobernantes y gobernados tienen que ser conscientes que el turismo es la \u00fanica f\u00f3rmula efectiva que existe en el mundo para poder recuperar la visi\u00f3n que se ha empa\u00f1ado, sin ning\u00fan g\u00e9nero de dudas, por las erradas medidas que se han tomado para combatir un extra\u00f1o virus, del cual todav\u00eda no se sabe con seguridad su procedencia, pero si los resultados f\u00edsicos y econ\u00f3micos que est\u00e1 produciendo.<\/strong><\/p>\n<p style=\"text-align: justify;\"><strong>Insistimos:<\/strong> <span style=\"color: #800080;\"><strong><em>El turismo es la \u00fanica forma efectiva que existe en el mundo para recuperar el status de vida que se extend\u00eda por toda su faz de punta a punta, acabando con la pobreza, culturizando a la humanidad y elevando el nivel de vida de su poblaci\u00f3n.<\/em><\/strong><\/span><\/p>\n<p style=\"text-align: justify;\"><span style=\"color: #800080;\"><strong><em>\u201cEl turismo es riqueza para la persona, para la familia, para la comunidad, pera el mundo entero\u201d <\/em><\/strong><\/span><strong>Organizaci\u00f3n Mundial del Turismo<\/strong>.<\/p>\n<div id=\"attachment_28064\" style=\"width: 630px\" class=\"wp-caption aligncenter\"><a href=\"https:\/\/www.turistamagazine.com\/v2\/wp-content\/uploads\/2017\/03\/remoteImage-8.jpg\"><img decoding=\"async\" aria-describedby=\"caption-attachment-28064\" class=\"wp-image-28064\" src=\"https:\/\/www.turistamagazine.com\/v2\/wp-content\/uploads\/2017\/03\/remoteImage-8.jpg\" alt=\"\" width=\"620\" height=\"528\" \/><\/a><p id=\"caption-attachment-28064\" class=\"wp-caption-text\"><em><span style=\"color: #333399;\">Ante una de las \u201cnuevas\u201d maravillas del mundo, el complejo de Chich\u00e9n-Itz\u00e1, en M\u00e9xico, Pen\u00ednsula de Yucat\u00e1n, uno de los lugares m\u00e1s visitado por los miles de turistas que recorren cada a\u00f1o, el hist\u00f3rico pa\u00eds americano, muy cerca del imponente complejo tur\u00edstico de CANC\u00daN. <\/span><\/em><\/p><\/div>\n<p style=\"text-align: justify;\"><strong>Las condiciones naturales de los pa\u00edses tienen que ser estudiadas y analizadas por aut\u00e9nticos profesionales curtidos por sus experiencias con el suficiente conocimiento para calibrar su importancia y las caracter\u00edsticas especiales que tienen para irrumpir en su desarrollo con las m\u00e1ximas garant\u00edas, y por tanto como un aut\u00e9ntico pa\u00eds tur\u00edstico con una balanza de pagos equilibrada en funci\u00f3n al n\u00famero de sus habitantes, a las dimensiones de su territorio, y a la aut\u00e9ntica valoraci\u00f3n de sus recursos para convertirlos en un oferta posible ante sus propios habitantes y los de car\u00e1cter internacional.<\/strong><\/p>\n<p style=\"text-align: justify;\"><span style=\"color: #800080;\"><strong>EL MUNDO DESEADO<\/strong><\/span><\/p>\n<p style=\"text-align: justify;\"><em><strong>Llegamos entonces a detallar unas conclusiones que matizan cuanto hemos expuesto, se\u00f1alando en primer lugar la necesidad de planificar adecuadamente los recursos naturales del pa\u00eds, para ofrecer la mayor satisfacci\u00f3n posible acorde con \u00a0las exigencias de la sociedad mundial.<\/strong><\/em><\/p>\n<div id=\"attachment_46629\" style=\"width: 630px\" class=\"wp-caption aligncenter\"><a href=\"https:\/\/www.turistamagazine.com\/v2\/wp-content\/uploads\/2020\/08\/teide.jpg\"><img decoding=\"async\" aria-describedby=\"caption-attachment-46629\" class=\"wp-image-46629\" src=\"https:\/\/www.turistamagazine.com\/v2\/wp-content\/uploads\/2020\/08\/teide.jpg\" alt=\"\" width=\"620\" height=\"359\" srcset=\"https:\/\/www.turistamagazine.com\/v2\/wp-content\/uploads\/2020\/08\/teide.jpg 640w, https:\/\/www.turistamagazine.com\/v2\/wp-content\/uploads\/2020\/08\/teide-300x174.jpg 300w, https:\/\/www.turistamagazine.com\/v2\/wp-content\/uploads\/2020\/08\/teide-610x354.jpg 610w\" sizes=\"(max-width: 620px) 100vw, 620px\" \/><\/a><p id=\"caption-attachment-46629\" class=\"wp-caption-text\"><em><span style=\"color: #333399;\">Principal atractivo m\u00edtico para visitar las Islas Canarias, el volc\u00e1n Teide ha sido un reclamo permanente para el turismo, hoy con un telef\u00e9rico que nos lleva hasta su c\u00faspide, una motivaci\u00f3n mas para su visita que cuenta por millones sus usuarios. <\/span><\/em><\/p><\/div>\n<p style=\"text-align: justify;\"><em><strong><span style=\"color: #333399;\">Como segunda medida configurar las t\u00e9cnicas de gesti\u00f3n a los tiempos actuales, evitando las situaciones conflictivas que aparecen en todo ese espectro del desarrollo de los pueblos<\/span><\/strong><\/em>.<\/p>\n<p style=\"text-align: justify;\"><strong><em><span style=\"color: #800080;\">Una tercera necesidad es aplicar un conveniente sistema de planificaci\u00f3n a nivel nacional,\u00a0 regional, municipal, etc. para poder\u00a0 poner en una pr\u00e1ctica segura y eficaz la conservaci\u00f3n del medio ambiente, del medio natural y las se\u00f1as de identidad que nos valoran.<\/span><\/em><\/strong><\/p>\n<p style=\"text-align: justify;\"><em><span style=\"color: #333399;\"><strong>Como especial e indispensable recomendaci\u00f3n, para que estas tres indicaciones tengan la efectividad necesaria, tenemos que la actividad gubernamental debe ir unida, de forma inequ\u00edvoca, a la actividad privada. <\/strong><strong>\u00a0<\/strong><\/span><\/em><\/p>\n<p style=\"text-align: justify;\"><strong><em><span style=\"color: #800080;\">Un claro ejemplo de la efectividad de este opci\u00f3n le hemos tenido en la Espa\u00f1a del desarrollo, con la gesti\u00f3n mod\u00e9lica del IMSERSO, que uni\u00f3 los recursos facilitados por el gobierno espa\u00f1ol, a la colaboraci\u00f3n de las empresas privadas, moviendo por millones el turismo nacional, dentro del propio pa\u00eds.<\/span><\/em><\/strong><\/p>\n<div id=\"attachment_46630\" style=\"width: 630px\" class=\"wp-caption aligncenter\"><a href=\"https:\/\/www.turistamagazine.com\/v2\/wp-content\/uploads\/2020\/08\/Hotel-LLao-Llao.jpg\"><img decoding=\"async\" aria-describedby=\"caption-attachment-46630\" class=\"wp-image-46630\" src=\"https:\/\/www.turistamagazine.com\/v2\/wp-content\/uploads\/2020\/08\/Hotel-LLao-Llao.jpg\" alt=\"\" width=\"620\" height=\"414\" srcset=\"https:\/\/www.turistamagazine.com\/v2\/wp-content\/uploads\/2020\/08\/Hotel-LLao-Llao.jpg 640w, https:\/\/www.turistamagazine.com\/v2\/wp-content\/uploads\/2020\/08\/Hotel-LLao-Llao-300x200.jpg 300w, https:\/\/www.turistamagazine.com\/v2\/wp-content\/uploads\/2020\/08\/Hotel-LLao-Llao-630x420.jpg 630w, https:\/\/www.turistamagazine.com\/v2\/wp-content\/uploads\/2020\/08\/Hotel-LLao-Llao-610x407.jpg 610w\" sizes=\"(max-width: 620px) 100vw, 620px\" \/><\/a><p id=\"caption-attachment-46630\" class=\"wp-caption-text\"><em><span style=\"color: #333399;\"> La espl\u00e9ndida estampa del HOTEL LLAO-LLAO, en Bariloche, Argentina, uno de los hoteles mas lujosos del mundo, modelo donde los haya de la creatividad humana y del poder del movimiento turismo en el mundo. <\/span><\/em><\/p><\/div>\n<p style=\"text-align: justify;\"><em><span style=\"color: #333399;\"><strong>Se hace pues necesario para desarrollar un pa\u00eds, establecer un sistema pr\u00e1ctico que confiera las medidas necesarias para organizar el turismo de forma que su beneficiosa utilidad llegue al alcance de toda su poblaci\u00f3n, creando los \u00f3rganos indispensables de coordinaci\u00f3n de todas sus actividades productivas econ\u00f3micas, sociales, y pol\u00edticas<\/strong>.<\/span><\/em><\/p>\n<p style=\"text-align: justify;\"><span style=\"color: #800080;\"><strong>UN EPILOGO NECESARIO<\/strong><\/span><\/p>\n<div id=\"attachment_33096\" style=\"width: 630px\" class=\"wp-caption aligncenter\"><a href=\"https:\/\/www.turistamagazine.com\/v2\/wp-content\/uploads\/2018\/01\/CIESTCA-1.jpg\"><img decoding=\"async\" aria-describedby=\"caption-attachment-33096\" class=\"wp-image-33096\" src=\"https:\/\/www.turistamagazine.com\/v2\/wp-content\/uploads\/2018\/01\/CIESTCA-1.jpg\" alt=\"\" width=\"620\" height=\"460\" \/><\/a><p id=\"caption-attachment-33096\" class=\"wp-caption-text\"><span style=\"color: #333399;\"><em>Le ense\u00f1anza personalizada, junto a la t\u00e9cnica grupos ocupa uno se los mas exitosos lugares dentro de la revoluci\u00f3n en la ense\u00f1anza que es necesaria, para cambiar el mundo. El modelo se experiment\u00f3 con se\u00f1alado \u00e9xito, en el programa comentado en este reportaje, celebrado en Canarias, durante los a\u00f1os 1999-2012, impartido por el Centro Internacional de Estudios Tur\u00edsticos de Canarias, en conjunto con la Universidad para La Paz, UPAZ, de las Naciones Unidas.<\/em><\/span><\/p><\/div>\n<p style=\"text-align: justify;\"><span style=\"color: #333399;\"><strong><em>Una organizaci\u00f3n adecuada para propiciar el desarrollo equilibrado de un pa\u00eds, tiene que preferentemente ocuparse de los medios educativos. Sin educaci\u00f3n no hay desarrollo<\/em><\/strong>.<\/span> <strong>Entendiendo esta educaci\u00f3n desde un punto de vista econ\u00f3mico hasta el fundamentalmente social, equilibrando todos los valores de la vida del pa\u00eds de acuerdo a los principios b\u00e1sicos de la dignidad humana, en los que \u2013 siguiendo los principios de Rotary Internacional\u201d est\u00e9n presenten<\/strong> <span style=\"color: #333399;\"><strong><em>\u201cla buena fe como norma en nuestras actividades, el aprecio a toda ocupaci\u00f3n \u00fatil y la dignificaci\u00f3n de la propia, en beneficio de la sociedad\u201d<\/em><\/strong><\/span><\/p>\n<p style=\"text-align: justify;\"><strong>El desarrollo de un pa\u00eds es algo posible. Volvemos a copiar al pr\u00f3cer de turismo espa\u00f1ol<\/strong> <strong><em><span style=\"color: #800080;\">D. Manuel Fraga Iribarne<\/span><\/em><\/strong>, <strong>en sus discurso de a\u00f1o 1969, en Vi\u00f1a del Mar:\u00a0<\/strong> <span style=\"color: #800080;\"><strong><em>\u201cEl desarrollo se ha convertido en uno de los grandes temas de nuestro tiempo, y ello por una raz\u00f3n bien sencilla: por primera vez en la historia, se ha convertido en una empresa posible<\/em><\/strong><em>\u201d<\/em><\/span><\/p>\n<div id=\"attachment_30944\" style=\"width: 630px\" class=\"wp-caption aligncenter\"><a href=\"https:\/\/www.turistamagazine.com\/v2\/wp-content\/uploads\/2017\/08\/CANARIAS-EN-MACHU-PICCHU.jpg\"><img decoding=\"async\" aria-describedby=\"caption-attachment-30944\" class=\"wp-image-30944\" src=\"https:\/\/www.turistamagazine.com\/v2\/wp-content\/uploads\/2017\/08\/CANARIAS-EN-MACHU-PICCHU.jpg\" alt=\"\" width=\"620\" height=\"465\" \/><\/a><p id=\"caption-attachment-30944\" class=\"wp-caption-text\"><span style=\"color: #333399;\"><em>Machu Picchu, el hist\u00f3rico asentamiento ritual de Los Andes peruanos, ante la sorpresa de dos visitantes de las Islas Canarias, en el a\u00f1o 2016, de la \u201cEra del conocimiento\u201d. Buena ocasi\u00f3n.<\/em><\/span><\/p><\/div>\n<p style=\"text-align: justify;\"><strong>Ante el escenario que el mundo nos ofrece en la actualidad, y el alcance de sus consecuencias, el movimiento tur\u00edstico se nos ofrece como la \u00fanica soluci\u00f3n posible para la generaci\u00f3n de empleo, el equilibrio econ\u00f3mico de la sociedad mundial, y la posibilidad de que alg\u00fan d\u00eda podamos volver a disfrutar de un bienestar social que no han sabido conservar nuestros gobernantes.<\/strong><\/p>\n<p style=\"text-align: justify;\"><span style=\"color: #800080;\"><strong><em>El desarrollo tur\u00edstico de un pa\u00eds sigue siendo una realidad. La esperanza nos mantiene. \u00a0<\/em><\/strong><\/span><\/p>\n<p style=\"text-align: justify;\"><strong>\u00a0<\/strong><\/p>\n<p style=\"text-align: justify;\">*<strong> Del Grupo de Expertos de la Organizaci\u00f3n Mundial del Turismo.<\/strong><\/p>\n<p style=\"text-align: justify;\"><strong>*Fundador de los Estudios de Turismo en las Islas Canarias (1965)<\/strong><\/p>\n","protected":false},"excerpt":{"rendered":"<p>Una impresionante imagen de las Cataratas de Iguaz\u00fa, en la frontera de Brasil, Argentina y Paraguay, uno de los recursos tur\u00edsticos Naturales, de Am\u00e9rica del Sur \u201cNing\u00fan pa\u00eds del mundo podr\u00e1 desarrollarse debidamente en su entorno socio-econ\u00f3mico, sin adecuarse a la estructura sociol\u00f3gica que ha motivado el movimiento de personas en el mundo: el turismo\u201d M\u00c1S QUE UNA EVIDENTE NECESIDAD \u00a0Por. Antonio-Pedro Tejera Reyes* SERIOS ANTECEDENTES Siguiendo con las l\u00edneas generales de nuestras dos publicaciones anteriores, queremos resaltar que en ambas nos hemos referido a unas conclusiones y recomendaciones de mas de mil personas involucradas en el movimiento tur\u00edstico, asistentes&#8230;<\/p>\n","protected":false},"author":1,"featured_media":46626,"comment_status":"open","ping_status":"open","sticky":false,"template":"","format":"standard","meta":{"footnotes":""},"categories":[85],"tags":[10179,10159,10177,284,10178,749],"class_list":["post-46625","post","type-post","status-publish","format-standard","has-post-thumbnail","hentry","category-colum-invitados","tag-eldesarrolloturisticodeunpaisiii","tag-elenavillarasesoradetesis","tag-macchupicchu","tag-antonio-pedro-tejera-reyes","tag-el-desarrollo-turistico-de-un-pais-iii","tag-turistamagazine"],"_links":{"self":[{"href":"https:\/\/www.turistamagazine.com\/v2\/index.php?rest_route=\/wp\/v2\/posts\/46625","targetHints":{"allow":["GET"]}}],"collection":[{"href":"https:\/\/www.turistamagazine.com\/v2\/index.php?rest_route=\/wp\/v2\/posts"}],"about":[{"href":"https:\/\/www.turistamagazine.com\/v2\/index.php?rest_route=\/wp\/v2\/types\/post"}],"author":[{"embeddable":true,"href":"https:\/\/www.turistamagazine.com\/v2\/index.php?rest_route=\/wp\/v2\/users\/1"}],"replies":[{"embeddable":true,"href":"https:\/\/www.turistamagazine.com\/v2\/index.php?rest_route=%2Fwp%2Fv2%2Fcomments&post=46625"}],"version-history":[{"count":6,"href":"https:\/\/www.turistamagazine.com\/v2\/index.php?rest_route=\/wp\/v2\/posts\/46625\/revisions"}],"predecessor-version":[{"id":46642,"href":"https:\/\/www.turistamagazine.com\/v2\/index.php?rest_route=\/wp\/v2\/posts\/46625\/revisions\/46642"}],"wp:featuredmedia":[{"embeddable":true,"href":"https:\/\/www.turistamagazine.com\/v2\/index.php?rest_route=\/wp\/v2\/media\/46626"}],"wp:attachment":[{"href":"https:\/\/www.turistamagazine.com\/v2\/index.php?rest_route=%2Fwp%2Fv2%2Fmedia&parent=46625"}],"wp:term":[{"taxonomy":"category","embeddable":true,"href":"https:\/\/www.turistamagazine.com\/v2\/index.php?rest_route=%2Fwp%2Fv2%2Fcategories&post=46625"},{"taxonomy":"post_tag","embeddable":true,"href":"https:\/\/www.turistamagazine.com\/v2\/index.php?rest_route=%2Fwp%2Fv2%2Ftags&post=46625"}],"curies":[{"name":"wp","href":"https:\/\/api.w.org\/{rel}","templated":true}]}}