{"id":46622,"date":"2020-08-19T10:23:58","date_gmt":"2020-08-19T15:23:58","guid":{"rendered":"http:\/\/www.turistamagazine.com\/v2\/?p=46622"},"modified":"2020-08-19T10:23:58","modified_gmt":"2020-08-19T15:23:58","slug":"a-partir-del-24-de-agosto-tui-desviar-turistas-de-baleares-a-canarias","status":"publish","type":"post","link":"https:\/\/www.turistamagazine.com\/v2\/?p=46622","title":{"rendered":"A PARTIR DEL 24 DE AGOSTO TUI: DESVIAR TURISTAS DE BALEARES A CANARIAS"},"content":{"rendered":"<p style=\"text-align: center;\"><strong><em><span style=\"color: #333399;\">Playa de Las Canteras, una referencia del nacimiento del turismo en las Islas Canarias, principal atractivo del turismo n\u00f3rdico europeo en los a\u00f1os 60-70 del pasado siglo.<\/span><\/em><\/strong><\/p>\n<p style=\"text-align: justify;\"><strong>19\/08\/2020\/<em><span style=\"color: #800080;\">Canarias.- TUI espera que el Gobierno alem\u00e1n rectifique la recomendaci\u00f3n de no viajar a Baleares y poder salvar parte de la temporada. Mientras los hoteles de Baleares empiezan a preparar el cierre en pleno mes de agosto, el gigante TUI ha decidido desviar turistas hacia Canarias\u00a0 \u00a0a diferencia de Baleares, es una de las regiones espa\u00f1olas que no se encuentran en la lista negra de Alemania por el incremento de casos de coronavirus.<\/span><\/em><\/strong><\/p>\n<p style=\"text-align: justify;\"><strong>TUI, que ha anunciado la suspensi\u00f3n de operaciones en Baleares hasta el 24 de agosto, espera que el Gobierno alem\u00e1n rectifique la recomendaci\u00f3n de no viajar al archipi\u00e9lago balear y poder salvar una parte de la temporada, sobre todo los meses de septiembre y octubre. Baleares recibe m\u00e1s de 7 millones de turistas alemanes cada a\u00f1o.<\/strong><\/p>\n<p style=\"text-align: justify;\"><em><span style=\"color: #800080;\"><strong>El turoperador quiere sustituir a turistas alemanes por visitantes de otras nacionalidades, pero la soluci\u00f3n es la de desviar todas las reservas pendientes de Baleares a Canarias. De hecho, TUI ya est\u00e1 ofreciendo Canarias como alternativa a aquellos turistas alemanes que ten\u00edan reservadas sus vacaciones en Baleares a partir del 24 de agosto.<\/strong><\/span><\/em><\/p>\n<p style=\"text-align: justify;\"><strong>El grupo hotelero Meli\u00e1 considera, seg\u00fan Cinco D\u00edas, que la decisi\u00f3n de Alemania es menos dram\u00e1tica que la adoptada por Gran Breta\u00f1a ya que el Gobierno germano solo obliga a realizar una prueba PCR a los turistas que visiten Baleares, mientras el Reino Unido reclamaba una cuarentena de dos semanas.<\/strong><\/p>\n<p style=\"text-align: justify;\"><em><span style=\"color: #800080;\"><strong>Por ello, sostiene Meli\u00e1, habr\u00e1 muchos turistas que viajen por su cuenta ya que los trayectos a\u00e9reos no han sido suspendidos si bien los mayoristas germanos s\u00ed han anulado los paquetes vacacionales.<\/strong><\/span><\/em><\/p>\n<p><strong>F\/\u00a0Cinco D\u00edas<\/strong><\/p>\n","protected":false},"excerpt":{"rendered":"<p>Playa de Las Canteras, una referencia del nacimiento del turismo en las Islas Canarias, principal atractivo del turismo n\u00f3rdico europeo en los a\u00f1os 60-70 del pasado siglo. 19\/08\/2020\/Canarias.- TUI espera que el Gobierno alem\u00e1n rectifique la recomendaci\u00f3n de no viajar a Baleares y poder salvar parte de la temporada. Mientras los hoteles de Baleares empiezan a preparar el cierre en pleno mes de agosto, el gigante TUI ha decidido desviar turistas hacia Canarias\u00a0 \u00a0a diferencia de Baleares, es una de las regiones espa\u00f1olas que no se encuentran en la lista negra de Alemania por el incremento de casos de coronavirus&#8230;.<\/p>\n","protected":false},"author":1,"featured_media":45424,"comment_status":"open","ping_status":"open","sticky":false,"template":"","format":"standard","meta":{"footnotes":""},"categories":[4,84],"tags":[10175,10176,7471,4050,561,749],"class_list":["post-46622","post","type-post","status-publish","format-standard","has-post-thumbnail","hentry","category-breaking-news","category-internacionales","tag-islascanarias","tag-3turismoenelperu","tag-elenita-villar-asesora-de-tesis-en-turismo","tag-islas-baleares","tag-islas-canarias","tag-turistamagazine"],"_links":{"self":[{"href":"https:\/\/www.turistamagazine.com\/v2\/index.php?rest_route=\/wp\/v2\/posts\/46622","targetHints":{"allow":["GET"]}}],"collection":[{"href":"https:\/\/www.turistamagazine.com\/v2\/index.php?rest_route=\/wp\/v2\/posts"}],"about":[{"href":"https:\/\/www.turistamagazine.com\/v2\/index.php?rest_route=\/wp\/v2\/types\/post"}],"author":[{"embeddable":true,"href":"https:\/\/www.turistamagazine.com\/v2\/index.php?rest_route=\/wp\/v2\/users\/1"}],"replies":[{"embeddable":true,"href":"https:\/\/www.turistamagazine.com\/v2\/index.php?rest_route=%2Fwp%2Fv2%2Fcomments&post=46622"}],"version-history":[{"count":1,"href":"https:\/\/www.turistamagazine.com\/v2\/index.php?rest_route=\/wp\/v2\/posts\/46622\/revisions"}],"predecessor-version":[{"id":46623,"href":"https:\/\/www.turistamagazine.com\/v2\/index.php?rest_route=\/wp\/v2\/posts\/46622\/revisions\/46623"}],"wp:featuredmedia":[{"embeddable":true,"href":"https:\/\/www.turistamagazine.com\/v2\/index.php?rest_route=\/wp\/v2\/media\/45424"}],"wp:attachment":[{"href":"https:\/\/www.turistamagazine.com\/v2\/index.php?rest_route=%2Fwp%2Fv2%2Fmedia&parent=46622"}],"wp:term":[{"taxonomy":"category","embeddable":true,"href":"https:\/\/www.turistamagazine.com\/v2\/index.php?rest_route=%2Fwp%2Fv2%2Fcategories&post=46622"},{"taxonomy":"post_tag","embeddable":true,"href":"https:\/\/www.turistamagazine.com\/v2\/index.php?rest_route=%2Fwp%2Fv2%2Ftags&post=46622"}],"curies":[{"name":"wp","href":"https:\/\/api.w.org\/{rel}","templated":true}]}}