{"id":46617,"date":"2020-08-18T18:24:37","date_gmt":"2020-08-18T23:24:37","guid":{"rendered":"http:\/\/www.turistamagazine.com\/v2\/?p=46617"},"modified":"2020-08-18T18:24:37","modified_gmt":"2020-08-18T23:24:37","slug":"vuelven-los-vuelos-humanitarios-saldran-desde-el-aeropuerto-jorge-chavez-del-18-agosto","status":"publish","type":"post","link":"https:\/\/www.turistamagazine.com\/v2\/?p=46617","title":{"rendered":"VUELVEN LOS VUELOS HUMANITARIOS SALDR\u00c1N DESDE EL AEROPUERTO JORGE CH\u00c1VEZ\u00a0 DEL 18 AGOSTO"},"content":{"rendered":"<p style=\"text-align: justify;\"><strong>18\/08\/2020\/Lima.- <em><span style=\"color: #800080;\">La operadora Lima Airport Partners (LAP) inform\u00f3 que a partir del 18 de agosto, los vuelos de repatriaci\u00f3n ser\u00e1n realizados a trav\u00e9s del Aeropuerto Internacional Jorge Ch\u00e1vez y ya no desde el Grupo A\u00e9reo No. 8 de la Fuerza A\u00e9rea del Per\u00fa.<\/span><\/em><\/strong><\/p>\n<p style=\"text-align: justify;\"><strong>A trav\u00e9s de un comunicado, se indica que estos vuelos son gestionados por Canciller\u00eda peruana y aprobados por el Ministrio de Transportes y Comunicaciones. Adem\u00e1s, el Ministerio de Salud (Minsa) emiti\u00f3 un protocolo de atenci\u00f3n para los pasajeros que entran y salen del Per\u00fa.<\/strong><\/p>\n<p style=\"text-align: justify;\"><em><span style=\"color: #800080;\"><strong>En ese sentido los pasajeros que requieran salir del pa\u00eds ser\u00e1n:<\/strong><\/span><\/em><\/p>\n<p style=\"text-align: justify;\"><strong>Solo podr\u00e1n viajar aquellos pasajeros que no presenten s\u00edntomas relacionados al COVID-19 y que no se encuentren cumpliendo per\u00edodo de aislamiento.<\/strong><\/p>\n<p style=\"text-align: justify;\"><strong>Los pasajeros que sean detectados, antes del embarque, con signos o s\u00edntomas compatibles con el coronavirus se les diagnosticar\u00e1 como casos sospechosos y no podr\u00e1n viajar.<\/strong><\/p>\n<p style=\"text-align: justify;\"><em><span style=\"color: #333399;\"><strong>Para el ingreso al aeropuerto Jorge Ch\u00e1vez y traslado al interior del terminal a\u00e9reo, todos los pasajeros deber\u00e1n usar obligatoriamente la mascarilla, realizar la desinfecci\u00f3n de manos y guardar el distanciamiento exigido.<\/strong><\/span><\/em><\/p>\n<p style=\"text-align: justify;\"><em><span style=\"color: #800080;\"><strong>Los \u00a0pasajeros que necesiten entrar al pa\u00eds:<\/strong><\/span><\/em><\/p>\n<p style=\"text-align: justify;\"><em><span style=\"color: #800080;\"><strong>Antes de la salida del lugar de origen, el pasajero deber\u00e1 completar el formato en l\u00ednea.<\/strong><\/span><\/em><\/p>\n<p style=\"text-align: justify;\"><strong><em><span style=\"color: #800080;\">\u201cDeclaraci\u00f3n Jurada electr\u00f3nica de salud del viajero y compromiso para realizar el aislamiento o cuarentena del viajero\u201d<\/span>, <\/em><span style=\"color: #333399;\">que se encuentra en la web de la Superintendencia Nacional de Migraciones dentro de las 72 horas del viaje.<\/span><\/strong><\/p>\n<p style=\"text-align: justify;\"><span style=\"color: #800080;\"><strong>El viajero que presente alguno de los s\u00edntomas relacionados al COVID-19 no deber\u00e1 realizar el vuelo, ni presentarse al aeropuerto del lugar de salida. Asimismo, de presentar alg\u00fan s\u00edntoma asociado al coronavirus, despu\u00e9s de haber llenado la declaraci\u00f3n jurada, el pasajero no deber\u00e1 realizar el viaje\u2026<\/strong><\/span><\/p>\n","protected":false},"excerpt":{"rendered":"<p>18\/08\/2020\/Lima.- La operadora Lima Airport Partners (LAP) inform\u00f3 que a partir del 18 de agosto, los vuelos de repatriaci\u00f3n ser\u00e1n realizados a trav\u00e9s del Aeropuerto Internacional Jorge Ch\u00e1vez y ya no desde el Grupo A\u00e9reo No. 8 de la Fuerza A\u00e9rea del Per\u00fa. A trav\u00e9s de un comunicado, se indica que estos vuelos son gestionados por Canciller\u00eda peruana y aprobados por el Ministrio de Transportes y Comunicaciones. Adem\u00e1s, el Ministerio de Salud (Minsa) emiti\u00f3 un protocolo de atenci\u00f3n para los pasajeros que entran y salen del Per\u00fa. En ese sentido los pasajeros que requieran salir del pa\u00eds ser\u00e1n: Solo podr\u00e1n&#8230;<\/p>\n","protected":false},"author":1,"featured_media":0,"comment_status":"open","ping_status":"open","sticky":false,"template":"","format":"standard","meta":{"footnotes":""},"categories":[4,82],"tags":[10173,9598,340,749],"class_list":["post-46617","post","type-post","status-publish","format-standard","hentry","category-breaking-news","category-nacionales","tag-vuelvenlosvueloshumanitarios","tag-covid-19","tag-peru","tag-turistamagazine"],"_links":{"self":[{"href":"https:\/\/www.turistamagazine.com\/v2\/index.php?rest_route=\/wp\/v2\/posts\/46617","targetHints":{"allow":["GET"]}}],"collection":[{"href":"https:\/\/www.turistamagazine.com\/v2\/index.php?rest_route=\/wp\/v2\/posts"}],"about":[{"href":"https:\/\/www.turistamagazine.com\/v2\/index.php?rest_route=\/wp\/v2\/types\/post"}],"author":[{"embeddable":true,"href":"https:\/\/www.turistamagazine.com\/v2\/index.php?rest_route=\/wp\/v2\/users\/1"}],"replies":[{"embeddable":true,"href":"https:\/\/www.turistamagazine.com\/v2\/index.php?rest_route=%2Fwp%2Fv2%2Fcomments&post=46617"}],"version-history":[{"count":1,"href":"https:\/\/www.turistamagazine.com\/v2\/index.php?rest_route=\/wp\/v2\/posts\/46617\/revisions"}],"predecessor-version":[{"id":46618,"href":"https:\/\/www.turistamagazine.com\/v2\/index.php?rest_route=\/wp\/v2\/posts\/46617\/revisions\/46618"}],"wp:attachment":[{"href":"https:\/\/www.turistamagazine.com\/v2\/index.php?rest_route=%2Fwp%2Fv2%2Fmedia&parent=46617"}],"wp:term":[{"taxonomy":"category","embeddable":true,"href":"https:\/\/www.turistamagazine.com\/v2\/index.php?rest_route=%2Fwp%2Fv2%2Fcategories&post=46617"},{"taxonomy":"post_tag","embeddable":true,"href":"https:\/\/www.turistamagazine.com\/v2\/index.php?rest_route=%2Fwp%2Fv2%2Ftags&post=46617"}],"curies":[{"name":"wp","href":"https:\/\/api.w.org\/{rel}","templated":true}]}}