{"id":46602,"date":"2020-08-15T10:47:48","date_gmt":"2020-08-15T15:47:48","guid":{"rendered":"http:\/\/www.turistamagazine.com\/v2\/?p=46602"},"modified":"2020-08-15T10:47:48","modified_gmt":"2020-08-15T15:47:48","slug":"solo-canarias-no-esta-en-riesgo-de-covid-si-viajas-a-espana","status":"publish","type":"post","link":"https:\/\/www.turistamagazine.com\/v2\/?p=46602","title":{"rendered":"SOLO CANARIAS NO EST\u00c1 EN RIESGO \u00a0DE COVID SI VIAJAS A ESPA\u00d1A"},"content":{"rendered":"<p style=\"text-align: center;\"><span style=\"color: #333399;\"><em>Espectacular visi\u00f3n del Valle de la Orotava, con el volc\u00e1n Teide al fondo y la Villa de La Orotva al pie de la imagen, Isla de Tenerife, Canarias.\u00a0<\/em><\/span><\/p>\n<p style=\"text-align: center;\"><em><span style=\"color: #800080;\"><strong>Ocupa Novena Posici\u00f3n En La Lista De Casos Importado<\/strong><\/span><\/em><\/p>\n<p style=\"text-align: center;\"><em><span style=\"color: #800080;\"><strong>Se trata de una cifra relativamente baja si se tiene en cuenta que Espa\u00f1a es el destino m\u00e1s popular en este mercado emisor<\/strong><\/span><\/em><\/p>\n<p style=\"text-align: justify;\"><span style=\"color: #000080;\"><strong>15\/08\/2020\/ Espa\u00f1a.- La decisi\u00f3n del Gobierno alem\u00e1n de catalogar a toda Espa\u00f1a, <em><span style=\"color: #800080;\">salvo Islas Canarias<\/span><\/em>, como zona de riesgo, llega despu\u00e9s del fuerte aumento de los contagios en el pa\u00eds, que ayer roz\u00f3 los 1.500 positivos. Sin embargo, muy pocos de los nuevos casos de Covid-19 importados en Alemania corresponden a Espa\u00f1a.<\/strong><\/span><\/p>\n<p style=\"text-align: justify;\"><strong>Seg\u00fan los datos difundidos por su Ministerio de Sanidad, en las \u00faltimas cuatro semanas han contabilizado 107 positivos entre los turistas procedentes de destinos espa\u00f1oles. Se trata de una cifra relativamente baja si se tiene en cuenta que nuestro pa\u00eds es, de largo, el m\u00e1s popular en este mercado emisor.<\/strong><\/p>\n<p style=\"text-align: justify;\"><span style=\"color: #800080;\"><strong><em>Kosovo ocupa la primera posici\u00f3n del listado elaborado por las autoridades alemanas con 1.096 positivos en el mencionado periodo. A pesar de las m\u00faltiples restricciones de viaje, Turqu\u00eda figura en segundo lugar con 501. Les siguen Crocia, Serbia, Bulgaria, Bosnia-Herzegovina, Ruman\u00eda y Polonia, todos ellos con m\u00e1s positivos que Espa\u00f1a.<\/em><\/strong><\/span><\/p>\n<p style=\"text-align: justify;\"><strong>El Instituto Robert Koch (RKI), centro de investigaci\u00f3n responsable del control y prevenci\u00f3n de enfermedades en Alemania, calcula que los ciudadanos que han pasado sus vacaciones en el extranjero est\u00e1n detr\u00e1s de uno de cada tres nuevos casos de Covid-19 detectados. Esto habr\u00eda llevado al pa\u00eds a endurecer las restricciones de viaje.<\/strong><\/p>\n<p>&nbsp;<\/p>\n","protected":false},"excerpt":{"rendered":"<p>Espectacular visi\u00f3n del Valle de la Orotava, con el volc\u00e1n Teide al fondo y la Villa de La Orotva al pie de la imagen, Isla de Tenerife, Canarias.\u00a0 Ocupa Novena Posici\u00f3n En La Lista De Casos Importado Se trata de una cifra relativamente baja si se tiene en cuenta que Espa\u00f1a es el destino m\u00e1s popular en este mercado emisor 15\/08\/2020\/ Espa\u00f1a.- La decisi\u00f3n del Gobierno alem\u00e1n de catalogar a toda Espa\u00f1a, salvo Islas Canarias, como zona de riesgo, llega despu\u00e9s del fuerte aumento de los contagios en el pa\u00eds, que ayer roz\u00f3 los 1.500 positivos. Sin embargo, muy pocos&#8230;<\/p>\n","protected":false},"author":1,"featured_media":0,"comment_status":"open","ping_status":"open","sticky":false,"template":"","format":"standard","meta":{"footnotes":""},"categories":[4,84],"tags":[494,3732,9598,178,10167,340,10168,749],"class_list":["post-46602","post","type-post","status-publish","format-standard","hentry","category-breaking-news","category-internacionales","tag-alemania","tag-canarias","tag-covid-19","tag-espana","tag-instituto-robert-koch","tag-peru","tag-rki","tag-turistamagazine"],"_links":{"self":[{"href":"https:\/\/www.turistamagazine.com\/v2\/index.php?rest_route=\/wp\/v2\/posts\/46602","targetHints":{"allow":["GET"]}}],"collection":[{"href":"https:\/\/www.turistamagazine.com\/v2\/index.php?rest_route=\/wp\/v2\/posts"}],"about":[{"href":"https:\/\/www.turistamagazine.com\/v2\/index.php?rest_route=\/wp\/v2\/types\/post"}],"author":[{"embeddable":true,"href":"https:\/\/www.turistamagazine.com\/v2\/index.php?rest_route=\/wp\/v2\/users\/1"}],"replies":[{"embeddable":true,"href":"https:\/\/www.turistamagazine.com\/v2\/index.php?rest_route=%2Fwp%2Fv2%2Fcomments&post=46602"}],"version-history":[{"count":1,"href":"https:\/\/www.turistamagazine.com\/v2\/index.php?rest_route=\/wp\/v2\/posts\/46602\/revisions"}],"predecessor-version":[{"id":46603,"href":"https:\/\/www.turistamagazine.com\/v2\/index.php?rest_route=\/wp\/v2\/posts\/46602\/revisions\/46603"}],"wp:attachment":[{"href":"https:\/\/www.turistamagazine.com\/v2\/index.php?rest_route=%2Fwp%2Fv2%2Fmedia&parent=46602"}],"wp:term":[{"taxonomy":"category","embeddable":true,"href":"https:\/\/www.turistamagazine.com\/v2\/index.php?rest_route=%2Fwp%2Fv2%2Fcategories&post=46602"},{"taxonomy":"post_tag","embeddable":true,"href":"https:\/\/www.turistamagazine.com\/v2\/index.php?rest_route=%2Fwp%2Fv2%2Ftags&post=46602"}],"curies":[{"name":"wp","href":"https:\/\/api.w.org\/{rel}","templated":true}]}}