{"id":46502,"date":"2020-08-10T18:30:18","date_gmt":"2020-08-10T23:30:18","guid":{"rendered":"http:\/\/www.turistamagazine.com\/v2\/?p=46502"},"modified":"2020-08-10T18:31:12","modified_gmt":"2020-08-10T23:31:12","slug":"se-suspenden-los-vuelos-humanitarios-de-peru","status":"publish","type":"post","link":"https:\/\/www.turistamagazine.com\/v2\/?p=46502","title":{"rendered":"SE SUSPENDEN LOS VUELOS HUMANITARIOS DE PER\u00da"},"content":{"rendered":"<p style=\"text-align: justify;\"><strong>10\/08\/2020\/Lima.- El ministerio de Relaciones Exteriores peruano anunci\u00f3 la\u00a0suspensi\u00f3n de los vuelos humanitarios\u00a0internacionales hasta la segunda quincena de \u00a0agosto, debido a la reubicaci\u00f3n del espacio destinado para su despegue y aterrizaje en el Aeropuerto Internacional Jorge Ch\u00e1vez, aleda\u00f1o a Lima.<\/strong><\/p>\n<p style=\"text-align: justify;\"><strong>Mediante una nota circular dirigida a las misiones diplom\u00e1ticas y consulares acreditadas en el pa\u00eds suramericano, la Direcci\u00f3n General de Protocolo y Ceremonial del Estado se\u00f1al\u00f3 que\u00a0se trata de una transici\u00f3n, pues los vuelos humanitarios dejar\u00e1n las pistas del militar Grupo A\u00e9reo N 8 y pasar\u00e1n a una nueva ubicaci\u00f3n en el Aeropuerto Internacional Jorge Ch\u00e1vez, destinado para vuelos comerciales.<\/strong><\/p>\n<p style=\"text-align: justify;\"><em><span style=\"color: #333399;\"><strong>\u00abEsta fase de transici\u00f3n tomar\u00e1 unos d\u00edas, durante los cuales los vuelos que han sido solicitados y programados para las dos primeras semanas de agosto quedan suspendidos. La fecha para la reanudaci\u00f3n de los vuelos, as\u00ed como los procedimientos que se aplicar\u00e1n para los mismos, ser\u00e1 oportunamente comunicada\u00bb, se\u00f1ala el documento fechado el 5 de agosto.<\/strong><\/span><\/em><\/p>\n<p style=\"text-align: justify;\"><em><span style=\"color: #800080;\"><strong>Vuelos humanitarios por Covid-19<\/strong><\/span><\/em><\/p>\n<p style=\"text-align: justify;\"><strong>Desde que el 21 de marzo el Gobierno estableci\u00f3 la suspensi\u00f3n de la totalidad de sus vuelos comerciales internacionales, Per\u00fa autoriz\u00f3 \u00fanicamente la operaci\u00f3n de los\u00a0vuelos humanitarios,\u00a0coordinados por las embajadas y la canciller\u00eda peruana.<\/strong><\/p>\n<p style=\"text-align: justify;\"><em><span style=\"color: #800080;\"><strong>Durante ese periodo, las aerol\u00edneas comerciales Air France, Iberia, KLM, Delta y Air Europa han operado vuelos de repatriaci\u00f3n con relativa frecuencia desde Lima hacia las ciudades de Par\u00eds, \u00c1msterdam, Madrid, Miami, Los \u00c1ngeles y M\u00e9xico.<\/strong><\/span><\/em><\/p>\n<p style=\"text-align: justify;\"><em><span style=\"color: #800080;\"><strong>A la fecha, seg\u00fan informaci\u00f3n de la Canciller\u00eda peruana, estos vuelos humanitarios han logrado repatriar a m\u00e1s de 30.000 peruanos y a m\u00e1s de 50.000 extranjeros, pero a\u00fan hay ciudadanos varados alrededor del mundo que solicitan su retorno.<\/strong><\/span><\/em><\/p>\n","protected":false},"excerpt":{"rendered":"<p>10\/08\/2020\/Lima.- El ministerio de Relaciones Exteriores peruano anunci\u00f3 la\u00a0suspensi\u00f3n de los vuelos humanitarios\u00a0internacionales hasta la segunda quincena de \u00a0agosto, debido a la reubicaci\u00f3n del espacio destinado para su despegue y aterrizaje en el Aeropuerto Internacional Jorge Ch\u00e1vez, aleda\u00f1o a Lima. Mediante una nota circular dirigida a las misiones diplom\u00e1ticas y consulares acreditadas en el pa\u00eds suramericano, la Direcci\u00f3n General de Protocolo y Ceremonial del Estado se\u00f1al\u00f3 que\u00a0se trata de una transici\u00f3n, pues los vuelos humanitarios dejar\u00e1n las pistas del militar Grupo A\u00e9reo N 8 y pasar\u00e1n a una nueva ubicaci\u00f3n en el Aeropuerto Internacional Jorge Ch\u00e1vez, destinado para vuelos comerciales&#8230;.<\/p>\n","protected":false},"author":1,"featured_media":0,"comment_status":"open","ping_status":"open","sticky":false,"template":"","format":"standard","meta":{"footnotes":""},"categories":[4,82],"tags":[9598,7471,340,10147,749],"class_list":["post-46502","post","type-post","status-publish","format-standard","hentry","category-breaking-news","category-nacionales","tag-covid-19","tag-elenita-villar-asesora-de-tesis-en-turismo","tag-peru","tag-se-suspenden-los-vuelos-humanitarios-de-peru","tag-turistamagazine"],"_links":{"self":[{"href":"https:\/\/www.turistamagazine.com\/v2\/index.php?rest_route=\/wp\/v2\/posts\/46502","targetHints":{"allow":["GET"]}}],"collection":[{"href":"https:\/\/www.turistamagazine.com\/v2\/index.php?rest_route=\/wp\/v2\/posts"}],"about":[{"href":"https:\/\/www.turistamagazine.com\/v2\/index.php?rest_route=\/wp\/v2\/types\/post"}],"author":[{"embeddable":true,"href":"https:\/\/www.turistamagazine.com\/v2\/index.php?rest_route=\/wp\/v2\/users\/1"}],"replies":[{"embeddable":true,"href":"https:\/\/www.turistamagazine.com\/v2\/index.php?rest_route=%2Fwp%2Fv2%2Fcomments&post=46502"}],"version-history":[{"count":1,"href":"https:\/\/www.turistamagazine.com\/v2\/index.php?rest_route=\/wp\/v2\/posts\/46502\/revisions"}],"predecessor-version":[{"id":46503,"href":"https:\/\/www.turistamagazine.com\/v2\/index.php?rest_route=\/wp\/v2\/posts\/46502\/revisions\/46503"}],"wp:attachment":[{"href":"https:\/\/www.turistamagazine.com\/v2\/index.php?rest_route=%2Fwp%2Fv2%2Fmedia&parent=46502"}],"wp:term":[{"taxonomy":"category","embeddable":true,"href":"https:\/\/www.turistamagazine.com\/v2\/index.php?rest_route=%2Fwp%2Fv2%2Fcategories&post=46502"},{"taxonomy":"post_tag","embeddable":true,"href":"https:\/\/www.turistamagazine.com\/v2\/index.php?rest_route=%2Fwp%2Fv2%2Ftags&post=46502"}],"curies":[{"name":"wp","href":"https:\/\/api.w.org\/{rel}","templated":true}]}}