{"id":46444,"date":"2020-08-04T17:39:32","date_gmt":"2020-08-04T22:39:32","guid":{"rendered":"http:\/\/www.turistamagazine.com\/v2\/?p=46444"},"modified":"2020-08-04T17:39:32","modified_gmt":"2020-08-04T22:39:32","slug":"martin-vizcarra-tras-denegacion-de-la-confianza-la-reforma-universitaria-no-se-negocia","status":"publish","type":"post","link":"https:\/\/www.turistamagazine.com\/v2\/?p=46444","title":{"rendered":"MART\u00cdN VIZCARRA TRAS DENEGACI\u00d3N DE LA CONFIANZA: \u201cLA REFORMA UNIVERSITARIA NO SE NEGOCIA\u201d"},"content":{"rendered":"<p style=\"text-align: justify;\">04\/07\/2020\/Lima.-El presidente de la Rep\u00fablica, Mart\u00edn Vizcarra, emiti\u00f3 un pronunciamiento horas despu\u00e9s de que el Congreso le denegar\u00e1 la confianza al Gabinete Pedro Cateriano, en el que asegur\u00f3 que su <span style=\"color: #800080;\"><strong><em>Gobierno no negociar\u00e1 la reforma universitaria que ha emprendido.<\/em><\/strong><\/span><\/p>\n<p style=\"text-align: justify;\"><span style=\"color: #800080;\"><strong><em>\u201cEl c\u00e1lculo pol\u00edtico que no busca el bienestar de la poblaci\u00f3n no ser\u00e1 aceptado, los acomodos bajo intereses particulares no nos har\u00e1n retroceder\u201d,<\/em><\/strong> sostuvo el jefe de Estado.<\/span><\/p>\n<p style=\"text-align: justify;\"><strong><em><span style=\"color: #800080;\">\u201cDesde aqu\u00ed seguiremos impulsando la reforma universitaria, porque los j\u00f3venes son el presente y el futuro del pa\u00eds, y se merecen contar con una educaci\u00f3n de calidad. La reforma universitaria no se negocia\u201d<\/span>,<\/em><\/strong> sentenci\u00f3.<\/p>\n<p style=\"text-align: justify;\">Las palabras de Vizcarra siguen la l\u00ednea de lo expuesto por el saliente jefe del Gabinete, Pedro Cateriano, quien en su \u00faltima alocuci\u00f3n ante el Congreso, esta ma\u00f1ana, dijo que se le \u201cadvirti\u00f3\u201d que no hab\u00eda consenso pol\u00edtico sobre la ratificaci\u00f3n del ministro de Educaci\u00f3n, Mart\u00edn Benavides, por lo que ser\u00eda dif\u00edcil obtener el voto de confianza, cosa que finalmente ocurri\u00f3.<\/p>\n<p style=\"text-align: justify;\"><span style=\"color: #800080;\"><strong><em>\u201cA m\u00ed se me advirti\u00f3 que no hab\u00eda consenso respecto a la ratificaci\u00f3n del ministro de Educaci\u00f3n y que por lo tanto iba ser dif\u00edcil que se me extienda el voto de confianza\u201d<\/em><\/strong>,<\/span> sostuvo minutos antes de que inicie la votaci\u00f3n, que culmin\u00f3 en contra de sus intereses.<\/p>\n<p style=\"text-align: justify;\">En su pronunciamiento, Vizcarra reiter\u00f3 que los j\u00f3venes del pa\u00eds merecen tener <em>\u201cuna educaci\u00f3n de calidad\u201d, por lo que reafirm\u00f3 que no negociar\u00e1 con la reforma universitaria.<\/em><\/p>\n<p style=\"text-align: justify;\"><span style=\"color: #800080;\"><strong><em>\u201cAyer, mientras los congresistas nos mostraban p\u00fablicamente su desacuerdo con la pol\u00edtica de Gobierno propuesta, que con total apertura recibimos, sin decirlo hac\u00edan prevalecer exigencias particulares a las cuales no cederemos\u201d,<\/em><\/strong> se\u00f1al\u00f3 el mandatario.<\/span><\/p>\n<p style=\"text-align: justify;\"><strong><em><span style=\"color: #800080;\">\u201cNegar la confianza a un Gabinete Ministerial recientemente renovado es negarles a los peruanos su derecho a salir adelante. Esta decisi\u00f3n solo genera una incertidumbre innecesaria en las circunstancias actuales\u201d<\/span>,<\/em><\/strong> remarc\u00f3, tras asegurar que aceptar\u00e1 la decisi\u00f3n del Congreso y conformar\u00e1 un nuevo equipo ministerial dentro del plazo de ley.<\/p>\n","protected":false},"excerpt":{"rendered":"<p>04\/07\/2020\/Lima.-El presidente de la Rep\u00fablica, Mart\u00edn Vizcarra, emiti\u00f3 un pronunciamiento horas despu\u00e9s de que el Congreso le denegar\u00e1 la confianza al Gabinete Pedro Cateriano, en el que asegur\u00f3 que su Gobierno no negociar\u00e1 la reforma universitaria que ha emprendido. \u201cEl c\u00e1lculo pol\u00edtico que no busca el bienestar de la poblaci\u00f3n no ser\u00e1 aceptado, los acomodos bajo intereses particulares no nos har\u00e1n retroceder\u201d, sostuvo el jefe de Estado. \u201cDesde aqu\u00ed seguiremos impulsando la reforma universitaria, porque los j\u00f3venes son el presente y el futuro del pa\u00eds, y se merecen contar con una educaci\u00f3n de calidad. La reforma universitaria no se negocia\u201d,&#8230;<\/p>\n","protected":false},"author":1,"featured_media":44801,"comment_status":"open","ping_status":"open","sticky":false,"template":"","format":"standard","meta":{"footnotes":""},"categories":[4,82],"tags":[9598,7471,10129,7926,749],"class_list":["post-46444","post","type-post","status-publish","format-standard","has-post-thumbnail","hentry","category-breaking-news","category-nacionales","tag-covid-19","tag-elenita-villar-asesora-de-tesis-en-turismo","tag-la-reforma-universitaria-no-se-negocia","tag-martin-vizcarra-presidente-del-peru","tag-turistamagazine"],"_links":{"self":[{"href":"https:\/\/www.turistamagazine.com\/v2\/index.php?rest_route=\/wp\/v2\/posts\/46444","targetHints":{"allow":["GET"]}}],"collection":[{"href":"https:\/\/www.turistamagazine.com\/v2\/index.php?rest_route=\/wp\/v2\/posts"}],"about":[{"href":"https:\/\/www.turistamagazine.com\/v2\/index.php?rest_route=\/wp\/v2\/types\/post"}],"author":[{"embeddable":true,"href":"https:\/\/www.turistamagazine.com\/v2\/index.php?rest_route=\/wp\/v2\/users\/1"}],"replies":[{"embeddable":true,"href":"https:\/\/www.turistamagazine.com\/v2\/index.php?rest_route=%2Fwp%2Fv2%2Fcomments&post=46444"}],"version-history":[{"count":1,"href":"https:\/\/www.turistamagazine.com\/v2\/index.php?rest_route=\/wp\/v2\/posts\/46444\/revisions"}],"predecessor-version":[{"id":46445,"href":"https:\/\/www.turistamagazine.com\/v2\/index.php?rest_route=\/wp\/v2\/posts\/46444\/revisions\/46445"}],"wp:featuredmedia":[{"embeddable":true,"href":"https:\/\/www.turistamagazine.com\/v2\/index.php?rest_route=\/wp\/v2\/media\/44801"}],"wp:attachment":[{"href":"https:\/\/www.turistamagazine.com\/v2\/index.php?rest_route=%2Fwp%2Fv2%2Fmedia&parent=46444"}],"wp:term":[{"taxonomy":"category","embeddable":true,"href":"https:\/\/www.turistamagazine.com\/v2\/index.php?rest_route=%2Fwp%2Fv2%2Fcategories&post=46444"},{"taxonomy":"post_tag","embeddable":true,"href":"https:\/\/www.turistamagazine.com\/v2\/index.php?rest_route=%2Fwp%2Fv2%2Ftags&post=46444"}],"curies":[{"name":"wp","href":"https:\/\/api.w.org\/{rel}","templated":true}]}}